{"id":345630,"date":"2025-08-26T16:58:19","date_gmt":"2025-08-26T16:58:19","guid":{"rendered":"https:\/\/www.europesays.com\/fr\/345630\/"},"modified":"2025-08-26T16:58:19","modified_gmt":"2025-08-26T16:58:19","slug":"les-canonniers-sanctionnes-par-la-federation","status":"publish","type":"post","link":"https:\/\/www.europesays.com\/fr\/345630\/","title":{"rendered":"les Canonniers sanctionn\u00e9s par la f\u00e9d\u00e9ration"},"content":{"rendered":"<p><strong>C\u2019est un \u00e9norme coup dur pour les Canonniers et le Metz Basket Club. \u00c9pingl\u00e9s par la <a href=\"https:\/\/www.ffbb.com\/\" rel=\"nofollow noopener\" target=\"_blank\">F\u00e9d\u00e9ration Fran\u00e7aise de basket-ball<\/a>, ils se voient retirer quatre points en championnat.<\/strong><\/p>\n<p>L\u2019annonce est tomb\u00e9e \u00e0 un moment o\u00f9 personne ne s\u2019y attendait. Ce jeudi dans la soir\u00e9e, <a href=\"https:\/\/www.facebook.com\/MetzBasketLesCanonniers\/?locale=fr_FR\" rel=\"nofollow noopener\" target=\"_blank\">le club de basket messin<\/a> publiait un communiqu\u00e9 sur sa page Facebook expliquant la sanction attribu\u00e9e \u00e0 l\u2019\u00e9quipe de Nationale 1 et \u00e0 la structure. \u00ab Nous avons \u00e9t\u00e9 entendus en Commission de Contr\u00f4le de gestion de la F\u00e9d\u00e9ration. Pour plusieurs raisons, notamment des documents administratifs rendus en retard et une pr\u00e9vision budg\u00e9taire qui n\u2019a pas \u00e9t\u00e9 respect\u00e9e, la commission a d\u00e9cid\u00e9 de nous sanctionner de 4 points au championnat pour notre \u00e9quipe de NM1 \u00bb, peut-on lire. S\u2019ajoute \u00e0 cela <strong>une amende de 4 000 euros<\/strong> pour le club.<\/p>\n<p>\u00ab Une d\u00e9cision injuste\u00a0\u00bb<\/p>\n<p>Dans la bagarre pour acc\u00e9der \u00e0 la poule haute de cette deuxi\u00e8me partie de saison, les Canonniers voient donc leur chance d\u2019y parvenir tr\u00e8s fortement s\u2019amoindrir. Un coup de massue pour l\u2019effectif et le staff : \u00ab Ce n\u2019est pas facile d\u2019encaisser ce genre de d\u00e9cisions car nous\u2026 joueurs et staff avons plus l\u2019habitude de nous battre sur le terrain \u00bb, commente Alexandre Palfroy, le coach. <strong>Une d\u00e9cision qualifi\u00e9e d\u2019injuste pour le club qui a d\u00e9cid\u00e9 de faire appel aupr\u00e8s de la commission.<\/strong> Affaire \u00e0 suivre.<\/p>\n<p><img fetchpriority=\"high\" decoding=\"async\" width=\"696\" height=\"798\" src=\"https:\/\/www.europesays.com\/fr\/wp-content\/uploads\/2025\/08\/475818144_1179575600422780_1752076125078069344_n.jpg\" alt=\"\" class=\"wp-image-89361\"   data-recalc-dims=\"1\"\/><\/p>\n<p><strong>Retrouvez toute l\u2019actualit\u00e9 de votre territoire du lundi au vendredi \u00e0 18h dans <a href=\"https:\/\/moselle.tv\/?s=Moselle+Info\" rel=\"nofollow noopener\" target=\"_blank\">Moselle Info<\/a>.<\/strong><\/p>\n","protected":false},"excerpt":{"rendered":"C\u2019est un \u00e9norme coup dur pour les Canonniers et le Metz Basket Club. \u00c9pingl\u00e9s par la F\u00e9d\u00e9ration Fran\u00e7aise&hellip;\n","protected":false},"author":2,"featured_media":345631,"comment_status":"","ping_status":"","sticky":false,"template":"","format":"standard","meta":{"footnotes":""},"categories":[1414],"tags":[1465,1464,1011,27,60],"class_list":{"0":"post-345630","1":"post","2":"type-post","3":"status-publish","4":"format-standard","5":"has-post-thumbnail","7":"category-basket","8":"tag-basket","9":"tag-basketball","10":"tag-fr","11":"tag-france","12":"tag-sports"},"share_on_mastodon":{"url":"https:\/\/pubeurope.com\/@fr\/115096132310893455","error":""},"_links":{"self":[{"href":"https:\/\/www.europesays.com\/fr\/wp-json\/wp\/v2\/posts\/345630","targetHints":{"allow":["GET"]}}],"collection":[{"href":"https:\/\/www.europesays.com\/fr\/wp-json\/wp\/v2\/posts"}],"about":[{"href":"https:\/\/www.europesays.com\/fr\/wp-json\/wp\/v2\/types\/post"}],"author":[{"embeddable":true,"href":"https:\/\/www.europesays.com\/fr\/wp-json\/wp\/v2\/users\/2"}],"replies":[{"embeddable":true,"href":"https:\/\/www.europesays.com\/fr\/wp-json\/wp\/v2\/comments?post=345630"}],"version-history":[{"count":0,"href":"https:\/\/www.europesays.com\/fr\/wp-json\/wp\/v2\/posts\/345630\/revisions"}],"wp:featuredmedia":[{"embeddable":true,"href":"https:\/\/www.europesays.com\/fr\/wp-json\/wp\/v2\/media\/345631"}],"wp:attachment":[{"href":"https:\/\/www.europesays.com\/fr\/wp-json\/wp\/v2\/media?parent=345630"}],"wp:term":[{"taxonomy":"category","embeddable":true,"href":"https:\/\/www.europesays.com\/fr\/wp-json\/wp\/v2\/categories?post=345630"},{"taxonomy":"post_tag","embeddable":true,"href":"https:\/\/www.europesays.com\/fr\/wp-json\/wp\/v2\/tags?post=345630"}],"curies":[{"name":"wp","href":"https:\/\/api.w.org\/{rel}","templated":true}]}}