{"id":345634,"date":"2025-08-26T17:00:23","date_gmt":"2025-08-26T17:00:23","guid":{"rendered":"https:\/\/www.europesays.com\/fr\/345634\/"},"modified":"2025-08-26T17:00:23","modified_gmt":"2025-08-26T17:00:23","slug":"mclaren-au-top-alpine-fait-flop-la-formule-1-a-lheure-de-la-reprise-apres-la-pause-estivale","status":"publish","type":"post","link":"https:\/\/www.europesays.com\/fr\/345634\/","title":{"rendered":"McLaren au top, Alpine fait flop\u2026 La Formule 1 \u00e0 l\u2019heure de la reprise apr\u00e8s la pause estivale"},"content":{"rendered":"<p>Oscar Piastri ou Lando Norris\u00a0? \u00c0 l\u2019heure de la reprise sur le circuit de Zandvoort, aux Pays-Bas, les pronostics s\u2019affinent autour de l\u2019identit\u00e9 du futur champion du monde de Formule 1. De fait, alors qu\u2019il reste encore dix Grands Prix \u00e0 disputer, il n\u2019y a pas grand monde pour douter que le titre puisse \u00e9chapper \u00e0 l\u2019un des deux pilotes McLaren tellement l\u2019\u00e9curie tango domine cette saison de la t\u00eate et des \u00e9paules avec sa MCL39, bijou de d\u00e9veloppement et d\u2019optimisation motoris\u00e9 par Mercedes. Reste \u00e0 savoir lequel coiffera sa premi\u00e8re couronne mondiale\u2026 \u00c0 la sortie de l\u2019\u00e9t\u00e9, l\u2019Australien Piastri (six victoires) m\u00e8ne la danse. Mais l\u2019\u00e9cart est mince, seulement neuf points d\u2019avance sur son co\u00e9quipier britannique (cinq victoires).<\/p>\n<p>Zak Brown, la t\u00eate pensante de McLaren, a lui d\u00e9cid\u00e9 de ne pas choisir, confessant d\u2019entr\u00e9e que ses deux poulains \u00e9taient libres de s\u2019attaquer, \u00e0 condition de rester dans les clous de la biens\u00e9ance sportive, de ne pas ob\u00e9rer la r\u00e9ussite collective et d\u2019\u00e9viter la casse. Pour l\u2019heure, \u00e0 l\u2019exception d\u2019un accrochage au Canada, la strat\u00e9gie fonctionne. Mais qu\u2019en sera-t-il le jour o\u00f9 McLaren aura assur\u00e9 son titre constructeur\u00a0? Un sacre pr\u00e9coce de l\u2019\u00e9curie britannique sera forc\u00e9ment de nature \u00e0 inciter les deux favoris \u00e0 faire fi de toute prudence et \u00e0 pousser le curseur de la prise de risque \u00e0 son maximum\u2026<\/p>\n<p>        <img decoding=\"async\" id=\"23746836\" src=\"https:\/\/www.europesays.com\/fr\/wp-content\/uploads\/2025\/08\/20250323094508-2849712.jpg\" alt=\"Le titre semble promis \u00e0 l\u2019un des deux pilotes McLaren.\" itemprop=\"contentURL\"\/><\/p>\n<p>    Le titre semble promis \u00e0 l\u2019un des deux pilotes McLaren.<\/p>\n<p>AFP<\/p>\n<p>    La d\u00e9ception Hamilton<\/p>\n<p>Derri\u00e8re McLaren, la concurrence en est donc r\u00e9duite \u00e0 ramasser les miettes. Avec 97\u00a0points de retard sur Piastri, Max Verstappen, troisi\u00e8me, a quasiment fait une croix sur ses ambitions de quintupl\u00e9. En signant deux victoires \u00e0 Suzuka et Imola, \u00ab\u00a0Super Max\u00a0\u00bb a tout juste limit\u00e9 la casse avec la grinta qu\u2019on lui conna\u00eet, au volant d\u2019une monoplace r\u00e9calcitrante, alors qu\u2019en coulisses, la puissante \u00e9curie Red Bull n\u2019a jamais paru aussi instable. En quelques mois, elle a essuy\u00e9 le d\u00e9part de son ing\u00e9nieur vedette Adrian Newey chez Aston Martin, la r\u00e9trogradation express du rookie Liam Lawson dans l\u2019\u00e9curie s\u0153ur Racing Bulls, son remplacement par Yuki Tsunoda (qui n\u2019a pas fait beaucoup mieux) et, surtout, le limogeage de son \u00ab\u00a0team principal\u00a0\u00bb historique Christian Horner, \u00e9vinc\u00e9 au profit du Fran\u00e7ais Laurent Mekies\u2026<\/p>\n<p>Chez Ferrari, ce n\u2019est pas vraiment mieux. La lune de miel annonc\u00e9e apr\u00e8s le mariage entre la Scuderia et Lewis Hamilton, avec la b\u00e9n\u00e9diction du boss de la maison rouge Fr\u00e9d\u00e9ric Vasseur, a tourn\u00e9 court\u00a0: une petite victoire lors de la course sprint en Chine et puis c\u2019est \u00e0 peu pr\u00e8s tout. \u00c0 la sortie d\u2019une s\u00e9ance de qualifications compl\u00e8tement rat\u00e9e en Hongrie (douzi\u00e8me alors que son co\u00e9quipier <a href=\"https:\/\/www.sudouest.fr\/sport\/f1-charles-leclerc-en-pole-position-du-gp-de-hongrie-devant-les-mclaren-25457018.php\" target=\"_blank\" rel=\"follow noopener\">Charles Leclerc arrachait la pole<\/a>), le septuple champion du monde n\u2019a m\u00eame pas cach\u00e9 sa grosse d\u00e9prime du moment, jetant un doute sur la poursuite de son aventure avec Ferrari\u2026 Finalement, il n\u2019y a gu\u00e8re que Mercedes pour tirer (un peu) son \u00e9pingle du jeu. Et elle le doit essentiellement \u00e0 George Russell, victorieux \u00e0 Montr\u00e9al et mont\u00e9 \u00e0 six reprises sur le podium, tandis que Kimi Antonelli, 19\u00a0ans tout juste, parfait son apprentissage.<\/p>\n<p>Alpine au fond du seau<\/p>\n<p>Pour le reste, cette premi\u00e8re grosse moiti\u00e9 de saison a \u00e9t\u00e9 marqu\u00e9e par l\u2019arriv\u00e9e plut\u00f4t r\u00e9ussie d\u2019Esteban Ocon chez Haas, les belles performances du rookie fran\u00e7ais de Racing Bulls Isack Hadjar et de l\u2019\u00e9curie Kick Sauber (avec le premier podium r\u00e9jouissant du v\u00e9t\u00e9ran Nico H\u00fclkenberg pour sa 239e course, \u00e0 Silverstone) pourtant habitu\u00e9e \u00e0 fermer la marche. Mais cette ann\u00e9e, la lanterne rouge est scotch\u00e9e sur la porte du garage Alpine. Sixi\u00e8me l\u2019an pass\u00e9 gr\u00e2ce \u00e0 un double podium inesp\u00e9r\u00e9 au Br\u00e9sil, l\u2019\u00e9curie fran\u00e7aise v\u00e9g\u00e8te au fond du seau. Pierre Gasly, vingt unit\u00e9s au compteur, fait ce qu\u2019il peut, Franco Colapinto n\u2019est toujours pas rentr\u00e9 dans les points. Et il n\u2019y a aucune raison pour que cela change d\u2019ici la fin de la saison, le 7\u00a0d\u00e9cembre \u00e0 Abu Dhabi.<\/p>\n<p>Ce jour-l\u00e0, \u00e0 l\u2019aube d\u2019un bouleversement r\u00e9glementaire majeur pour la F1 (monoplaces moins larges et moins lourdes, motorisation toujours plus hybride, disparition du DRS au profit d\u2019un nouveau syst\u00e8me de r\u00e9glages a\u00e9rodynamiques actifs), le moteur Renault, pouss\u00e9 vers la retraite par le revenant Flavio Briatore, fera ses adieux \u00e0 la Formule\u00a01. En 2026, Alpine sera \u00e9quip\u00e9e d\u2019un moteur Mercedes, mettant fin \u00e0 pr\u00e8s d\u2019un demi-si\u00e8cle d\u2019histoire pour Renault dans la plus prestigieuse des comp\u00e9titions automobiles. Une histoire riche de douze titres constructeurs, durant laquelle Nigel Mansell, Alain Prost, Michael Schumacher, Damon Hill, Jacques Villeneuve, Fernando Alonso et Sebastian Vettel auront roul\u00e9, avec la marque au losange, sur le toit du monde. Une autre \u00e9poque\u2026<\/p>\n<p>    Grand Prix des Pays-Bas<br \/>\n<strong>Vendredi 29\u00a0ao\u00fbt<\/strong>\u00a0<strong>:<\/strong> essais libres 1 \u00e0 12\u00a0h\u00a030, essais libres 2 \u00e0 16 heures. <strong>Samedi 30\u00a0ao\u00fbt<\/strong>\u00a0<strong>:<\/strong> essais libres 3 \u00e0 11\u00a0h\u00a030, qualifications \u00e0 15 heures. <strong>Dimanche 31\u00a0ao\u00fbt<\/strong>\u00a0<strong>:<\/strong> Grand Prix \u00e0 15 heures.<\/p>\n","protected":false},"excerpt":{"rendered":"Oscar Piastri ou Lando Norris\u00a0? \u00c0 l\u2019heure de la reprise sur le circuit de Zandvoort, aux Pays-Bas, les&hellip;\n","protected":false},"author":2,"featured_media":345635,"comment_status":"","ping_status":"","sticky":false,"template":"","format":"standard","meta":{"footnotes":""},"categories":[1412],"tags":[1451,1452,1453,1454,1455,1011,27,60],"class_list":{"0":"post-345634","1":"post","2":"type-post","3":"status-publish","4":"format-standard","5":"has-post-thumbnail","7":"category-f1","8":"tag-f1","9":"tag-formula-1","10":"tag-formula1","11":"tag-formule-1","12":"tag-formule1","13":"tag-fr","14":"tag-france","15":"tag-sports"},"share_on_mastodon":{"url":"https:\/\/pubeurope.com\/@fr\/115096140162916563","error":""},"_links":{"self":[{"href":"https:\/\/www.europesays.com\/fr\/wp-json\/wp\/v2\/posts\/345634","targetHints":{"allow":["GET"]}}],"collection":[{"href":"https:\/\/www.europesays.com\/fr\/wp-json\/wp\/v2\/posts"}],"about":[{"href":"https:\/\/www.europesays.com\/fr\/wp-json\/wp\/v2\/types\/post"}],"author":[{"embeddable":true,"href":"https:\/\/www.europesays.com\/fr\/wp-json\/wp\/v2\/users\/2"}],"replies":[{"embeddable":true,"href":"https:\/\/www.europesays.com\/fr\/wp-json\/wp\/v2\/comments?post=345634"}],"version-history":[{"count":0,"href":"https:\/\/www.europesays.com\/fr\/wp-json\/wp\/v2\/posts\/345634\/revisions"}],"wp:featuredmedia":[{"embeddable":true,"href":"https:\/\/www.europesays.com\/fr\/wp-json\/wp\/v2\/media\/345635"}],"wp:attachment":[{"href":"https:\/\/www.europesays.com\/fr\/wp-json\/wp\/v2\/media?parent=345634"}],"wp:term":[{"taxonomy":"category","embeddable":true,"href":"https:\/\/www.europesays.com\/fr\/wp-json\/wp\/v2\/categories?post=345634"},{"taxonomy":"post_tag","embeddable":true,"href":"https:\/\/www.europesays.com\/fr\/wp-json\/wp\/v2\/tags?post=345634"}],"curies":[{"name":"wp","href":"https:\/\/api.w.org\/{rel}","templated":true}]}}