{"id":345636,"date":"2025-08-26T17:01:14","date_gmt":"2025-08-26T17:01:14","guid":{"rendered":"https:\/\/www.europesays.com\/fr\/345636\/"},"modified":"2025-08-26T17:01:14","modified_gmt":"2025-08-26T17:01:14","slug":"pauline-ferrand-prevot-vainqueure-du-tour-de-france-participera-aux-championnats-du-monde-en-septembre","status":"publish","type":"post","link":"https:\/\/www.europesays.com\/fr\/345636\/","title":{"rendered":"Pauline Ferrand-Pr\u00e9vot, vainqueure du Tour de France, participera aux championnats du monde en septembre"},"content":{"rendered":"<p>        <img decoding=\"async\" loading=\"lazy\" src=\"https:\/\/www.europesays.com\/fr\/wp-content\/uploads\/2025\/08\/3c7ab08_upload-1-vsy5eaprq33y-afp-20250803-68n76ac-v5-highres-topshotcyclingfratdf2025womenstage9.jp.jpeg\"  width=\"728\" height=\"410\" alt=\"Pauline Ferrand-Pr\u00e9vot, ici lors de sa victoire sur le Tour de France, disputera bien les championnats du monde au Rwanda. \"\/>  <\/p>\n<p>JULIEN DE ROSA \/ AFP<\/p>\n<p>Pauline Ferrand-Pr\u00e9vot, ici lors de sa victoire sur le Tour de France, disputera bien les championnats du monde au Rwanda. <\/p>\n<p class=\"asset asset-text\">CYCLISME &#8211; Un deuxi\u00e8me titre, onze ans plus tard. Voil\u00e0 l\u2019objectif de fin de saison pour <a href=\"https:\/\/www.huffingtonpost.fr\/sport\/article\/la-victoire-de-pauline-ferrand-prevot-sur-le-tour-de-france-racontee-dans-ce-docu-emouvant_253690.html\" rel=\"nofollow noopener\" target=\"_blank\">Pauline Ferrand-Pr\u00e9vot<\/a>, d\u00e9j\u00e0 sacr\u00e9e championne du monde sur route en 2014. La r\u00e9cente vainqueure du <a href=\"https:\/\/www.huffingtonpost.fr\/sport\/article\/tour-de-france-2025-la-francaise-pauline-ferrand-prevot-l-emporte-une-premiere-depuis-jeannie-longo_253236.html\" rel=\"nofollow noopener\" target=\"_blank\">Tour de France<\/a> sera en effet la t\u00eate d\u2019affiche de l\u2019\u00e9quipe de France aux mondiaux pr\u00e9vu le 27\u00a0septembre \u00e0 Kigali au Rwanda.<\/p>\n<p class=\"asset asset-text\">\u00ab\u00a0Pauline a vraiment une grosse envie de r\u00e9aliser quelque chose. Physiquement, elle est au top. Et psychologiquement, elle a une envie \u00e9norme\u00a0\u00bb, a expliqu\u00e9 ce mardi 26\u00a0ao\u00fbt le s\u00e9lectionneur de l\u2019\u00e9quipe de France f\u00e9minine, Paul Brousse. Il voit la participation de la R\u00e9moise comme une \u00ab\u00a0superbe nouvelle\u00a0\u00bb d\u2019autant qu\u2019elle aura \u00ab\u00a0d\u2019\u00e9normes ambitions\u00a0\u00bb.<\/p>\n<p class=\"asset asset-text\">Comme le rappelle <a href=\"https:\/\/www.lequipe.fr\/Cyclisme-sur-route\/Actualites\/Pauline-ferrand-prevot-va-finalement-participer-aux-championnats-du-monde-au-rwanda-et-l-equipe-de-france-sera-impressionnante\/1587658\" target=\"_blank\" rel=\"noopener nofollow\" title=\"Nouvelle fen\u00eatre\">L\u2019\u00c9quipe<\/a>, elle avait dans un premier temps mis sa participation entre parenth\u00e8ses. Mais PFP a fait \u00e9voluer sa d\u00e9cision depuis sa victoire historique sur la Grande Boucle. \u00ab\u00a0Des discussions ont eu lieu apr\u00e8s le Tour de France. Pauline a vraiment repris go\u00fbt \u00e0 la route. C\u2019est une superbe nouvelle\u00a0\u00bb, a repris le s\u00e9lectionneur qui a discut\u00e9 aussi avec l\u2019\u00e9quipe n\u00e9erlandaise Visma Lease a Bike.<\/p>\n<p>    L\u2019\u00e9quipe de France tr\u00e8s bien arm\u00e9e pour le titre    <\/p>\n<p class=\"asset asset-text\">Fin septembre sur un circuit montagneux, la Fran\u00e7aise pourra compter sur le soutien d\u2019une \u00e9quipe solide compos\u00e9e notamment des grimpeuses Juliette Labous et Evita Muzic \u00e0 qui le parcours \u00e0 fort d\u00e9nivel\u00e9 positif convient \u00e9galement tr\u00e8s bien. L\u00e9a Curinier, C\u00e9drine Kerbaol, Juliette Labous, Marie Le\u00a0Net et Ma\u00ebva Squiban (double vainqueure d\u2019\u00e9tape sur le dernier Tour de France) compl\u00e9teront l\u2019effectif tricolore.<\/p>\n<p class=\"asset asset-text\">Pauline Ferrand-Pr\u00e9vot a remport\u00e9 un premier titre mondial lors de sa premi\u00e8re carri\u00e8re sur la route avant qu\u2019elle se consacre au VTT. <a href=\"https:\/\/www.huffingtonpost.fr\/sport\/article\/de-l-obsession-des-jo-au-reve-du-tour-de-france-pauline-ferrand-prevot-une-championne-hors-normes_253232.html\" rel=\"nofollow noopener\" target=\"_blank\">Avant son titre olympique \u00e0 Paris en 2024<\/a>, elle a conquis une dizaine de titres mondiaux dans les sous-bois auxquels elle a ajout\u00e9 un titre de championne du monde de cyclo-cross et un en gravel. Un seul titre manque \u00e0 son palmar\u00e8s, celui de championne du monde du contre-la-montre\u00a0; elle ne disputera pas cette course au Rwanda.<\/p>\n","protected":false},"excerpt":{"rendered":"JULIEN DE ROSA \/ AFP Pauline Ferrand-Pr\u00e9vot, ici lors de sa victoire sur le Tour de France, disputera&hellip;\n","protected":false},"author":2,"featured_media":326519,"comment_status":"","ping_status":"","sticky":false,"template":"","format":"standard","meta":{"footnotes":""},"categories":[1411],"tags":[1154,207,1011,27,517,60,210],"class_list":{"0":"post-345636","1":"post","2":"type-post","3":"status-publish","4":"format-standard","5":"has-post-thumbnail","7":"category-cyclisme","8":"tag-cycling","9":"tag-cyclisme","10":"tag-fr","11":"tag-france","12":"tag-sport","13":"tag-sports","14":"tag-tour-de-france"},"share_on_mastodon":{"url":"https:\/\/pubeurope.com\/@fr\/115096144052354583","error":""},"_links":{"self":[{"href":"https:\/\/www.europesays.com\/fr\/wp-json\/wp\/v2\/posts\/345636","targetHints":{"allow":["GET"]}}],"collection":[{"href":"https:\/\/www.europesays.com\/fr\/wp-json\/wp\/v2\/posts"}],"about":[{"href":"https:\/\/www.europesays.com\/fr\/wp-json\/wp\/v2\/types\/post"}],"author":[{"embeddable":true,"href":"https:\/\/www.europesays.com\/fr\/wp-json\/wp\/v2\/users\/2"}],"replies":[{"embeddable":true,"href":"https:\/\/www.europesays.com\/fr\/wp-json\/wp\/v2\/comments?post=345636"}],"version-history":[{"count":0,"href":"https:\/\/www.europesays.com\/fr\/wp-json\/wp\/v2\/posts\/345636\/revisions"}],"wp:featuredmedia":[{"embeddable":true,"href":"https:\/\/www.europesays.com\/fr\/wp-json\/wp\/v2\/media\/326519"}],"wp:attachment":[{"href":"https:\/\/www.europesays.com\/fr\/wp-json\/wp\/v2\/media?parent=345636"}],"wp:term":[{"taxonomy":"category","embeddable":true,"href":"https:\/\/www.europesays.com\/fr\/wp-json\/wp\/v2\/categories?post=345636"},{"taxonomy":"post_tag","embeddable":true,"href":"https:\/\/www.europesays.com\/fr\/wp-json\/wp\/v2\/tags?post=345636"}],"curies":[{"name":"wp","href":"https:\/\/api.w.org\/{rel}","templated":true}]}}