{"id":345637,"date":"2025-08-26T17:02:10","date_gmt":"2025-08-26T17:02:10","guid":{"rendered":"https:\/\/www.europesays.com\/fr\/345637\/"},"modified":"2025-08-26T17:02:10","modified_gmt":"2025-08-26T17:02:10","slug":"apres-lol-matic-sengage-librement-avec-sassuolo","status":"publish","type":"post","link":"https:\/\/www.europesays.com\/fr\/345637\/","title":{"rendered":"apr\u00e8s l&rsquo;OL, Matic s&rsquo;engage librement avec Sassuolo"},"content":{"rendered":"<p>                            <img width=\"770\" height=\"433\" src=\"https:\/\/www.europesays.com\/fr\/wp-content\/uploads\/2025\/08\/GzRJneqWEAAV6S2-770x433.jpeg\" class=\"attachment-article size-article wp-post-image\" alt=\"Nemanja Matic rejoint Sassuolo\" decoding=\"async\" fetchpriority=\"high\"  \/><\/p>\n<p>Nemanja Matic rejoint Sassuolo (@SassuoloUS)<\/p>\n<p>Alors qu&rsquo;il a trouv\u00e9 un accord \u00e0 l&rsquo;amiable avec l&rsquo;OL pour \u00eatre libre, Nemanja Matic portera officiellement les couleurs de Sassuolo cette saison.<\/p>\n<p><strong>L&rsquo;OL\u00a0<\/strong>s&rsquo;est lib\u00e9r\u00e9 d&rsquo;un poids. \u00c9conomique, bien s\u00fbr, puisque les qualit\u00e9s de Nemanja\u00a0<strong>Matic\u00a0<\/strong>ne sont plus \u00e0 prouver. Il avait largement contribu\u00e9 au sauvetage de\u00a0<strong>l&rsquo;OL\u00a0<\/strong>en Ligue 1 sous les ordres de Pierre\u00a0<strong>Sage\u00a0<\/strong>lors de la saison 2023-2024. Oui, mais voil\u00e0,\u00a0<strong>l&rsquo;OL\u00a0<\/strong>a souffert cet \u00e9t\u00e9 et a fr\u00f4l\u00e9 la catastrophe. L&rsquo;effectif s&rsquo;est redessin\u00e9 progressivement jusqu&rsquo;\u00e0 donner un air de renouveau. Nemanja\u00a0<strong>Matic\u00a0<\/strong>en a fait les frais. D&rsquo;une part, \u00e0 cause de ses \u00e9moluments, estim\u00e9s \u00e0 400 000 euros par mois. D&rsquo;autre part, car il ne faisait plus vraiment partie du nouveau plan de jeu adopt\u00e9 par Paulo\u00a0<strong>Fonseca<\/strong>, avec un effectif davantage ax\u00e9 sur la jeunesse.<\/p>\n<p>La Dolce Vita pour terminer en beaut\u00e9<\/p>\n<p>On l&rsquo;\u00e9voquait, Nemanja\u00a0<strong>Matic\u00a0<\/strong>n&rsquo;a plus rien \u00e0 prouver.\u00a0<strong>Chelsea<\/strong>,\u00a0<strong>Benfica Lisbonne<\/strong>,\u00a0<strong>Manchester United<\/strong>,\u00a0<strong>l&rsquo;AS<\/strong>\u00a0<strong>Rome<\/strong>. Le Serbe dispose d&rsquo;un certain pedigree qu&rsquo;il tentera d&rsquo;apporter au mieux avec sa nouvelle \u00e9quipe cette saison. Le joueur de 37 ans a \u00e9t\u00e9 annonc\u00e9 ce mardi matin par son nouveau club de\u00a0<strong>Sassuolo<\/strong>. Cela faisait\u00a0<a href=\"https:\/\/www.olympique-et-lyonnais.com\/mercato-apres-lol-matic-va-retrouver-la-serie-a,376764.html\" target=\"_blank\" rel=\"noreferrer noopener nofollow\">d\u00e9j\u00e0 une semaine<\/a>\u00a0que les deux partis \u00e9taient tomb\u00e9s d&rsquo;accord. C&rsquo;est d\u00e9sormais officiel, Nemanja\u00a0<strong>Matic\u00a0<\/strong>s&rsquo;est engag\u00e9 librement avec\u00a0<strong>Sassuolo\u00a0<\/strong>pour une saison plus une ann\u00e9e en option. L&rsquo;occasion pour lui de retrouver la Serie A et Fabio\u00a0<strong>Grosso<\/strong>\u00a0aux commandes de l&rsquo;\u00e9quipe apr\u00e8s son exp\u00e9rience rat\u00e9e \u00e0\u00a0<strong>l&rsquo;OL<\/strong>.<\/p>\n<p>\t\t\t\t\t<a href=\"https:\/\/www.olympique-et-lyonnais.com\/ol-om-greif-doit-etre-titulaire,377124.html\" title=\"OL - OM : Greif &quot;doit \u00eatre titulaire&quot;\" rel=\"nofollow noopener\" target=\"_blank\"><img loading=\"lazy\" width=\"580\" height=\"326\" src=\"https:\/\/www.europesays.com\/fr\/wp-content\/uploads\/2025\/08\/Gyt06-VXoAAOKrO-e1756211214928-580x326.jpeg\" class=\"attachment-actularge size-actularge wp-post-image\" alt=\"Dominik Greif, gardien de l'OL\" decoding=\"async\"  \/>\t\t\t\t\t<\/a><\/p>\n","protected":false},"excerpt":{"rendered":"Nemanja Matic rejoint Sassuolo (@SassuoloUS) Alors qu&rsquo;il a trouv\u00e9 un accord \u00e0 l&rsquo;amiable avec l&rsquo;OL pour \u00eatre libre,&hellip;\n","protected":false},"author":2,"featured_media":345638,"comment_status":"","ping_status":"","sticky":false,"template":"","format":"standard","meta":{"footnotes":""},"categories":[1410],"tags":[63,1011,27,1434,48177,241,60],"class_list":{"0":"post-345637","1":"post","2":"type-post","3":"status-publish","4":"format-standard","5":"has-post-thumbnail","7":"category-football","8":"tag-football","9":"tag-fr","10":"tag-france","11":"tag-mercato","12":"tag-nemanja-matic","13":"tag-ol","14":"tag-sports"},"share_on_mastodon":{"url":"https:\/\/pubeurope.com\/@fr\/115096148067847894","error":""},"_links":{"self":[{"href":"https:\/\/www.europesays.com\/fr\/wp-json\/wp\/v2\/posts\/345637","targetHints":{"allow":["GET"]}}],"collection":[{"href":"https:\/\/www.europesays.com\/fr\/wp-json\/wp\/v2\/posts"}],"about":[{"href":"https:\/\/www.europesays.com\/fr\/wp-json\/wp\/v2\/types\/post"}],"author":[{"embeddable":true,"href":"https:\/\/www.europesays.com\/fr\/wp-json\/wp\/v2\/users\/2"}],"replies":[{"embeddable":true,"href":"https:\/\/www.europesays.com\/fr\/wp-json\/wp\/v2\/comments?post=345637"}],"version-history":[{"count":0,"href":"https:\/\/www.europesays.com\/fr\/wp-json\/wp\/v2\/posts\/345637\/revisions"}],"wp:featuredmedia":[{"embeddable":true,"href":"https:\/\/www.europesays.com\/fr\/wp-json\/wp\/v2\/media\/345638"}],"wp:attachment":[{"href":"https:\/\/www.europesays.com\/fr\/wp-json\/wp\/v2\/media?parent=345637"}],"wp:term":[{"taxonomy":"category","embeddable":true,"href":"https:\/\/www.europesays.com\/fr\/wp-json\/wp\/v2\/categories?post=345637"},{"taxonomy":"post_tag","embeddable":true,"href":"https:\/\/www.europesays.com\/fr\/wp-json\/wp\/v2\/tags?post=345637"}],"curies":[{"name":"wp","href":"https:\/\/api.w.org\/{rel}","templated":true}]}}