{"id":345648,"date":"2025-08-26T17:08:12","date_gmt":"2025-08-26T17:08:12","guid":{"rendered":"https:\/\/www.europesays.com\/fr\/345648\/"},"modified":"2025-08-26T17:08:12","modified_gmt":"2025-08-26T17:08:12","slug":"miroirs-no-3-fantome-utile-la-guerre-des-rose","status":"publish","type":"post","link":"https:\/\/www.europesays.com\/fr\/345648\/","title":{"rendered":"\u201cMiroirs no. 3\u201d, \u201cFant\u00f4me utile\u201d, \u201cLa Guerre des Rose\u201d\u2026"},"content":{"rendered":"<p>      Un joli conte germanique de Christian Petzold, une com\u00e9die audacieuse de Ratchapoom Boonbunchachoke, un remake trop gentillet avec Benedict Cumberbatch et Olivia Colman\u2026 Quels films voir (ou pas) cette semaine\u00a0? Nos critiques du mercredi 27\u00a0ao\u00fbt.              <a href=\"https:\/\/www.europesays.com\/fr\/wp-content\/uploads\/2025\/08\/0e0f3dc_upload-1-tq38zl4t2yvu-miroirs-n304.jpg\" data-pswp-width=\"\" data-pswp-height=\"\" class=\"media__hd\" target=\"_blank\">      <img decoding=\"async\" fetchpriority=\"high\" src=\"https:\/\/www.europesays.com\/fr\/wp-content\/uploads\/2025\/08\/0e0f3dc_upload-1-tq38zl4t2yvu-miroirs-n304.jpg\" class=\"media__picture js-media-zoom-main \" alt=\"Paula Beer dans \u00ab\u00a0Miroirs No. 3\u00a0\u00bb, de Christian Petzold.\" title=\"Schramm Film\/ZDF\/Arte\"\/>      <\/p>\n<p class=\"media__legend\"> Paula Beer dans \u00ab\u00a0Miroirs No. 3\u00a0\u00bb, de Christian Petzold.  Schramm Film\/ZDF\/Arte  <\/p>\n<p>     <\/a>                    <\/p>\n<p class=\"author author--simple\">Par  <a class=\"author author--link\" href=\"https:\/\/www.telerama.fr\/recherche\/articles?q=Le+service+Cin%C3%A9ma\" rel=\"nofollow noopener\" target=\"_blank\"> Le service Cin\u00e9ma <\/a>    <\/p>\n<p class=\"publication__date\">Publi\u00e9 le 26 ao\u00fbt 2025 \u00e0 18h00<\/p>\n<p>   Partager   <\/p>\n<ul class=\"sharing-popin--results\">\n<li class=\"sharing-popin--item sharing-popin--item-container\"> Partage  <\/li>\n<li data-share=\"linkedin\" class=\"sharing-popin--item\">  LinkedIn <\/li>\n<li data-share=\"facebook\" class=\"sharing-popin--item\">  Facebook <\/li>\n<li data-share=\"mail\" data-social=\"mail\" class=\"sharing-popin--item\">  Envoyer par email <\/li>\n<li data-share=\"copy\" class=\"sharing-popin--item\">  Copier le lien <\/li>\n<\/ul>\n<p>        Favoris       <\/p>\n<p>                <a class=\"openapp__link\" data-event=\"click-open-app\" data-deep-link=\"tlrm:\/\/element?id=\/cinema\/les-sorties-cinema-de-la-semaine-miroirs-no-3-fantome-utile-la-guerre-des-rose-7027063.php&amp;source=deeplink_site\">  Lire dans l&rsquo;application<br \/>\n  <\/a>                               <strong>\u201cMiroirs no. 3\u201d, de <\/strong>Christian Petzold\u00a0: notre coup de c\u0153ur                                                  <\/p>\n<p class=\"paragraph\"><strong>Genre\u00a0:<\/strong> <strong>conte.<\/strong> D\u2019abord la mort du petit ami, puis le refuge trouv\u00e9 aupr\u00e8s d\u2019une inconnue. \u00c9motions subtiles, rires fous\u00a0: un conte allemand qui reste dans le c\u0153ur. (Avec Paul Beer, Barbara Auer, Matthias Brandt. 1h26)<\/p>\n<p class=\"edito__prefixe\">   D\u00e9couvrir la note et la critique   <\/p>\n<p class=\"edito__text-container\">       <a alt=\"Lire aussi\" href=\"https:\/\/www.telerama.fr\/cinema\/miroirs-no-3-de-christian-petzold-un-beau-conte-allemand-qui-reste-dans-le-c-ur-3556_cri-7040312.php\" class=\"article__title--edito\" rel=\"nofollow noopener\" target=\"_blank\">\u201cMiroirs no. 3\u201d, de\u00a0Christian Petzold\u00a0: un beau conte allemand qui reste dans le c\u0153ur<\/a>  <\/p>\n<p>                                        <strong>\u201cFant\u00f4me utile\u201d, de Ratchapoom Boonbunchachoke<\/strong>                                                  <\/p>\n<p class=\"paragraph\"><strong>Genre\u00a0: com\u00e9die.<\/strong> Un aspirateur abrite l\u2019\u00e2me de l\u2019\u00e9pouse ch\u00e9rie, une revenante parmi d\u2019autres dans cette ville de Tha\u00eflande. Une com\u00e9die po\u00e9tique et pleine d\u2019audace. (Avec Davika Hoorne, Witsarut Himmarat, Apasiri Chantrasmi. 2h10)<\/p>\n<p class=\"edito__prefixe\">   D\u00e9couvrir la note et la critique   <\/p>\n<p class=\"edito__text-container\">       <a alt=\"Lire aussi\" href=\"https:\/\/www.telerama.fr\/cinema\/fantome-utile-de-ratchapoom-boonbunchachoke-une-comedie-fantastique-pleine-d-audace_cri-7040322.php\" class=\"article__title--edito\" rel=\"nofollow noopener\" target=\"_blank\">\u201cFant\u00f4me utile\u201d, de Ratchapoom Boonbunchachoke\u00a0: une com\u00e9die fantastique pleine d\u2019audace<\/a>  <\/p>\n<p>                                        \u201cBonjour la langue\u201d, de Paul Vecchiali                                                  <\/p>\n<p class=\"paragraph\"><strong>Genre\u00a0: derni\u00e8re pirouette.<\/strong> Apr\u00e8s six ans de silence, un dialogue entre un fils et son vieux p\u00e8re repenti de l\u2019avoir mal aim\u00e9. L\u2019\u0153uvre ultime d\u2019un fou de cin\u00e9ma. (Avec Pascal Cervo, Paul Vecchiali. 1h20)<\/p>\n<p class=\"edito__prefixe\">   D\u00e9couvrir la note et la critique   <\/p>\n<p class=\"edito__text-container\">       <a alt=\"Lire aussi\" href=\"https:\/\/www.telerama.fr\/cinema\/bonjour-la-langue-de-paul-vecchiali-l-ultime-opus-d-un-fou-de-cinema_cri-7040323.php\" class=\"article__title--edito\" rel=\"nofollow noopener\" target=\"_blank\">\u201cBonjour la langue\u201d, de Paul Vecchiali\u00a0: l\u2019ultime opus d\u2019un fou de cin\u00e9ma<\/a>  <\/p>\n<p>                                        <strong>\u201c<\/strong>Pris au pi\u00e8ge\u201d, de Darren Aronofsky                                                  <\/p>\n<p class=\"paragraph\"><strong>Genre\u00a0: petit thriller.<\/strong> Hank pensait garder le chat de son voisin parti \u00e0 la va-vite. Mais il se retrouve m\u00eal\u00e9 \u00e0 de sombres histoires de gangs. Un sc\u00e9nario pauvre qui ne parvient pas \u00e0 briller malgr\u00e9 quelques tentatives comiques. Seul le charisme d\u2019Austin Butler sauve un peu la mise.<strong> <\/strong>(Avec Austin Butler, Zo\u00eb Kravitz, Liev Schreiber, Matt Smith. 1h47)<\/p>\n<p>                                    <strong>Le Sang et la boue, de <\/strong>Jean-Gabriel Leynaud                                                  <\/p>\n<p class=\"paragraph\"><strong>Genre\u00a0: documentaire.<\/strong> Dans l\u2019est de la RDC, r\u00e9gion riche en minerais rares, aupr\u00e8s d\u2019un creuseur, d\u2019un revendeur, d\u2019un policier, Jean-Gabriel Leynaud d\u00e9peint un syst\u00e8me qui asservit les plus pauvres et profite aux g\u00e9ants de l\u2019\u00e9lectronique. (1h34)<\/p>\n<p class=\"edito__prefixe\">   D\u00e9couvrir la note et la critique   <\/p>\n<p class=\"edito__text-container\">       <a alt=\"Lire aussi\" href=\"https:\/\/www.telerama.fr\/cinema\/le-sang-et-la-boue-de-jean-gabriel-leynaud-notre-critique_cri-7040317.php\" class=\"article__title--edito\" rel=\"nofollow noopener\" target=\"_blank\">\u201cLe Sang et la boue\u201d, de Jean-Gabriel Leynaud\u00a0: notre critique<\/a>  <\/p>\n<p>                                        Escape From the 21st Century, de Yang Li                                                  <\/p>\n<p class=\"paragraph\"><strong>Genre\u00a0: science-fiction. <\/strong>Trois ados sont propuls\u00e9s dans leur futur \u00e0 chaque \u00e9ternuement. Ce d\u00e9lire SF chinois est un festival de trouvailles visuelles. Ce jeune cin\u00e9ma pop et explosif est parfois \u00e9reintant, mais toujours exaltant. (Avec Ruoyun Zhang, Yang Song. 1h38)<\/p>\n<p class=\"edito__prefixe\">   D\u00e9couvrir la note et la critique   <\/p>\n<p class=\"edito__text-container\">       <a alt=\"Lire aussi\" href=\"https:\/\/www.telerama.fr\/cinema\/escape-from-the-21st-century-de-yang-li-notre-critique_cri-7040319.php\" class=\"article__title--edito\" rel=\"nofollow noopener\" target=\"_blank\">\u201cEscape From the 21st Century\u201d, de Yang Li\u00a0: notre critique<\/a>  <\/p>\n<p>                                        <strong>\u201cLa Femme qui en savait trop\u201d, de <\/strong>Na<strong>der Saeiva<\/strong>r                                                  <\/p>\n<p class=\"paragraph\"><strong>Genre\u00a0: manifeste.<\/strong> Une intrigue criminelle tourn\u00e9e en Iran et \u00e0 l\u2019insu des autorit\u00e9s. Et un manifeste \u00e0 la fois intime et politique pour les femmes, la vie, la libert\u00e9. (Avec Maryam Boubani, Nader Naderpour, Abbas Imani. 1h40)<\/p>\n<p class=\"edito__prefixe\">   D\u00e9couvrir la note et la critique   <\/p>\n<p class=\"edito__text-container\">       <a alt=\"Lire aussi\" href=\"https:\/\/www.telerama.fr\/cinema\/la-femme-qui-en-savait-trop-de-nader-saeivar-un-manifeste-a-la-fois-intime-et-politique-pour-les-femmes-la-liberte_cri-7040320.php\" class=\"article__title--edito\" rel=\"nofollow noopener\" target=\"_blank\">\u201cLa Femme qui en savait trop\u201d, de Nader Saeivar\u00a0: un manifeste \u00e0 la fois intime et politique pour les femmes, la libert\u00e9<\/a>  <\/p>\n<p>                                        \u201cLa Guerre des Rose\u201d, de Jay Roach                                                  <\/p>\n<p class=\"paragraph\"><strong>Genre\u00a0: reprise.<\/strong> Moins de coups vicieux, plus de joutes verbales dans ce remake d\u00e9cevant du film de Danny DeVito. (Avec Benedict Cumberbatch, Olivia Colman, Kate McKinnon. 1h35)<\/p>\n<p class=\"edito__prefixe\">   D\u00e9couvrir la note et la critique   <\/p>\n<p class=\"edito__text-container\">       <a alt=\"Lire aussi\" href=\"https:\/\/www.telerama.fr\/cinema\/la-guerre-des-rose-de-jay-roach-remake-decevant-du-film-de-danny-devito_cri-7040324.php\" class=\"article__title--edito\" rel=\"nofollow noopener\" target=\"_blank\">\u201cLa Guerre des Rose\u201d, de Jay Roach\u00a0: remake d\u00e9cevant du film de Danny DeVito<\/a>  <\/p>\n<p>                                        \u201cLe Roi Soleil\u201d, de Vincent Ma\u00ebl Cardona                                                  <\/p>\n<p class=\"paragraph\"><strong>Genre\u00a0: fable noire.<\/strong> Tuerie \u00e0 huis clos et maelstr\u00f6m de cupidit\u00e9, dans un PMU, autour d\u2019un ticket de loto gagnant. Un thriller complexe, dont la narration alambiqu\u00e9e finit par diluer le suspense, malgr\u00e9 l\u2019interpr\u00e9tation nerveuse d\u2019un casting impeccable. (Avec Pio Marma\u00ef, Lucie Zhang, Sofiane Zermani, Panayotis Pascot. 1h47)<\/p>\n<p class=\"edito__prefixe\">   D\u00e9couvrir la note et la critique   <\/p>\n<p class=\"edito__text-container\">       <a alt=\"Lire aussi\" href=\"https:\/\/www.telerama.fr\/cinema\/le-roi-soleil-de-vincent-mael-cardona-notre-critique_cri-7040316.php\" class=\"article__title--edito\" rel=\"nofollow noopener\" target=\"_blank\">\u201cLe Roi Soleil\u201d, de Vincent Ma\u00ebl Cardona\u00a0: notre critique<\/a>  <\/p>\n<p>                                        \u201cFamily Therapy\u201d, de Sonja Prosenc                                                  <\/p>\n<p class=\"paragraph\"><strong>Genre\u00a0: satire sociale.<\/strong> D\u00e9construction et reconstruction d\u2019une famille slov\u00e8ne ais\u00e9e, confront\u00e9e \u00e0 des \u00e9l\u00e9ments perturbateurs. Visuellement ma\u00eetris\u00e9e, mais d\u2019une bizarrerie surjou\u00e9e, la satire sociale vire \u00e0 l\u2019exercice de style artificiel. (Avec Aliocha Schneider, Katarina Stegnar, Marco Mandi\u0107. 2h02)<\/p>\n<p class=\"edito__prefixe\">   D\u00e9couvrir la note et la critique   <\/p>\n<p class=\"edito__text-container\">       <a alt=\"Lire aussi\" href=\"https:\/\/www.telerama.fr\/cinema\/family-therapy-de-sonja-prosenc-notre-critique_cri-7040318.php\" class=\"article__title--edito\" rel=\"nofollow noopener\" target=\"_blank\">\u201cFamily Therapy\u201d, de Sonja Prosenc\u00a0: notre critique<\/a>  <\/p>\n<p>                                        \u201cEn premi\u00e8re ligne\u201d, de Petra Volpine                                                  <\/p>\n<p class=\"paragraph\"><strong>Genre\u00a0: thriller.<\/strong> Une infirmi\u00e8re se retrouve prise dans l\u2019engrenage d\u2019une surcharge de travail. Un thriller social un brin artificiel dans l\u2019escalade. Reste le cri d\u2019urgence salutaire et la performance remarquable de l\u2019actrice. (Avec Leonie Benesch, Sonja Riesen, Selma Aldin. 1h32)<\/p>\n<p class=\"edito__prefixe\">   D\u00e9couvrir la note et la critique   <\/p>\n<p class=\"edito__text-container\">       <a alt=\"Lire aussi\" href=\"https:\/\/www.telerama.fr\/cinema\/en-premiere-ligne-de-petra-volpine-notre-critique_cri-7040315.php\" class=\"article__title--edito\" rel=\"nofollow noopener\" target=\"_blank\">\u201cEn premi\u00e8re ligne\u201d, de Petra Volpine\u00a0: notre critique<\/a>  <\/p>\n<p class=\"edito__prefixe\">   \u00c0 lire aussi :   <\/p>\n<p class=\"edito__text-container\">   <a alt=\"Lire aussi\" href=\"https:\/\/www.telerama.fr\/cinema\/les-sorties-cinema-de-la-semaine-valeur-sentimentale-alpha-salve-maria-7026991.php\" class=\"article__title--edito\" rel=\"nofollow noopener\" target=\"_blank\">Les sorties cin\u00e9ma de la semaine\u00a0derni\u00e8re<\/a>  <\/p>\n","protected":false},"excerpt":{"rendered":"Un joli conte germanique de Christian Petzold, une com\u00e9die audacieuse de Ratchapoom Boonbunchachoke, un remake trop gentillet avec&hellip;\n","protected":false},"author":2,"featured_media":345649,"comment_status":"","ping_status":"","sticky":false,"template":"","format":"standard","meta":{"footnotes":""},"categories":[1354],"tags":[58,59,1346,1011,27,1360],"class_list":{"0":"post-345648","1":"post","2":"type-post","3":"status-publish","4":"format-standard","5":"has-post-thumbnail","7":"category-films","8":"tag-divertissement","9":"tag-entertainment","10":"tag-films","11":"tag-fr","12":"tag-france","13":"tag-movies"},"share_on_mastodon":{"url":"https:\/\/pubeurope.com\/@fr\/115096171607343345","error":""},"_links":{"self":[{"href":"https:\/\/www.europesays.com\/fr\/wp-json\/wp\/v2\/posts\/345648","targetHints":{"allow":["GET"]}}],"collection":[{"href":"https:\/\/www.europesays.com\/fr\/wp-json\/wp\/v2\/posts"}],"about":[{"href":"https:\/\/www.europesays.com\/fr\/wp-json\/wp\/v2\/types\/post"}],"author":[{"embeddable":true,"href":"https:\/\/www.europesays.com\/fr\/wp-json\/wp\/v2\/users\/2"}],"replies":[{"embeddable":true,"href":"https:\/\/www.europesays.com\/fr\/wp-json\/wp\/v2\/comments?post=345648"}],"version-history":[{"count":0,"href":"https:\/\/www.europesays.com\/fr\/wp-json\/wp\/v2\/posts\/345648\/revisions"}],"wp:featuredmedia":[{"embeddable":true,"href":"https:\/\/www.europesays.com\/fr\/wp-json\/wp\/v2\/media\/345649"}],"wp:attachment":[{"href":"https:\/\/www.europesays.com\/fr\/wp-json\/wp\/v2\/media?parent=345648"}],"wp:term":[{"taxonomy":"category","embeddable":true,"href":"https:\/\/www.europesays.com\/fr\/wp-json\/wp\/v2\/categories?post=345648"},{"taxonomy":"post_tag","embeddable":true,"href":"https:\/\/www.europesays.com\/fr\/wp-json\/wp\/v2\/tags?post=345648"}],"curies":[{"name":"wp","href":"https:\/\/api.w.org\/{rel}","templated":true}]}}