{"id":345650,"date":"2025-08-26T17:09:11","date_gmt":"2025-08-26T17:09:11","guid":{"rendered":"https:\/\/www.europesays.com\/fr\/345650\/"},"modified":"2025-08-26T17:09:11","modified_gmt":"2025-08-26T17:09:11","slug":"un-danger-plane-sur-la-coupe-du-monde-et-les-jeux-olympiques-la-peste-bubonique-est-de-retour","status":"publish","type":"post","link":"https:\/\/www.europesays.com\/fr\/345650\/","title":{"rendered":"Un danger plane sur la Coupe du monde et les Jeux olympiques, la peste bubonique est de retour"},"content":{"rendered":"<p class=\"app_entry_lead\">\n                                    <a title=\"\u00a0\u00a9\u00a0Sipa USA\/SIPA (publi\u00e9e le 26\/08\/2025)\" href=\"https:\/\/www.europesays.com\/fr\/wp-content\/uploads\/2025\/08\/79397317.jpg\" class=\"fancy\"><\/p>\n<p>                            <img loading=\"lazy\" decoding=\"async\" src=\"https:\/\/www.europesays.com\/fr\/wp-content\/uploads\/2025\/08\/79397317.jpg\" alt=\"Un danger plane sur la Coupe du monde et les Jeux olympiques, la peste bubonique est de retour\" width=\"1500\" height=\"1000\"\/><\/p>\n<p>                    <\/a><br \/>\n                    Les Etats-Unis ont \u00e9t\u00e9 confront\u00e9s \u00e0 un cas de peste bubonique \u00e0 quelques mois du d\u00e9but de la Coupe du monde.\n            <\/p>\n<p>Les Etats-Unis vont \u00eatre une terre de sport ces prochaines ann\u00e9es avec la Coupe du monde de foot en juin et juillet 2026, mais \u00e9galement avec les Jeux olympiques de Los Angeles en 2028 qui devront mettre la barre toute aussi haute que Paris en 2024. Et malheureusement, un mal ancien fait son retour de l&rsquo;autre c\u00f4t\u00e9 de l&rsquo;Atlantique.<\/p>\n<p>La peste\u00a0bubonique ou\u00a0la\u00a0peste noire, la pand\u00e9mie qui\u00a0a tu\u00e9 entre 80\u00a0et 200\u00a0millions de personnes\u00a0en Europe et en Afrique du Nord au XIVe a disparu petit \u00e0 petit sans faire de retour fulgurant \u00e0 notre \u00e9poque. Si la peste est toutefois pr\u00e9sente dans certains pays, notamment en Afrique,\u00a0des cas sont r\u00e9cemment apparus dans un lieu th\u00e9oriquement inattendu,\u00a0les\u00a0\u00c9tats-Unis.<\/p>\n<p>Il y a une semaine, le D\u00e9partement de la Sant\u00e9 Publique de Sacramento (Californie) a signal\u00e9 la d\u00e9tection d&rsquo;\u00a0un cas de peste bubonique\u00a0. La personne infect\u00e9e campait dans la\u00a0r\u00e9gion du lac Tahoe,\u00a0\u00e0 environ\u00a0700\u00a0kilom\u00e8tres de Los Angeles,\u00a0ville h\u00f4te des Jeux olympiques et de la Coupe du monde, et\u00a0\u00e0 312\u00a0kilom\u00e8tres de San Francisco,\u00a0ville h\u00f4te de la Coupe du monde. La cause probable \u00e9tait la piq\u00fbre d&rsquo;\u00a0une puce infect\u00e9e\u00a0, voie de transmission habituelle de la maladie.<\/p>\n<p><img decoding=\"async\" alt=\"\" src=\"https:\/\/www.europesays.com\/fr\/wp-content\/uploads\/2025\/08\/79397318.jpg\"\/><\/p>\n<p>Mais rien d&rsquo;alarmant, Kyle Fliflet, directeur par int\u00e9rim du d\u00e9partement, a soulign\u00e9 que\u00a0\u00a0\u00bb la peste est naturellement pr\u00e9sente dans de nombreuses r\u00e9gions de Californie\u00a0. Il est important que la population prenne des pr\u00e9cautions\u00a0\u00bb explique-t-il. Il met toutefois en garde certaines r\u00e9gions de Californie o\u00f9 la peste bubonique persiste comme\u00a0le nord du Nouveau-Mexique, l&rsquo;Arizona, le Colorado, la Californie, le sud de l&rsquo;Oregon et l&rsquo;ouest du Nevada. Des r\u00e9gions o\u00f9 la peste demeure end\u00e9mique, quoique peu intense.<\/p>\n<p>Si la\u00a0transmission entre les \u00eatres humains n&rsquo;a pas \u00e9t\u00e9 signal\u00e9e aux \u00c9tats-Unis\u00a0depuis un si\u00e8cle\u00a0, le 11\u00a0juillet dernier,\u00a0une personne est d\u00e9c\u00e9d\u00e9e\u00a0dans le comt\u00e9 de Coconino, en Arizona, des suites de la peste pulmonaire, la variante respiratoire de la peste bubonique. <\/p>\n<p>D&rsquo;autres maladies inqui\u00e8tent les autorit\u00e9s \u00e0 l&rsquo;approche des \u00e9v\u00e8nements, comme\u00a0la rougeole et la rub\u00e9ole\u00a0qui n&rsquo;ont pas \u00e9t\u00e9 \u00e9radiqu\u00e9es et, selon une \u00e9tude men\u00e9e par la facult\u00e9 de m\u00e9decine de l&rsquo;universit\u00e9 Stanford en Californie, le Baylor College of Medicine, l&rsquo;universit\u00e9 Rice et l&rsquo;universit\u00e9 Texas A&amp;M, et publi\u00e9e par l&rsquo;American Medical Association, certaines maladies rares\u00a0pourraient r\u00e9appara\u00eetre ou se propager\u00a0si la\u00a0tendance actuelle \u00e0 ne pas se faire vacciner.<\/p>\n","protected":false},"excerpt":{"rendered":"Les Etats-Unis ont \u00e9t\u00e9 confront\u00e9s \u00e0 un cas de peste bubonique \u00e0 quelques mois du d\u00e9but de la&hellip;\n","protected":false},"author":2,"featured_media":345651,"comment_status":"","ping_status":"","sticky":false,"template":"","format":"standard","meta":{"footnotes":""},"categories":[10],"tags":[1011,27,72,71],"class_list":{"0":"post-345650","1":"post","2":"type-post","3":"status-publish","4":"format-standard","5":"has-post-thumbnail","7":"category-sante","8":"tag-fr","9":"tag-france","10":"tag-health","11":"tag-sante"},"share_on_mastodon":{"url":"https:\/\/pubeurope.com\/@fr\/115096175565569482","error":""},"_links":{"self":[{"href":"https:\/\/www.europesays.com\/fr\/wp-json\/wp\/v2\/posts\/345650","targetHints":{"allow":["GET"]}}],"collection":[{"href":"https:\/\/www.europesays.com\/fr\/wp-json\/wp\/v2\/posts"}],"about":[{"href":"https:\/\/www.europesays.com\/fr\/wp-json\/wp\/v2\/types\/post"}],"author":[{"embeddable":true,"href":"https:\/\/www.europesays.com\/fr\/wp-json\/wp\/v2\/users\/2"}],"replies":[{"embeddable":true,"href":"https:\/\/www.europesays.com\/fr\/wp-json\/wp\/v2\/comments?post=345650"}],"version-history":[{"count":0,"href":"https:\/\/www.europesays.com\/fr\/wp-json\/wp\/v2\/posts\/345650\/revisions"}],"wp:featuredmedia":[{"embeddable":true,"href":"https:\/\/www.europesays.com\/fr\/wp-json\/wp\/v2\/media\/345651"}],"wp:attachment":[{"href":"https:\/\/www.europesays.com\/fr\/wp-json\/wp\/v2\/media?parent=345650"}],"wp:term":[{"taxonomy":"category","embeddable":true,"href":"https:\/\/www.europesays.com\/fr\/wp-json\/wp\/v2\/categories?post=345650"},{"taxonomy":"post_tag","embeddable":true,"href":"https:\/\/www.europesays.com\/fr\/wp-json\/wp\/v2\/tags?post=345650"}],"curies":[{"name":"wp","href":"https:\/\/api.w.org\/{rel}","templated":true}]}}