{"id":345668,"date":"2025-08-26T17:18:15","date_gmt":"2025-08-26T17:18:15","guid":{"rendered":"https:\/\/www.europesays.com\/fr\/345668\/"},"modified":"2025-08-26T17:18:15","modified_gmt":"2025-08-26T17:18:15","slug":"appel-a-temoin-rene-collomb-88-ans-a-disparu-pres-de-saint-etienne-de-cuines","status":"publish","type":"post","link":"https:\/\/www.europesays.com\/fr\/345668\/","title":{"rendered":"Appel \u00e0 t\u00e9moin\u00a0: Ren\u00e9 Collomb, 88 ans, a disparu pr\u00e8s de Saint-\u00c9tienne-de-Cuines"},"content":{"rendered":"<p>Depuis dimanche 24 ao\u00fbt, Ren\u00e9 Collomb n&rsquo;a plus donn\u00e9 signe de vie. Cet octog\u00e9naire passait le week-end dans sa maison de montagne au hameau des C\u00f4tes Dessus \u00e0 Saint-\u00c9tienne-de-Cuines. La gendarmerie lance un appel \u00e0 t\u00e9moin pour le retrouver. <\/p>\n<p>Il est 14 heures,\u00a0dimanche 24 aout, quand Ren\u00e9\u00a0Collomb est aper\u00e7ut pour la derni\u00e8re fois pr\u00e8s de Saint-\u00c9tienne-de-Cuines. Cet homme de 88 ans a pass\u00e9 le week-end <strong>dans sa maison de montagne du hameau\u00a0des C\u00f4tes Dessus<\/strong>.<\/p>\n<p>Le disparu serait parti promener au d\u00e9part du hameau et en direction des forets montagneuses \u00e0 proximit\u00e9.\u00a0Celui-ci \u00e9tait <strong>v\u00eatu d&rsquo;un tee-shirt bleu avec un liseret blanc au col, d&rsquo;un jean bleu<\/strong>. Les recherches effectu\u00e9es par la gendarmerie et la famille se sont r\u00e9v\u00e9l\u00e9es vaines \u00e0 ce jour.<\/p>\n<p>Si vous avez des renseignements, veuillez en informer <strong>la brigade de gendarmerie de Val d&rsquo;Arc au 04 79 36 20 17<\/strong>.<\/p>\n<p>C&rsquo;est la deuxi\u00e8me disparition ce dimanche 24 ao\u00fbt, avec celle de\u00a0<a class=\"IciLink ici-link IciArticleLink g-ici-body-regular-1 underline brand svelte-lu7k6w\" href=\"https:\/\/www.francebleu.fr\/infos\/faits-divers-justice\/la-gendarmerie-d-albertville-lance-un-appel-a-temoin-apres-la-disparition-inquietante-de-maylis-sangla-7416457\" rel=\"nofollow noopener\" target=\"_blank\">Maylis Sangla<\/a>, 34 ans,\u00a0\u00e0 Cohennoz.<\/p>\n","protected":false},"excerpt":{"rendered":"Depuis dimanche 24 ao\u00fbt, Ren\u00e9 Collomb n&rsquo;a plus donn\u00e9 signe de vie. Cet octog\u00e9naire passait le week-end dans&hellip;\n","protected":false},"author":2,"featured_media":345669,"comment_status":"","ping_status":"","sticky":false,"template":"","format":"standard","meta":{"footnotes":""},"categories":[9653],"tags":[1111,11,2430,1777,674,1011,27,12,25,4001],"class_list":{"0":"post-345668","1":"post","2":"type-post","3":"status-publish","4":"format-standard","5":"has-post-thumbnail","7":"category-saint-etienne","8":"tag-actu","9":"tag-actualites","10":"tag-auvergne-rhone-alpes","11":"tag-eu","12":"tag-europe","13":"tag-fr","14":"tag-france","15":"tag-news","16":"tag-republique-francaise","17":"tag-saint-etienne"},"share_on_mastodon":{"url":"https:\/\/pubeurope.com\/@fr\/115096210897665792","error":""},"_links":{"self":[{"href":"https:\/\/www.europesays.com\/fr\/wp-json\/wp\/v2\/posts\/345668","targetHints":{"allow":["GET"]}}],"collection":[{"href":"https:\/\/www.europesays.com\/fr\/wp-json\/wp\/v2\/posts"}],"about":[{"href":"https:\/\/www.europesays.com\/fr\/wp-json\/wp\/v2\/types\/post"}],"author":[{"embeddable":true,"href":"https:\/\/www.europesays.com\/fr\/wp-json\/wp\/v2\/users\/2"}],"replies":[{"embeddable":true,"href":"https:\/\/www.europesays.com\/fr\/wp-json\/wp\/v2\/comments?post=345668"}],"version-history":[{"count":0,"href":"https:\/\/www.europesays.com\/fr\/wp-json\/wp\/v2\/posts\/345668\/revisions"}],"wp:featuredmedia":[{"embeddable":true,"href":"https:\/\/www.europesays.com\/fr\/wp-json\/wp\/v2\/media\/345669"}],"wp:attachment":[{"href":"https:\/\/www.europesays.com\/fr\/wp-json\/wp\/v2\/media?parent=345668"}],"wp:term":[{"taxonomy":"category","embeddable":true,"href":"https:\/\/www.europesays.com\/fr\/wp-json\/wp\/v2\/categories?post=345668"},{"taxonomy":"post_tag","embeddable":true,"href":"https:\/\/www.europesays.com\/fr\/wp-json\/wp\/v2\/tags?post=345668"}],"curies":[{"name":"wp","href":"https:\/\/api.w.org\/{rel}","templated":true}]}}