{"id":345678,"date":"2025-08-26T17:23:11","date_gmt":"2025-08-26T17:23:11","guid":{"rendered":"https:\/\/www.europesays.com\/fr\/345678\/"},"modified":"2025-08-26T17:23:11","modified_gmt":"2025-08-26T17:23:11","slug":"montpellier-premieres-images-du-groupe-scolaire-jules-isaac-sophie-scholl-avant-sa-rentree","status":"publish","type":"post","link":"https:\/\/www.europesays.com\/fr\/345678\/","title":{"rendered":"Montpellier : premi\u00e8res images du groupe scolaire\u00a0Jules Isaac-Sophie Scholl avant sa rentr\u00e9e"},"content":{"rendered":"<p>\u00c0 Montpellier, les \u00e9coles maternelle et primaire Jules Isaac et Sophie Scholl s\u2019appr\u00eatent \u00e0 accueillir leurs premiers \u00e9l\u00e8ves. Et sur le parvis encore vide, ce mardi 26 ao\u00fbt, Micha\u00ebl Delafosse n\u2019a pas r\u00e9sist\u00e9 \u00e0 un petit r\u00e9flexe de prof d\u2019histoire-g\u00e9o. \u201cJules Isaac, c\u2019est l\u2019historien rescap\u00e9 de la Shoah qui a travaill\u00e9 toute sa vie pour r\u00e9tablir la v\u00e9rit\u00e9 et transmettre\u201d, raconte-t-il, avant d\u2019encha\u00eener sur Sophie Scholl, \u201cune jeune femme de 21 ans, membre de la Rose blanche, ex\u00e9cut\u00e9e pour avoir distribu\u00e9 des tracts contre le nazisme\u201d. Mani\u00e8re de rappeler, d\u00e8s l\u2019entr\u00e9e, que \u201cce groupe scolaire porte aussi une m\u00e9moire et des valeurs\u201d.<\/p>\n","protected":false},"excerpt":{"rendered":"\u00c0 Montpellier, les \u00e9coles maternelle et primaire Jules Isaac et Sophie Scholl s\u2019appr\u00eatent \u00e0 accueillir leurs premiers \u00e9l\u00e8ves.&hellip;\n","protected":false},"author":2,"featured_media":345679,"comment_status":"","ping_status":"","sticky":false,"template":"","format":"standard","meta":{"footnotes":""},"categories":[9599],"tags":[1111,11,1777,674,1011,27,2208,12,2680,25],"class_list":{"0":"post-345678","1":"post","2":"type-post","3":"status-publish","4":"format-standard","5":"has-post-thumbnail","7":"category-montpellier","8":"tag-actu","9":"tag-actualites","10":"tag-eu","11":"tag-europe","12":"tag-fr","13":"tag-france","14":"tag-montpellier","15":"tag-news","16":"tag-occitanie","17":"tag-republique-francaise"},"share_on_mastodon":{"url":"https:\/\/pubeurope.com\/@fr\/115096230599948326","error":""},"_links":{"self":[{"href":"https:\/\/www.europesays.com\/fr\/wp-json\/wp\/v2\/posts\/345678","targetHints":{"allow":["GET"]}}],"collection":[{"href":"https:\/\/www.europesays.com\/fr\/wp-json\/wp\/v2\/posts"}],"about":[{"href":"https:\/\/www.europesays.com\/fr\/wp-json\/wp\/v2\/types\/post"}],"author":[{"embeddable":true,"href":"https:\/\/www.europesays.com\/fr\/wp-json\/wp\/v2\/users\/2"}],"replies":[{"embeddable":true,"href":"https:\/\/www.europesays.com\/fr\/wp-json\/wp\/v2\/comments?post=345678"}],"version-history":[{"count":0,"href":"https:\/\/www.europesays.com\/fr\/wp-json\/wp\/v2\/posts\/345678\/revisions"}],"wp:featuredmedia":[{"embeddable":true,"href":"https:\/\/www.europesays.com\/fr\/wp-json\/wp\/v2\/media\/345679"}],"wp:attachment":[{"href":"https:\/\/www.europesays.com\/fr\/wp-json\/wp\/v2\/media?parent=345678"}],"wp:term":[{"taxonomy":"category","embeddable":true,"href":"https:\/\/www.europesays.com\/fr\/wp-json\/wp\/v2\/categories?post=345678"},{"taxonomy":"post_tag","embeddable":true,"href":"https:\/\/www.europesays.com\/fr\/wp-json\/wp\/v2\/tags?post=345678"}],"curies":[{"name":"wp","href":"https:\/\/api.w.org\/{rel}","templated":true}]}}