{"id":345688,"date":"2025-08-26T17:28:14","date_gmt":"2025-08-26T17:28:14","guid":{"rendered":"https:\/\/www.europesays.com\/fr\/345688\/"},"modified":"2025-08-26T17:28:14","modified_gmt":"2025-08-26T17:28:14","slug":"un-an-de-prison-avec-sursis-pour-le-conducteur-liberation","status":"publish","type":"post","link":"https:\/\/www.europesays.com\/fr\/345688\/","title":{"rendered":"un an de prison avec sursis pour le conducteur \u2013 Lib\u00e9ration"},"content":{"rendered":"<p class=\"sc-ksZaOG ehjQrN text-element\">Un automobiliste qui avait bless\u00e9 quatre membres d\u2019une m\u00eame famille le 31\u00a0mai \u00e0 Grenoble, <a href=\"https:\/\/www.liberation.fr\/sports\/football\/victoire-du-psg-en-ligue-des-champions-294-interpellations-apres-des-debordements-a-paris-20250601_BKF3C4U6HJFATHD3F45XZSJNSY\/\" target=\"_blank\" rel=\"noreferrer noopener\" title=\"https:\/\/www.liberation.fr\/sports\/football\/victoire-du-psg-en-ligue-des-champions-294-interpellations-apres-des-debordements-a-paris-20250601_BKF3C4U6HJFATHD3F45XZSJNSY\/\">lors des c\u00e9l\u00e9brations de la victoire du PSG en Ligue des champions<\/a>, a \u00e9t\u00e9 condamn\u00e9 \u00e0 un an de prison avec sursis, ont indiqu\u00e9 mardi les avocats des deux parties. Cet homme de 19\u00a0ans avait fauch\u00e9, sur la voie d\u2019un tramway, une m\u00e8re de 46\u00a0ans, ses fils jumeaux de 17\u00a0ans et leur cousine. <a href=\"https:\/\/www.liberation.fr\/sports\/football\/victoire-du-psg-en-ligue-des-champions-un-automobiliste-fauche-quatre-personnes-a-grenoble-20250601_WJTHSTIXRBCGRBAO7DWS3H3KUU\/?redirected=1\" target=\"_blank\" rel=\"noreferrer noopener\" title=\"https:\/\/www.liberation.fr\/sports\/football\/victoire-du-psg-en-ligue-des-champions-un-automobiliste-fauche-quatre-personnes-a-grenoble-20250601_WJTHSTIXRBCGRBAO7DWS3H3KUU\/?redirected=1\">Deux avaient \u00e9t\u00e9 bless\u00e9s gri\u00e8vement, les autres plus l\u00e9g\u00e8rement<\/a>. Il avait abandonn\u00e9 son v\u00e9hicule sur place avant de se pr\u00e9senter de lui-m\u00eame, plus tard, \u00e0 la police.<\/p>\n<p class=\"sc-ksZaOG ehjQrN text-element\">Sans ant\u00e9c\u00e9dent judiciaire, il a \u00e9t\u00e9 condamn\u00e9 lundi \u00e0 douze mois de prison avec sursis et 200\u00a0euros d\u2019amende pour \u00abblessures involontaires\u00bb par le tribunal correctionnel de Grenoble, a expliqu\u00e9 \u00e0 l\u2019AFP son avocat, Denis Dreyfus. Le tribunal a confirm\u00e9 l\u2019annulation de son permis de conduire mais l\u2019a autoris\u00e9 \u00e0 le repasser dans un mois parce qu\u2019il en a besoin dans le cadre de son emploi, selon Me Dreyfus.<\/p>\n<p class=\"sc-ksZaOG ehjQrN text-element\">La peine a \u00e9t\u00e9 confirm\u00e9e par le d\u00e9fenseur des parties civiles, Arnaud Levy-Soussan. La jeune fille, la plus gri\u00e8vement bless\u00e9e, va \u00abmieux\u00bb et est sortie dimanche d\u2019un centre de r\u00e9\u00e9ducation, a-t-il pr\u00e9cis\u00e9. Le parquet avait requis douze mois d\u2019emprisonnement dont huit avec sursis.<\/p>\n<p class=\"sc-ksZaOG ehjQrN text-element\">Lors de son audition, le conducteur a assur\u00e9 avoir franchi un terre-plein et s\u2019\u00eatre engag\u00e9 sur les voies du tram parce qu\u2019il avait \u00abeu peur\u00bb apr\u00e8s avoir \u00e9t\u00e9 vis\u00e9 par des tirs de feux d\u2019artifice de f\u00eatards qui avaient envahi cette art\u00e8re tr\u00e8s fr\u00e9quent\u00e9e du centre-ville. Il a dit avoir perdu le contr\u00f4le de sa voiture en tentant de leur \u00e9chapper et justifi\u00e9 sa fuite apr\u00e8s l\u2019accident par la crainte d\u2019\u00eatre \u00ablynch\u00e9\u00bb par la foule.<\/p>\n","protected":false},"excerpt":{"rendered":"Un automobiliste qui avait bless\u00e9 quatre membres d\u2019une m\u00eame famille le 31\u00a0mai \u00e0 Grenoble, lors des c\u00e9l\u00e9brations de&hellip;\n","protected":false},"author":2,"featured_media":345689,"comment_status":"","ping_status":"","sticky":false,"template":"","format":"standard","meta":{"footnotes":""},"categories":[9566],"tags":[1111,11,2430,1777,674,1011,27,2731,447,12,93,25],"class_list":{"0":"post-345688","1":"post","2":"type-post","3":"status-publish","4":"format-standard","5":"has-post-thumbnail","7":"category-grenoble","8":"tag-actu","9":"tag-actualites","10":"tag-auvergne-rhone-alpes","11":"tag-eu","12":"tag-europe","13":"tag-fr","14":"tag-france","15":"tag-grenoble","16":"tag-ligue-des-champions","17":"tag-news","18":"tag-psg","19":"tag-republique-francaise"},"share_on_mastodon":{"url":"https:\/\/pubeurope.com\/@fr\/115096250239535382","error":""},"_links":{"self":[{"href":"https:\/\/www.europesays.com\/fr\/wp-json\/wp\/v2\/posts\/345688","targetHints":{"allow":["GET"]}}],"collection":[{"href":"https:\/\/www.europesays.com\/fr\/wp-json\/wp\/v2\/posts"}],"about":[{"href":"https:\/\/www.europesays.com\/fr\/wp-json\/wp\/v2\/types\/post"}],"author":[{"embeddable":true,"href":"https:\/\/www.europesays.com\/fr\/wp-json\/wp\/v2\/users\/2"}],"replies":[{"embeddable":true,"href":"https:\/\/www.europesays.com\/fr\/wp-json\/wp\/v2\/comments?post=345688"}],"version-history":[{"count":0,"href":"https:\/\/www.europesays.com\/fr\/wp-json\/wp\/v2\/posts\/345688\/revisions"}],"wp:featuredmedia":[{"embeddable":true,"href":"https:\/\/www.europesays.com\/fr\/wp-json\/wp\/v2\/media\/345689"}],"wp:attachment":[{"href":"https:\/\/www.europesays.com\/fr\/wp-json\/wp\/v2\/media?parent=345688"}],"wp:term":[{"taxonomy":"category","embeddable":true,"href":"https:\/\/www.europesays.com\/fr\/wp-json\/wp\/v2\/categories?post=345688"},{"taxonomy":"post_tag","embeddable":true,"href":"https:\/\/www.europesays.com\/fr\/wp-json\/wp\/v2\/tags?post=345688"}],"curies":[{"name":"wp","href":"https:\/\/api.w.org\/{rel}","templated":true}]}}