{"id":345694,"date":"2025-08-26T17:31:19","date_gmt":"2025-08-26T17:31:19","guid":{"rendered":"https:\/\/www.europesays.com\/fr\/345694\/"},"modified":"2025-08-26T17:31:19","modified_gmt":"2025-08-26T17:31:19","slug":"le-meurtrier-condamne-a-perpetuite-les-parents-denoncent-des-dysfonctionnements","status":"publish","type":"post","link":"https:\/\/www.europesays.com\/fr\/345694\/","title":{"rendered":"le meurtrier condamn\u00e9 \u00e0 perp\u00e9tuit\u00e9, les parents d\u00e9noncent des \u00ab\u00a0dysfonctionnements\u00a0\u00bb"},"content":{"rendered":"<p>Au sortir d\u2019une \u00e9preuve judiciaire <a href=\"https:\/\/www.dna.fr\/faits-divers-justice\/2025\/08\/22\/meurtre-d-une-strasbourgeoise-a-offenbourg-le-verdict-attendu-mardi-26-aout\" target=\"_blank\" rel=\"noopener\">qui a d\u00e9but\u00e9 le 8\u00a0juillet devant le Landgericht d\u2019Offenbourg<\/a> et qui s\u2019est tenue lors de journ\u00e9es d\u2019audience \u00e9tal\u00e9es sur plusieurs semaines, la famille d\u2019Elena Chaplin est travers\u00e9e par \u00ab\u00a0un sentiment mitig\u00e9\u00a0\u00bb.<\/p>\n<p>D\u2019un c\u00f4t\u00e9, il y a le soulagement de voir la pr\u00e9m\u00e9ditation retenue et le meurtrier d\u2019Elena condamn\u00e9 \u00e0 la peine maximale, la r\u00e9clusion criminelle \u00e0 perp\u00e9tuit\u00e9\u00a0; de l\u2019autre, l\u2019impression que \u00ab\u00a0que ce proc\u00e8s a mis en lumi\u00e8re une s\u00e9rie de dysfonctionnements, de manquements et de d\u00e9faillances critiques de la part de plusieurs instances\u00a0\u00bb.<\/p>\n<p>Dans un communiqu\u00e9 lu en allemand puis en fran\u00e7ais apr\u00e8s le verdict, les parents ont point\u00e9 ces \u00ab\u00a0alertes ignor\u00e9es\u00a0\u00bb que leur fille avait \u00e9mises, ces \u00ab\u00a0signaux de d\u00e9tresse pas pris au s\u00e9rieux\u00a0\u00bb. Ute et Pierrick Chaplin ciblent p\u00eale-m\u00eale la police, les services de sant\u00e9 et les services sociaux, qui \u00ab\u00a0ont \u00e9chou\u00e9 \u00e0 prot\u00e9ger Elena\u00a0\u00bb. Ils en appellent \u00e0 une refonte de l\u2019ensemble du syst\u00e8me allemand, esp\u00e9rant que la mort de leur fille servira \u00ab\u00a0d\u2019\u00e9lectrochoc\u00a0\u00bb afin d\u2019\u00e9pargner d\u2019autres vies.<\/p>\n<p>  Condamn\u00e9 pour meurtre dans les Hauts-de-Seine en 2006<\/p>\n<p>Mari\u00e9e et m\u00e8re d\u2019un enfant \u2013 elle en attendait un autre \u2013, <a href=\"https:\/\/www.dna.fr\/faits-divers-justice\/2025\/02\/13\/la-strasbourgeoise-elena-chaplin-tuee-a-offenbourg-une-psychologue-tres-appreciee\" target=\"_blank\" rel=\"noopener\">tr\u00e8s appr\u00e9ci\u00e9e de ses coll\u00e8gues<\/a> , la psychologue franco-allemande de 37 ans avait \u00e9t\u00e9 tu\u00e9e d\u2019une trentaine de coups de couteau, le 11\u00a0f\u00e9vrier 2025, alors qu\u2019elle sortait de son cabinet \u00e0 Offenbourg. Son agresseur, un quadrag\u00e9naire qui poss\u00e8de la double nationalit\u00e9 allemande et fran\u00e7aise, avait \u00e9t\u00e9 interpell\u00e9 d\u00e8s le lendemain.<\/p>\n<p>Charles Knodel avait d\u00e9j\u00e0 \u00e9t\u00e9 <a href=\"https:\/\/www.dna.fr\/faits-divers-justice\/2025\/02\/13\/strasbourgeoise-tuee-a-offenbourg-le-suspect-avait-deja-ete-condamne-pour-meurtre\" target=\"_blank\" rel=\"noopener\">condamn\u00e9 pour meurtre par le pass\u00e9<\/a>. En 2006, la cour d\u2019assises des Hauts-de-Seine lui avait inflig\u00e9 une peine de quinze ans de r\u00e9clusion pour avoir abattu son voisin \u00e0 coups de carabine, deux ans plus t\u00f4t, dans une r\u00e9sidence cossue de Saint-Cloud o\u00f9 il vivait avec ses parents.<\/p>\n<p>Apr\u00e8s sa sortie de prison, Charles Knodel s\u2019\u00e9tait \u00e9tabli dans l\u2019Ortenau. Souffrant de troubles psychiatriques, il avait multipli\u00e9 les s\u00e9jours en clinique sp\u00e9cialis\u00e9e et en foyer. C\u2019est \u00e0 cette \u00e9poque qu\u2019il avait rencontr\u00e9 Elena Chaplin qui \u00e9tait devenue sa th\u00e9rapeute. La jeune femme l\u2019avait jug\u00e9 dangereux et avait sugg\u00e9r\u00e9 son transfert dans un service ferm\u00e9, en vain.<\/p>\n<p>  Un myst\u00e9rieux complot contre lui<\/p>\n<p>L\u2019homme avait par la suite trouv\u00e9 un appartement \u00e0 Offenbourg. Aux travailleurs sociaux qui le suivaient, il avait avou\u00e9 qu\u2019il nourrissait des fantasmes mortif\u00e8res \u00e0 l\u2019endroit de son ancienne psychoth\u00e9rapeute, qu\u2019il tenait pour responsable de ses probl\u00e8mes mentaux\u00a0: il soup\u00e7onnait la jeune femme de l\u2019avoir hypnotis\u00e9 \u00e0 son insu et d\u2019avoir particip\u00e9 \u00e0 un complot dont il aurait \u00e9t\u00e9 victime durant son incarc\u00e9ration en France.<\/p>\n<p>Durant son proc\u00e8s, l\u2019accus\u00e9 de 43 ans est <a href=\"https:\/\/www.dna.fr\/faits-divers-justice\/2025\/08\/22\/meurtre-d-une-strasbourgeoise-a-offenbourg-le-verdict-attendu-mardi-26-aout\" target=\"_blank\" rel=\"noopener\">rest\u00e9 le plus souvent silencieux<\/a> , refusant de s\u2019expliquer sur les raisons de son passage \u00e0 l\u2019acte. D\u2019apr\u00e8s nos confr\u00e8res de la <a href=\"https:\/\/www.badische-zeitung.de\/mordprozess-um-offenburger-psychotherapeutin-die-frage-nach-dem-warum\" target=\"_blank\" rel=\"noopener\">Badische Zeitung<\/a> qui ont couvert l\u2019int\u00e9gralit\u00e9 des audiences, il aurait m\u00eame demand\u00e9 \u00e0 son avocat de ne poser aucune question aux diff\u00e9rents t\u00e9moins venus d\u00e9poser \u00e0 la barre.<\/p>\n","protected":false},"excerpt":{"rendered":"Au sortir d\u2019une \u00e9preuve judiciaire qui a d\u00e9but\u00e9 le 8\u00a0juillet devant le Landgericht d\u2019Offenbourg et qui s\u2019est tenue&hellip;\n","protected":false},"author":2,"featured_media":345695,"comment_status":"","ping_status":"","sticky":false,"template":"","format":"standard","meta":{"footnotes":""},"categories":[2820],"tags":[1111,11,2389,2649,271,272,2880,1777,674,274,107,1011,27,775,12,25,71,640,2879],"class_list":{"0":"post-345694","1":"post","2":"type-post","3":"status-publish","4":"format-standard","5":"has-post-thumbnail","7":"category-strasbourg","8":"tag-actu","9":"tag-actualites","10":"tag-alsace","11":"tag-bas-rhin","12":"tag-crime","13":"tag-delit-et-contravention","14":"tag-edition-strasbourg","15":"tag-eu","16":"tag-europe","17":"tag-faits-divers-justice","18":"tag-fil-info","19":"tag-fr","20":"tag-france","21":"tag-grand-est","22":"tag-news","23":"tag-republique-francaise","24":"tag-sante","25":"tag-strasbourg","26":"tag-strasbourg-ville"},"share_on_mastodon":{"url":"https:\/\/pubeurope.com\/@fr\/115096262084816536","error":""},"_links":{"self":[{"href":"https:\/\/www.europesays.com\/fr\/wp-json\/wp\/v2\/posts\/345694","targetHints":{"allow":["GET"]}}],"collection":[{"href":"https:\/\/www.europesays.com\/fr\/wp-json\/wp\/v2\/posts"}],"about":[{"href":"https:\/\/www.europesays.com\/fr\/wp-json\/wp\/v2\/types\/post"}],"author":[{"embeddable":true,"href":"https:\/\/www.europesays.com\/fr\/wp-json\/wp\/v2\/users\/2"}],"replies":[{"embeddable":true,"href":"https:\/\/www.europesays.com\/fr\/wp-json\/wp\/v2\/comments?post=345694"}],"version-history":[{"count":0,"href":"https:\/\/www.europesays.com\/fr\/wp-json\/wp\/v2\/posts\/345694\/revisions"}],"wp:featuredmedia":[{"embeddable":true,"href":"https:\/\/www.europesays.com\/fr\/wp-json\/wp\/v2\/media\/345695"}],"wp:attachment":[{"href":"https:\/\/www.europesays.com\/fr\/wp-json\/wp\/v2\/media?parent=345694"}],"wp:term":[{"taxonomy":"category","embeddable":true,"href":"https:\/\/www.europesays.com\/fr\/wp-json\/wp\/v2\/categories?post=345694"},{"taxonomy":"post_tag","embeddable":true,"href":"https:\/\/www.europesays.com\/fr\/wp-json\/wp\/v2\/tags?post=345694"}],"curies":[{"name":"wp","href":"https:\/\/api.w.org\/{rel}","templated":true}]}}