{"id":345698,"date":"2025-08-26T17:33:15","date_gmt":"2025-08-26T17:33:15","guid":{"rendered":"https:\/\/www.europesays.com\/fr\/345698\/"},"modified":"2025-08-26T17:33:15","modified_gmt":"2025-08-26T17:33:15","slug":"oubliez-vanille-fraise-fromage-courge-lard-fume-et-saveurs-folles-au-menu-des-artisans-les-plus-creatifs-de-la-ville","status":"publish","type":"post","link":"https:\/\/www.europesays.com\/fr\/345698\/","title":{"rendered":"oubliez vanille-fraise ! Fromage, courge, lard fum\u00e9 et saveurs folles au menu des artisans les plus cr\u00e9atifs de la ville"},"content":{"rendered":"<p><strong>Vous aimez la nouveaut\u00e9 et les surprises ? Alors chez vos marchands de glaces ni\u00e7ois, observez de loin les saveurs vanille, chocolat ou encore pistache pour vous diriger vers des go\u00fbts plus singuliers.  <\/strong><\/p>\n<p>Ils sont au moins 25 \u00e0 rafra\u00eechir quotidiennement les habitants et les touristes. <a href=\"https:\/\/nicepresse.com\/les-meilleures-glaces-de-france-sont-a-retrouver-a-nice-dapres-une-nouvelle-etude\/\" rel=\"nofollow noopener\" target=\"_blank\">\u00c0 Nice<\/a>, plus d\u2019une vingtaine de glaciers r\u00e9galent les gourmands \u00e0 l\u2019aide de sorbets et de pr\u00e9parations de leur invention. Chaque \u00e9t\u00e9, et m\u00eame si les prochains jours seront plus incertains sur le plan de la m\u00e9t\u00e9o, ils sont indissociables des vacances.<\/p>\n<p>Au moment de la commande, se pose alors la question du parfum. Faut-il opter pour un classique comme la fraise, le chocolat, la vanille ou encore la pistache, ou bien peut-on plonger dans l\u2019inconnu ? Si vous penchez plut\u00f4t pour les saveurs \u00e9tonnantes, sachez que dans la capitale maralpine, vous avez de quoi faire !<\/p>\n<p>Fromage, a\u00efoli ou foin\u2026 Il y a de tout \u00e0 Terre \u00e0d\u00e9lice<\/p>\n<blockquote class=\"instagram-media\" data-instgrm-permalink=\"https:\/\/www.instagram.com\/p\/DM7cTnZNVKb\/?utm_source=ig_embed&amp;utm_campaign=loading\" data-instgrm-version=\"14\" style=\" background:#FFF; border:0; border-radius:3px; box-shadow:0 0 1px 0 rgba(0,0,0,0.5),0 1px 10px 0 rgba(0,0,0,0.15); margin: 1px; max-width:540px; min-width:326px; padding:0; width:99.375%; width:-webkit-calc(100% - 2px); width:calc(100% - 2px);\"\/>\n<p>Prenons l\u2019exemple peut-\u00eatre le plus parlant, le fromage blanc de ch\u00e8vre <a href=\"https:\/\/nicepresse.com\/vieux-nice-cest-nouveau-chez-terre-adelice-degustez-des-glaces-100-bio\/\" rel=\"nofollow noopener\" target=\"_blank\">de Terre \u00e0d\u00e9lice<\/a>, au 1 rue Jules Gilly, dans <a href=\"https:\/\/nicepresse.com\/ou-trouver-les-meilleures-glaces-du-vieux-nice-on-vous-emmene-chez-3-des-plus-reputes\/\" rel=\"nofollow noopener\" target=\"_blank\">la Vieille-Ville<\/a>. Oui, vous avez bien lu, fromage de ch\u00e8vre, un go\u00fbt qui, \u00e0 coup s\u00fbr, pourra intriguer vos papilles. <\/p>\n<p>\u00c0 la carte, vous d\u00e9couvrirez 57 possibilit\u00e9s, toutes bio. Parmi les propositions, nous pouvons \u00e9galement \u00e9voquer le poivron rouge, l\u2019ail noir ou la betterave rouge, l\u2019a\u00efoli, le lard fum\u00e9 et m\u00eame le foin. Comme vous le voyez, vous ne serez pas au bout de vos surprises.<\/p>\n<p>Audace et cr\u00e9ativit\u00e9 chez Arlequin gelati<\/p>\n<blockquote class=\"instagram-media\" data-instgrm-permalink=\"https:\/\/www.instagram.com\/p\/CJLqB26DXy-\/?utm_source=ig_embed&amp;utm_campaign=loading\" data-instgrm-version=\"14\" style=\" background:#FFF; border:0; border-radius:3px; box-shadow:0 0 1px 0 rgba(0,0,0,0.5),0 1px 10px 0 rgba(0,0,0,0.15); margin: 1px; max-width:540px; min-width:326px; padding:0; width:99.375%; width:-webkit-calc(100% - 2px); width:calc(100% - 2px);\"\/>\n<p>De l\u2019audace, on en retrouve aussi chez <a href=\"https:\/\/nicepresse.com\/nice-arlequin-gelati-eldorado-des-mordus-de-glaces\/\" rel=\"nofollow noopener\" target=\"_blank\">Arlequin gelati<\/a>. Glacier iconique de la commune sur l\u2019avenue Malauss\u00e9na, il n\u2019est pas le dernier \u00e0 innover \u00e0 travers ses cr\u00e8mes glac\u00e9es. Dans la liste, nous pouvons ressortir le chocolat de Saint-Domingue. <\/p>\n<p><a href=\"https:\/\/anneedelamer.nice.fr\/\" rel=\"nofollow noopener\" target=\"_blank\"><img loading=\"lazy\" decoding=\"async\" width=\"300\" height=\"300\" src=\"data:image\/svg+xml,%3Csvg%20xmlns=\" http:=\"\" alt=\"\" class=\"wp-image-235449\" data-lazy-src=\"https:\/\/www.europesays.com\/fr\/wp-content\/uploads\/2025\/04\/IMG_1416-2.png\"\/><\/a><\/p>\n<p>Une ambiance mousse au chocolat dans votre bouche \u00e0 travers trois vari\u00e9t\u00e9s : du cacao de Saint-Domingue grand cru, ainsi que du P\u00e9rou et du Vietnam. Un mets en constante \u00e9volution. Il nous faut citer, chez les autres parfums m\u00e9connus, le durian et la fleur du Liban.<\/p>\n<p>Du local, mais pas que Chez Papilla<\/p>\n<blockquote class=\"instagram-media\" data-instgrm-permalink=\"https:\/\/www.instagram.com\/p\/ChCpo7wg0n6\/?utm_source=ig_embed&amp;utm_campaign=loading\" data-instgrm-version=\"14\" style=\" background:#FFF; border:0; border-radius:3px; box-shadow:0 0 1px 0 rgba(0,0,0,0.5),0 1px 10px 0 rgba(0,0,0,0.15); margin: 1px; max-width:540px; min-width:326px; padding:0; width:99.375%; width:-webkit-calc(100% - 2px); width:calc(100% - 2px);\"\/>\n<p>Autre adresse recommand\u00e9e, Chez Papilla, install\u00e9e au 7 rue Saint-Fran\u00e7ois. Ici, pas d\u2019ar\u00f4mes, de colorants ni de conservateurs. En revanche, on peut se laisser tenter par les saveurs suivantes : cheesecake aux myrtilles, courge caram\u00e9lis\u00e9e aux \u00e9pices, kalamansi, un citron des Philippines, ou spiruline. <\/p>\n<p>On d\u00e9couvre de nombreux produits locaux, comme la rose centifolia de Grasse, la fleur d\u2019oranger de Bar-sur-Loup et la bigarade verte de Vallauris. Mais les plus gourmands se d\u00e9lecteront sans doute de la noisette du Pi\u00e9mont, contenant en plus du lait de riz et de la stevia.<\/p>\n<p>On voyage chez Oui, jelato<\/p>\n<blockquote class=\"instagram-media\" data-instgrm-permalink=\"https:\/\/www.instagram.com\/p\/DJgljLVomeB\/?utm_source=ig_embed&amp;utm_campaign=loading\" data-instgrm-version=\"14\" style=\" background:#FFF; border:0; border-radius:3px; box-shadow:0 0 1px 0 rgba(0,0,0,0.5),0 1px 10px 0 rgba(0,0,0,0.15); margin: 1px; max-width:540px; min-width:326px; padding:0; width:99.375%; width:-webkit-calc(100% - 2px); width:calc(100% - 2px);\"\/>\n<p>Enfin, ce voyage haut en couleur se conclut chez Oui, jelato, qui appartient \u00e0 la famille Crepaldi\u00a0depuis 2005. Aujourd\u2019hui, c\u2019est Monica qui se charge de la fabrication de <a href=\"https:\/\/nicepresse.com\/les-bons-conseils-pour-debusquer-les-fausses-glaces-artisanales-cet-ete\/\" rel=\"nofollow noopener\" target=\"_blank\">glaces artisanales<\/a> authentiques dans la boutique au 5 rue de la Pr\u00e9fecture. <\/p>\n<p>Au milieu des nombreuses cr\u00e9ations, le cr\u00e9meux pistache, accompagn\u00e9 d\u2019une ganache chocolat, se d\u00e9tache. Mais nous relevons aussi les go\u00fbts mascarpone-Nutella, confiture de lait, pop-corn caramel et \u00ab\u00a0bacio\u00a0\u00bb, une g\u00e2terie c\u00e9l\u00e8bre dans toute l\u2019Italie. <\/p>\n<p>\t<script async src=\"\/\/www.instagram.com\/embed.js\"><\/script><\/p>\n","protected":false},"excerpt":{"rendered":"Vous aimez la nouveaut\u00e9 et les surprises ? Alors chez vos marchands de glaces ni\u00e7ois, observez de loin&hellip;\n","protected":false},"author":2,"featured_media":345699,"comment_status":"","ping_status":"","sticky":false,"template":"","format":"standard","meta":{"footnotes":""},"categories":[2819],"tags":[1111,11,1777,674,1011,27,12,2401,882,25],"class_list":{"0":"post-345698","1":"post","2":"type-post","3":"status-publish","4":"format-standard","5":"has-post-thumbnail","7":"category-nice","8":"tag-actu","9":"tag-actualites","10":"tag-eu","11":"tag-europe","12":"tag-fr","13":"tag-france","14":"tag-news","15":"tag-nice","16":"tag-provence-alpes-cote-dazur","17":"tag-republique-francaise"},"share_on_mastodon":{"url":"https:\/\/pubeurope.com\/@fr\/115096269982831224","error":""},"_links":{"self":[{"href":"https:\/\/www.europesays.com\/fr\/wp-json\/wp\/v2\/posts\/345698","targetHints":{"allow":["GET"]}}],"collection":[{"href":"https:\/\/www.europesays.com\/fr\/wp-json\/wp\/v2\/posts"}],"about":[{"href":"https:\/\/www.europesays.com\/fr\/wp-json\/wp\/v2\/types\/post"}],"author":[{"embeddable":true,"href":"https:\/\/www.europesays.com\/fr\/wp-json\/wp\/v2\/users\/2"}],"replies":[{"embeddable":true,"href":"https:\/\/www.europesays.com\/fr\/wp-json\/wp\/v2\/comments?post=345698"}],"version-history":[{"count":0,"href":"https:\/\/www.europesays.com\/fr\/wp-json\/wp\/v2\/posts\/345698\/revisions"}],"wp:featuredmedia":[{"embeddable":true,"href":"https:\/\/www.europesays.com\/fr\/wp-json\/wp\/v2\/media\/345699"}],"wp:attachment":[{"href":"https:\/\/www.europesays.com\/fr\/wp-json\/wp\/v2\/media?parent=345698"}],"wp:term":[{"taxonomy":"category","embeddable":true,"href":"https:\/\/www.europesays.com\/fr\/wp-json\/wp\/v2\/categories?post=345698"},{"taxonomy":"post_tag","embeddable":true,"href":"https:\/\/www.europesays.com\/fr\/wp-json\/wp\/v2\/tags?post=345698"}],"curies":[{"name":"wp","href":"https:\/\/api.w.org\/{rel}","templated":true}]}}