{"id":345700,"date":"2025-08-26T17:34:10","date_gmt":"2025-08-26T17:34:10","guid":{"rendered":"https:\/\/www.europesays.com\/fr\/345700\/"},"modified":"2025-08-26T17:34:10","modified_gmt":"2025-08-26T17:34:10","slug":"une-croix-gammee-taguee-sur-un-mur-dans-un-quartier-de-nice","status":"publish","type":"post","link":"https:\/\/www.europesays.com\/fr\/345700\/","title":{"rendered":"Une croix gamm\u00e9e tagu\u00e9e sur un mur dans un quartier de Nice"},"content":{"rendered":"<p>Une croix gamm\u00e9e, symbole de l\u2019Allemagne nazie, a \u00e9t\u00e9 tagu\u00e9e \u00e0 Nice, dans le quartier de Rimiez. Accompagn\u00e9e de \u00ab\u00a0Nike la police Isra\u00ebl\u00a0\u00bb. Le tag a \u00e9t\u00e9 effac\u00e9 ce mardi 26 ao\u00fbt au matin.<\/p>\n<p>\u00c9ric Ciotti, d\u00e9put\u00e9 UDR des Alpes-Maritimes, alli\u00e9, au Rassemblement national, s\u2019est indign\u00e9 ce mardi 26 ao\u00fbt. \u00ab\u00a0Ces attaques antis\u00e9mites, comme celles visant nos policiers, sont insupportables! Je leur apporte naturellement tout mon soutien, et en appelle \u00e0 la r\u00e9ponse la plus ferme de l\u2019\u00c9tat contre ces individus abjects\u00a0\u00bb, a-t-il \u00e9crit sur les r\u00e9seaux sociaux X et Facebook aux alentours de 17h.<\/p>\n<p>Passe d\u2019armes Ciotti\/L\u00e9onelli<\/p>\n<p>Pierre-Paul L\u00e9onelli, adjoint au maire de Nice Christian Estrosi, lui a r\u00e9pondu sur X quelques minutes plus tard: \u00ab\u00a0C\u2019est \u00e0 croire qu\u2019\u00c9ric Ciotti n\u2019habite pas \u00e0 Nice ou que ses collaborateurs lui fournissent des infos en retard. Ce tag a \u00e9t\u00e9 nettoy\u00e9 depuis ce matin! Les services du nettoiement n\u2019attendent pas les \u2018\u2018lanceurs d\u2019alerte\u2019\u2019 ciottistes pour intervenir et ce depuis 2008\u00a0\u00bb.<\/p>\n<p>\u00c9ric Ciotti fait sa rentr\u00e9e politique ce dimanche 31 ao\u00fbt \u00e0 12h au Grand Pr\u00e9 de Levens. Il ne s\u2019est toujours pas officiellement d\u00e9clar\u00e9 candidat aux \u00e9lections municipales de Nice, face \u00e0 Christian Estrosi, d\u00e9j\u00e0 candidat \u00e0 sa r\u00e9\u00e9lection, qui effectue, lui, sa rentr\u00e9e politique ce vendredi 29 ao\u00fbt \u00e0 18 heures, au Jardin Albert-1er \u00e0 Nice.<\/p>\n<blockquote class=\"twitter-tweet\">\n<p lang=\"fr\" dir=\"ltr\">C\u2019est \u00e0 croire que <a href=\"https:\/\/twitter.com\/eciotti?ref_src=twsrc%5Etfw\" rel=\"nofollow noopener\" target=\"_blank\">@eciotti<\/a> n\u2019habite pas \u00e0 Nice ou que ses collaborateurs lui fournissent des infos en retard . Ce tag a \u00e9t\u00e9 nettoy\u00e9 depuis ce matin ! Les services du nettoiement n\u2019attendent pas les  \u00ab  lanceurs d\u2019alerte \u00bb ciottistes pour intervenir et ce depuis 2008 . <a href=\"https:\/\/t.co\/xteOC2Mt8I\" rel=\"nofollow\">pic.twitter.com\/xteOC2Mt8I<\/a><\/p>\n<p>\u2014 Pierre-Paul L\u00e9onelli (@PPLeonelli) <a href=\"https:\/\/twitter.com\/PPLeonelli\/status\/1960371199432610062?ref_src=twsrc%5Etfw\" rel=\"nofollow noopener\" target=\"_blank\">August 26, 2025<\/a><\/p><\/blockquote>\n<p>                                                                                                                                        <script async src=\"https:\/\/platform.twitter.com\/widgets.js\" charset=\"utf-8\"><\/script><\/p>\n","protected":false},"excerpt":{"rendered":"Une croix gamm\u00e9e, symbole de l\u2019Allemagne nazie, a \u00e9t\u00e9 tagu\u00e9e \u00e0 Nice, dans le quartier de Rimiez. Accompagn\u00e9e&hellip;\n","protected":false},"author":2,"featured_media":345701,"comment_status":"","ping_status":"","sticky":false,"template":"","format":"standard","meta":{"footnotes":""},"categories":[2819],"tags":[1111,11,1777,674,118,1011,27,12,2401,316,882,25],"class_list":{"0":"post-345700","1":"post","2":"type-post","3":"status-publish","4":"format-standard","5":"has-post-thumbnail","7":"category-nice","8":"tag-actu","9":"tag-actualites","10":"tag-eu","11":"tag-europe","12":"tag-faits-divers","13":"tag-fr","14":"tag-france","15":"tag-news","16":"tag-nice","17":"tag-politique","18":"tag-provence-alpes-cote-dazur","19":"tag-republique-francaise"},"share_on_mastodon":{"url":"https:\/\/pubeurope.com\/@fr\/115096273694590386","error":""},"_links":{"self":[{"href":"https:\/\/www.europesays.com\/fr\/wp-json\/wp\/v2\/posts\/345700","targetHints":{"allow":["GET"]}}],"collection":[{"href":"https:\/\/www.europesays.com\/fr\/wp-json\/wp\/v2\/posts"}],"about":[{"href":"https:\/\/www.europesays.com\/fr\/wp-json\/wp\/v2\/types\/post"}],"author":[{"embeddable":true,"href":"https:\/\/www.europesays.com\/fr\/wp-json\/wp\/v2\/users\/2"}],"replies":[{"embeddable":true,"href":"https:\/\/www.europesays.com\/fr\/wp-json\/wp\/v2\/comments?post=345700"}],"version-history":[{"count":0,"href":"https:\/\/www.europesays.com\/fr\/wp-json\/wp\/v2\/posts\/345700\/revisions"}],"wp:featuredmedia":[{"embeddable":true,"href":"https:\/\/www.europesays.com\/fr\/wp-json\/wp\/v2\/media\/345701"}],"wp:attachment":[{"href":"https:\/\/www.europesays.com\/fr\/wp-json\/wp\/v2\/media?parent=345700"}],"wp:term":[{"taxonomy":"category","embeddable":true,"href":"https:\/\/www.europesays.com\/fr\/wp-json\/wp\/v2\/categories?post=345700"},{"taxonomy":"post_tag","embeddable":true,"href":"https:\/\/www.europesays.com\/fr\/wp-json\/wp\/v2\/tags?post=345700"}],"curies":[{"name":"wp","href":"https:\/\/api.w.org\/{rel}","templated":true}]}}