{"id":345711,"date":"2025-08-26T17:41:18","date_gmt":"2025-08-26T17:41:18","guid":{"rendered":"https:\/\/www.europesays.com\/fr\/345711\/"},"modified":"2025-08-26T17:41:18","modified_gmt":"2025-08-26T17:41:18","slug":"dj-foodtrucks-bar-une-enorme-fete-gratuite-sur-lesplanade-dun-chateau-a-deux-pas-de-lille-samedi","status":"publish","type":"post","link":"https:\/\/www.europesays.com\/fr\/345711\/","title":{"rendered":"DJ, foodtrucks, bar&#8230; Une \u00e9norme f\u00eate gratuite sur l&rsquo;esplanade d&rsquo;un ch\u00e2teau \u00e0 deux pas de Lille samedi"},"content":{"rendered":"<p>            Par<br \/>\n        <strong><br \/>\n            <a href=\"https:\/\/actu.fr\/auteur\/nicolas-demollien\" title=\"Consulter tous les articles de Nicolas Demollien\" rel=\"nofollow noopener\" target=\"_blank\">Nicolas Demollien<\/a><br \/>\n        <\/strong><\/p>\n<p>        Publi\u00e9 le<\/p>\n<p>            26 ao\u00fbt 2025 \u00e0 18h50        <\/p>\n<p>C\u2019est l\u2019un des \u00e9v\u00e9nements \u00e0 louper dans la r\u00e9gion de <a href=\"https:\/\/actu.fr\/hauts-de-france\/lille_59350\" rel=\"nofollow noopener\" target=\"_blank\">Lille<\/a> (Nord) \u00e0 la fin de l\u2019\u00e9t\u00e9 ! Ce samedi 30 ao\u00fbt 2025 se d\u00e9roulera l\u2019\u00e9tape de La <b>Summer Break <\/b>\u00e0 <a href=\"https:\/\/actu.fr\/hauts-de-france\/wambrechies_59636\" rel=\"nofollow noopener\" target=\"_blank\">Wambrechies<\/a>, sur l\u2019<b>esplanade du ch\u00e2teau de Robersart<\/b>. Une <b>soir\u00e9e gratuite<\/b> qui vous r\u00e9serve bien des surprises avec <b>DJ, foodtrucks, bar<\/b> et <b>cadeaux<\/b> \u00e0 gogo.<\/p>\n<p>La Summer Break fait son grand retour \u00e0 Wambrechies ce samedi<\/p>\n<p class=\" wall-content\">Autant dire qu\u2019on a d\u00e9j\u00e0 h\u00e2te d\u2019y \u00eatre ! L\u2019esplanade va v\u00e9ritablement se transformer en <b>dancefloor g\u00e9ant<\/b> durant trois heures, de 20h30 \u00e0 23h30.<\/p>\n<p class=\" wall-content\">C\u2019est JLOW, jeune prodige, qui sera aux platines pour distiller ses meilleurs sons. Et ce n\u2019est pas tout : <b>Ambriel<\/b>, candidate de <a href=\"https:\/\/actu.fr\/tag\/the-voice\" rel=\"nofollow noopener\" target=\"_blank\">The Voice<\/a> 11 puis chanteuse du nouveau spectacle Starmania, sera pr\u00e9sente sur sc\u00e8ne.<\/p>\n<p class=\" wall-content\">\u00ab\u00a0Pour avoir la force de danser durant les <b>3 heures de show<\/b>, un espace drink &amp; food sera mis en place d\u00e8s 19h\u00a0\u00bb, annoncent les organisateurs. Le bar sera tenu par la brasserie Tandem tandis que des foodtrucks proposeront pizzas, sp\u00e9cialit\u00e9s canadiennes ainsi que des cr\u00eapes et galettes.<\/p>\n<p class=\" wall-content\">Vous l\u2019aurez compris, une super soir\u00e9e en perspective !<\/p>\n<p>    <a href=\"https:\/\/www.facebook.com\/plugins\/video.php?height=314&amp;href=https%3A%2F%2Fwww.facebook.com%2Freel%2F1396279524763023%2F&amp;show_text=false&amp;width=350&amp;t=0\" title=\"Ouvrie le lien\" rel=\"nofollow noopener\" target=\"_blank\">Cliquez ici pour visualiser le contenu<\/a><\/p>\n<p class=\" wall-content\">Plus d\u2019infos sur le site <a href=\"https:\/\/www.wambrechies.fr\/sur-votre-agenda\/summer-break\" rel=\"nofollow noopener\" target=\"_blank\">wambrechies.fr<\/a><\/p>\n<p class=\" wall-content\">Personnalisez votre actualit\u00e9 en ajoutant vos villes et m\u00e9dias en favori avec <a href=\"https:\/\/moncompte.actu.fr\" title=\"D\u00e9couvez Mon Actu\" rel=\"nofollow noopener\" data-trk=\"{&quot;cta&quot;:{&quot;action&quot;:&quot;https:\\\/\\\/moncompte.actu.fr&quot;,&quot;category&quot;:&quot;mon compte&quot;,&quot;from&quot;:&quot;article footer&quot;,&quot;name&quot;:&quot;Mon actu&quot;,&quot;type&quot;:&quot;cta&quot;}}\" target=\"_blank\">Mon Actu<\/a>.<\/p>\n","protected":false},"excerpt":{"rendered":"Par Nicolas Demollien Publi\u00e9 le 26 ao\u00fbt 2025 \u00e0 18h50 C\u2019est l\u2019un des \u00e9v\u00e9nements \u00e0 louper dans la&hellip;\n","protected":false},"author":2,"featured_media":345712,"comment_status":"","ping_status":"","sticky":false,"template":"","format":"standard","meta":{"footnotes":""},"categories":[2815],"tags":[1111,11,6557,1697,1777,674,1011,27,811,1307,1652,12,25],"class_list":{"0":"post-345711","1":"post","2":"type-post","3":"status-publish","4":"format-standard","5":"has-post-thumbnail","7":"category-lille","8":"tag-actu","9":"tag-actualites","10":"tag-bon-plan-a-lille","11":"tag-concert","12":"tag-eu","13":"tag-europe","14":"tag-fr","15":"tag-france","16":"tag-hauts-de-france","17":"tag-lille","18":"tag-loisirs-culture","19":"tag-news","20":"tag-republique-francaise"},"share_on_mastodon":{"url":"https:\/\/pubeurope.com\/@fr\/115096301334717539","error":""},"_links":{"self":[{"href":"https:\/\/www.europesays.com\/fr\/wp-json\/wp\/v2\/posts\/345711","targetHints":{"allow":["GET"]}}],"collection":[{"href":"https:\/\/www.europesays.com\/fr\/wp-json\/wp\/v2\/posts"}],"about":[{"href":"https:\/\/www.europesays.com\/fr\/wp-json\/wp\/v2\/types\/post"}],"author":[{"embeddable":true,"href":"https:\/\/www.europesays.com\/fr\/wp-json\/wp\/v2\/users\/2"}],"replies":[{"embeddable":true,"href":"https:\/\/www.europesays.com\/fr\/wp-json\/wp\/v2\/comments?post=345711"}],"version-history":[{"count":0,"href":"https:\/\/www.europesays.com\/fr\/wp-json\/wp\/v2\/posts\/345711\/revisions"}],"wp:featuredmedia":[{"embeddable":true,"href":"https:\/\/www.europesays.com\/fr\/wp-json\/wp\/v2\/media\/345712"}],"wp:attachment":[{"href":"https:\/\/www.europesays.com\/fr\/wp-json\/wp\/v2\/media?parent=345711"}],"wp:term":[{"taxonomy":"category","embeddable":true,"href":"https:\/\/www.europesays.com\/fr\/wp-json\/wp\/v2\/categories?post=345711"},{"taxonomy":"post_tag","embeddable":true,"href":"https:\/\/www.europesays.com\/fr\/wp-json\/wp\/v2\/tags?post=345711"}],"curies":[{"name":"wp","href":"https:\/\/api.w.org\/{rel}","templated":true}]}}