{"id":345717,"date":"2025-08-26T17:44:09","date_gmt":"2025-08-26T17:44:09","guid":{"rendered":"https:\/\/www.europesays.com\/fr\/345717\/"},"modified":"2025-08-26T17:44:09","modified_gmt":"2025-08-26T17:44:09","slug":"real-madrid-om-le-transfert-qui-affole-marseille","status":"publish","type":"post","link":"https:\/\/www.europesays.com\/fr\/345717\/","title":{"rendered":"Real Madrid &#8211; OM : Le transfert qui affole Marseille !"},"content":{"rendered":"<p class=\"heading\">En attendant l\u2019\u00e9volution de la situation autour d\u2019Adrien Rabiot, l\u2019Olympique de Marseille a commenc\u00e9 \u00e0 bouger sur le mercato, pour lui chercher un potentiel rempla\u00e7ant. Et il pourrait bien \u00eatre trouv\u00e9 en Espagne, puisque les dirigeants marseillais auraient entam\u00e9 des n\u00e9gociations avec le Real Madrid, pour Dani Ceballos. <\/p>\n<p>La fin de ce mercato estival nous r\u00e9serve encore des gros rebondissements. Notamment du c\u00f4t\u00e9 de Marseille, o\u00f9 <strong>Adrien Rabiot<\/strong> est toujours sur le d\u00e9part en d\u00e9pit des r\u00e9cents propos de <strong>Roberto De Zerbi<\/strong>. Son nom est notamment \u00e9voqu\u00e9 en <strong>Serie A <\/strong>ou en <strong>Premier League<\/strong>, mais pour le moment il est toujours \u00e0 l\u2019<strong>OM<\/strong>. <\/p>\n<p>                                            Un nouveau milieu \u00e0 Marseille ? <\/p>\n<p>En attendant qu\u2019un possible d\u00e9part ne se concr\u00e9tise, les dirigeants marseillais auraient commenc\u00e9 \u00e0 lui chercher un rempla\u00e7ant et ces derni\u00e8res heures la piste <strong>Florentino Luis<\/strong> de <strong>Benfica <\/strong>a notamment fait parler. Mais la grande priorit\u00e9 de l\u2019<strong>OM<\/strong> serait plut\u00f4t <a href=\"https:\/\/le10sport.com\/football\/mercato\/mercato-il-dit-oui-a-lom-le-real-madrid-debarque-et-joue-un-vilain-tour-755684\" rel=\"nofollow noopener\" target=\"_blank\">Dani Ceballos<\/a>, international espagnol actuellement au <strong>Real Madrid<\/strong>, o\u00f9 il ne toutefois pas beaucoup. <\/p>\n<p>                                            Ceballos veut aller \u00e0 l\u2019OM, mais&#8230; <\/p>\n<p>D\u2019apr\u00e8s les informations de <strong>Fabrizio Romano<\/strong>, le milieu de 29 ans serait s\u00e9duit par le projet marseillais et aimerait beaucoup que l\u2019op\u00e9ration se concr\u00e9tise, notamment pour b\u00e9n\u00e9ficier d\u2019un plus grand temps de jeu en vue du <strong>Mondial 2026<\/strong>. L&rsquo;obstacle reste toutefois le <strong>Real Madrid<\/strong>, qui ne semble pas vraiment vouloir braser <strong>Dani Ceballos<\/strong>. <\/p>\n","protected":false},"excerpt":{"rendered":"En attendant l\u2019\u00e9volution de la situation autour d\u2019Adrien Rabiot, l\u2019Olympique de Marseille a commenc\u00e9 \u00e0 bouger sur le&hellip;\n","protected":false},"author":2,"featured_media":345718,"comment_status":"","ping_status":"","sticky":false,"template":"","format":"standard","meta":{"footnotes":""},"categories":[2814],"tags":[1111,11,1777,674,1011,27,884,12,882,25],"class_list":{"0":"post-345717","1":"post","2":"type-post","3":"status-publish","4":"format-standard","5":"has-post-thumbnail","7":"category-marseille","8":"tag-actu","9":"tag-actualites","10":"tag-eu","11":"tag-europe","12":"tag-fr","13":"tag-france","14":"tag-marseille","15":"tag-news","16":"tag-provence-alpes-cote-dazur","17":"tag-republique-francaise"},"share_on_mastodon":{"url":"https:\/\/pubeurope.com\/@fr\/115096313157328329","error":""},"_links":{"self":[{"href":"https:\/\/www.europesays.com\/fr\/wp-json\/wp\/v2\/posts\/345717","targetHints":{"allow":["GET"]}}],"collection":[{"href":"https:\/\/www.europesays.com\/fr\/wp-json\/wp\/v2\/posts"}],"about":[{"href":"https:\/\/www.europesays.com\/fr\/wp-json\/wp\/v2\/types\/post"}],"author":[{"embeddable":true,"href":"https:\/\/www.europesays.com\/fr\/wp-json\/wp\/v2\/users\/2"}],"replies":[{"embeddable":true,"href":"https:\/\/www.europesays.com\/fr\/wp-json\/wp\/v2\/comments?post=345717"}],"version-history":[{"count":0,"href":"https:\/\/www.europesays.com\/fr\/wp-json\/wp\/v2\/posts\/345717\/revisions"}],"wp:featuredmedia":[{"embeddable":true,"href":"https:\/\/www.europesays.com\/fr\/wp-json\/wp\/v2\/media\/345718"}],"wp:attachment":[{"href":"https:\/\/www.europesays.com\/fr\/wp-json\/wp\/v2\/media?parent=345717"}],"wp:term":[{"taxonomy":"category","embeddable":true,"href":"https:\/\/www.europesays.com\/fr\/wp-json\/wp\/v2\/categories?post=345717"},{"taxonomy":"post_tag","embeddable":true,"href":"https:\/\/www.europesays.com\/fr\/wp-json\/wp\/v2\/tags?post=345717"}],"curies":[{"name":"wp","href":"https:\/\/api.w.org\/{rel}","templated":true}]}}