{"id":345719,"date":"2025-08-26T17:45:16","date_gmt":"2025-08-26T17:45:16","guid":{"rendered":"https:\/\/www.europesays.com\/fr\/345719\/"},"modified":"2025-08-26T17:45:16","modified_gmt":"2025-08-26T17:45:16","slug":"une-adolescente-decede-apres-une-chute-du-4e-etage","status":"publish","type":"post","link":"https:\/\/www.europesays.com\/fr\/345719\/","title":{"rendered":"une adolescente d\u00e9c\u00e8de apr\u00e8s une chute du 4e \u00e9tage"},"content":{"rendered":"<p itemprop=\"description\"><strong>Un drame s\u2019est produit ce mardi en fin de matin\u00e9e dans le quartier de Parilly, \u00e0 V\u00e9nissieux.<\/strong><\/p>\n<p>Une adolescente de 15 ans est tomb\u00e9e du quatri\u00e8me \u00e9tage d\u2019un immeuble situ\u00e9 rue Anatole-France.<\/p>\n<p>Rapidement sur place, les policiers ont tent\u00e9 de r\u00e9animer la victime, avant l\u2019arriv\u00e9e des secours. Le d\u00e9c\u00e8s de la jeune fille a \u00e9t\u00e9 constat\u00e9 peu apr\u00e8s 12h15.<\/p>\n<p>Selon les premiers \u00e9l\u00e9ments recueillis sur place, l\u2019adolescente aurait \u00e9t\u00e9 aper\u00e7ue sur le rebord d\u2019une fen\u00eatre par un ouvrier, qui a tent\u00e9 d\u2019intervenir avant de donner l\u2019alerte. Si la th\u00e8se du suicide est \u00e9voqu\u00e9e, une enqu\u00eate a \u00e9t\u00e9 ouverte afin de d\u00e9terminer les circonstances exactes de ce d\u00e9c\u00e8s.<\/p>\n","protected":false},"excerpt":{"rendered":"Un drame s\u2019est produit ce mardi en fin de matin\u00e9e dans le quartier de Parilly, \u00e0 V\u00e9nissieux. Une&hellip;\n","protected":false},"author":2,"featured_media":345720,"comment_status":"","ping_status":"","sticky":false,"template":"","format":"standard","meta":{"footnotes":""},"categories":[1889],"tags":[1111,11,2813,2190,2430,1109,251,1112,2811,1777,674,118,1011,27,1922,1110,1114,2428,2810,12,241,316,25,2812,517,800],"class_list":{"0":"post-345719","1":"post","2":"type-post","3":"status-publish","4":"format-standard","5":"has-post-thumbnail","7":"category-lyon","8":"tag-actu","9":"tag-actualites","10":"tag-article","11":"tag-asvel","12":"tag-auvergne-rhone-alpes","13":"tag-breves","14":"tag-culture","15":"tag-depeches","16":"tag-economique","17":"tag-eu","18":"tag-europe","19":"tag-faits-divers","20":"tag-fr","21":"tag-france","22":"tag-info","23":"tag-informations","24":"tag-infos","25":"tag-lyon","26":"tag-lyonmag","27":"tag-news","28":"tag-ol","29":"tag-politique","30":"tag-republique-francaise","31":"tag-sociale","32":"tag-sport","33":"tag-transports"},"share_on_mastodon":{"url":"https:\/\/pubeurope.com\/@fr\/115096317015549881","error":""},"_links":{"self":[{"href":"https:\/\/www.europesays.com\/fr\/wp-json\/wp\/v2\/posts\/345719","targetHints":{"allow":["GET"]}}],"collection":[{"href":"https:\/\/www.europesays.com\/fr\/wp-json\/wp\/v2\/posts"}],"about":[{"href":"https:\/\/www.europesays.com\/fr\/wp-json\/wp\/v2\/types\/post"}],"author":[{"embeddable":true,"href":"https:\/\/www.europesays.com\/fr\/wp-json\/wp\/v2\/users\/2"}],"replies":[{"embeddable":true,"href":"https:\/\/www.europesays.com\/fr\/wp-json\/wp\/v2\/comments?post=345719"}],"version-history":[{"count":0,"href":"https:\/\/www.europesays.com\/fr\/wp-json\/wp\/v2\/posts\/345719\/revisions"}],"wp:featuredmedia":[{"embeddable":true,"href":"https:\/\/www.europesays.com\/fr\/wp-json\/wp\/v2\/media\/345720"}],"wp:attachment":[{"href":"https:\/\/www.europesays.com\/fr\/wp-json\/wp\/v2\/media?parent=345719"}],"wp:term":[{"taxonomy":"category","embeddable":true,"href":"https:\/\/www.europesays.com\/fr\/wp-json\/wp\/v2\/categories?post=345719"},{"taxonomy":"post_tag","embeddable":true,"href":"https:\/\/www.europesays.com\/fr\/wp-json\/wp\/v2\/tags?post=345719"}],"curies":[{"name":"wp","href":"https:\/\/api.w.org\/{rel}","templated":true}]}}