{"id":345721,"date":"2025-08-26T17:46:12","date_gmt":"2025-08-26T17:46:12","guid":{"rendered":"https:\/\/www.europesays.com\/fr\/345721\/"},"modified":"2025-08-26T17:46:12","modified_gmt":"2025-08-26T17:46:12","slug":"lyon-6e-arrondissement-interdiction-de-stationner-rue-germain-et-dinkermann","status":"publish","type":"post","link":"https:\/\/www.europesays.com\/fr\/345721\/","title":{"rendered":"Lyon 6e Arrondissement. Interdiction de stationner rue Germain et d\u2019Inkermann"},"content":{"rendered":"<p>\u00c0 partir du jeudi 28\u00a0ao\u00fbt et jusqu\u2019au vendredi 5\u00a0septembre\u00a02025, le stationnement sera interdit, g\u00eanant, au fur et \u00e0 mesure de l\u2019avancement des travaux du chantier\u00a0:<\/p>\n<p>Rue d\u2019Inkermann des deux c\u00f4t\u00e9s de la rue entre le N\u00b0\u00a090 et la rue Germain (6e).<\/p>\n<p>Rue Germain des deux c\u00f4t\u00e9s de la rue \u00e9galement entre le N\u00b0\u00a015 et la rue d\u2019Inkermann.<\/p>\n<p>Ces interdictions sont mises en place pour assurer la s\u00e9curit\u00e9 des usagers et permettre la r\u00e9alisation de travaux de d\u00e9tection de r\u00e9seaux souterrains, conform\u00e9ment \u00e0 l\u2019arr\u00eat\u00e9 temporaire du maire de Lyon.<\/p>\n","protected":false},"excerpt":{"rendered":"\u00c0 partir du jeudi 28\u00a0ao\u00fbt et jusqu\u2019au vendredi 5\u00a0septembre\u00a02025, le stationnement sera interdit, g\u00eanant, au fur et \u00e0&hellip;\n","protected":false},"author":2,"featured_media":345722,"comment_status":"","ping_status":"","sticky":false,"template":"","format":"standard","meta":{"footnotes":""},"categories":[1889],"tags":[1111,11,2430,3542,2757,1777,674,1011,27,2428,14926,2802,12,25,2803],"class_list":{"0":"post-345721","1":"post","2":"type-post","3":"status-publish","4":"format-standard","5":"has-post-thumbnail","7":"category-lyon","8":"tag-actu","9":"tag-actualites","10":"tag-auvergne-rhone-alpes","11":"tag-circulation","12":"tag-edition-lyon-villeurbanne","13":"tag-eu","14":"tag-europe","15":"tag-fr","16":"tag-france","17":"tag-lyon","18":"tag-lyon-6e","19":"tag-lyon-6e-arrondissement","20":"tag-news","21":"tag-republique-francaise","22":"tag-transport"},"share_on_mastodon":{"url":"https:\/\/pubeurope.com\/@fr\/115096320997237921","error":""},"_links":{"self":[{"href":"https:\/\/www.europesays.com\/fr\/wp-json\/wp\/v2\/posts\/345721","targetHints":{"allow":["GET"]}}],"collection":[{"href":"https:\/\/www.europesays.com\/fr\/wp-json\/wp\/v2\/posts"}],"about":[{"href":"https:\/\/www.europesays.com\/fr\/wp-json\/wp\/v2\/types\/post"}],"author":[{"embeddable":true,"href":"https:\/\/www.europesays.com\/fr\/wp-json\/wp\/v2\/users\/2"}],"replies":[{"embeddable":true,"href":"https:\/\/www.europesays.com\/fr\/wp-json\/wp\/v2\/comments?post=345721"}],"version-history":[{"count":0,"href":"https:\/\/www.europesays.com\/fr\/wp-json\/wp\/v2\/posts\/345721\/revisions"}],"wp:featuredmedia":[{"embeddable":true,"href":"https:\/\/www.europesays.com\/fr\/wp-json\/wp\/v2\/media\/345722"}],"wp:attachment":[{"href":"https:\/\/www.europesays.com\/fr\/wp-json\/wp\/v2\/media?parent=345721"}],"wp:term":[{"taxonomy":"category","embeddable":true,"href":"https:\/\/www.europesays.com\/fr\/wp-json\/wp\/v2\/categories?post=345721"},{"taxonomy":"post_tag","embeddable":true,"href":"https:\/\/www.europesays.com\/fr\/wp-json\/wp\/v2\/tags?post=345721"}],"curies":[{"name":"wp","href":"https:\/\/api.w.org\/{rel}","templated":true}]}}