{"id":345723,"date":"2025-08-26T17:47:22","date_gmt":"2025-08-26T17:47:22","guid":{"rendered":"https:\/\/www.europesays.com\/fr\/345723\/"},"modified":"2025-08-26T17:47:22","modified_gmt":"2025-08-26T17:47:22","slug":"lile-de-france-en-alerte-le-stationnement-residentiel-gratuit-a-paris","status":"publish","type":"post","link":"https:\/\/www.europesays.com\/fr\/345723\/","title":{"rendered":"l\u2019\u00cele-de-France en alerte, le stationnement r\u00e9sidentiel gratuit \u00e0 Paris"},"content":{"rendered":"<p>Face \u00e0 une forte pollution de l\u2019air annonc\u00e9e ce 3 f\u00e9vrier par l\u2019organisme Airparif, la pr\u00e9fecture de Paris baisse les limites de vitesse \u00e0 20km\/h de moins sur tous les axes routiers franciliens.<\/p>\n<p class=\"fig-paragraph\">\u00c0 tous les Franciliens, alerte \u00e0\u00a0<a href=\"http:\/\/www.lefigaro.fr\/sciences\/malgre-les-confinements-les-franciliens-exposes-a-un-air-trop-pollue-en-2020-20210520\" target=\"_blank\" data-fig-type=\"NewsFlash\" rel=\"noopener nofollow\" data-gtm-custom-categorie=\"navigation\" data-gtm-custom-action=\"crossclick\" data-gtm-custom-label=\"Contextuel\" data-gtm-event=\"customEventSPE\" data-fig-domain=\"LEFIGARO\">l\u2019air pollu\u00e9<\/a>\u00a0! Ce 3 f\u00e9vrier est particuli\u00e8rement sujet aux\u00a0<a href=\"http:\/\/sante.lefigaro.fr\/social\/sante-publique\/en-europe-la-pollution-de-l-air-par-des-particules-fines-a-tue-pres-de-240-000-personnes-20241210\" target=\"_blank\" data-fig-type=\"NewsFlash\" rel=\"noopener nofollow\" data-gtm-custom-categorie=\"navigation\" data-gtm-custom-action=\"crossclick\" data-gtm-custom-label=\"Contextuel\" data-gtm-event=\"customEventSPE\" data-fig-domain=\"SANTE\">particules fines<\/a>\u00a0en \u00cele-de-France, avertit\u00a0<a href=\"https:\/\/www.airparif.fr\/surveiller-la-pollution\/la-prevision\" target=\"_blank\" rel=\"noopener nofollow\" data-gtm-custom-categorie=\"navigation\" data-gtm-custom-action=\"crossclick\" data-gtm-custom-label=\"Contextuel\" data-gtm-event=\"customEventSPE\">Airparif<\/a>. Cet organisme en charge de la surveillance de la qualit\u00e9 de l\u2019air de l\u2019\u00cele-de-France pr\u00e9vient qu\u2019\u00abun vent tr\u00e8s faible et des temp\u00e9ratures froides\u00bb entra\u00eenent \u00e0 partir de lundi matin \u00abune accumulation des polluants \u00e9mis localement par le trafic routier et le chauffage au bois\u00bb. \u00abLes concentrations en particules augmenteront et pourraient d\u00e9passer le seuil d\u2019information\u00bb durant la journ\u00e9e, indique l\u2019association.<\/p>\n<p class=\"fig-paragraph\">C\u2019est au Nord de la r\u00e9gion francilienne que la qualit\u00e9 de l\u2019air s\u2019annonce la plus mauvaise. Dans le reste de la r\u00e9gion, l\u2019air est de qualit\u00e9 \u00abd\u00e9grad\u00e9e\u00bb ou \u00abmoyenne\u00bb.<\/p>\n<p>                                    <a class=\"fig-a11y-skip a11y-hidden\" href=\"#fig-a11y-skip-main-inarticle\"><br \/>\n        Passer la publicit\u00e9<br \/>\n    <\/a><\/p>\n<p>Vitesses r\u00e9duites<\/p>\n<p class=\"fig-paragraph\">Face \u00e0 cette alerte et pour limiter les \u00e9missions de polluants, la pr\u00e9fecture de Police de Paris encourage \u00e0 \u00abdiff\u00e9rer les d\u00e9placements\u00bb et \u00abprivil\u00e9gier\u00bb les \u00abcovoiturages\u00bb et \u00abr\u00e9seaux de transport en commun\u00bb. Dans le m\u00eame communiqu\u00e9 publi\u00e9 dimanche soir, la pr\u00e9fecture a annonc\u00e9 baisser de 20km\/h les vitesses r\u00e9glementaires sur tous les axes franciliens. Par exemple, une autoroute \u00e0 130 km\/h est limit\u00e9e ce lundi \u00e0 110 km\/h, ou une d\u00e9partementale \u00e0 90 km\/h revient \u00e0 70 km\/h.<\/p>\n<p class=\"fig-paragraph\">Pour sa part, la Ville de Paris a institu\u00e9 la gratuit\u00e9 du stationnement r\u00e9sidentiel \u00abau sein des zones de stationnement r\u00e9sidentiel habituelles de l\u2019usager\u00bb.<\/p>\n","protected":false},"excerpt":{"rendered":"Face \u00e0 une forte pollution de l\u2019air annonc\u00e9e ce 3 f\u00e9vrier par l\u2019organisme Airparif, la pr\u00e9fecture de Paris&hellip;\n","protected":false},"author":2,"featured_media":345724,"comment_status":"","ping_status":"","sticky":false,"template":"","format":"standard","meta":{"footnotes":""},"categories":[1592],"tags":[1111,11,1777,674,1011,27,662,12,626,5170,25],"class_list":{"0":"post-345723","1":"post","2":"type-post","3":"status-publish","4":"format-standard","5":"has-post-thumbnail","7":"category-ile-de-france","8":"tag-actu","9":"tag-actualites","10":"tag-eu","11":"tag-europe","12":"tag-fr","13":"tag-france","14":"tag-ile-de-france","15":"tag-news","16":"tag-paris","17":"tag-pollution-de-lair","18":"tag-republique-francaise"},"share_on_mastodon":{"url":"https:\/\/pubeurope.com\/@fr\/115096324963638948","error":""},"_links":{"self":[{"href":"https:\/\/www.europesays.com\/fr\/wp-json\/wp\/v2\/posts\/345723","targetHints":{"allow":["GET"]}}],"collection":[{"href":"https:\/\/www.europesays.com\/fr\/wp-json\/wp\/v2\/posts"}],"about":[{"href":"https:\/\/www.europesays.com\/fr\/wp-json\/wp\/v2\/types\/post"}],"author":[{"embeddable":true,"href":"https:\/\/www.europesays.com\/fr\/wp-json\/wp\/v2\/users\/2"}],"replies":[{"embeddable":true,"href":"https:\/\/www.europesays.com\/fr\/wp-json\/wp\/v2\/comments?post=345723"}],"version-history":[{"count":0,"href":"https:\/\/www.europesays.com\/fr\/wp-json\/wp\/v2\/posts\/345723\/revisions"}],"wp:featuredmedia":[{"embeddable":true,"href":"https:\/\/www.europesays.com\/fr\/wp-json\/wp\/v2\/media\/345724"}],"wp:attachment":[{"href":"https:\/\/www.europesays.com\/fr\/wp-json\/wp\/v2\/media?parent=345723"}],"wp:term":[{"taxonomy":"category","embeddable":true,"href":"https:\/\/www.europesays.com\/fr\/wp-json\/wp\/v2\/categories?post=345723"},{"taxonomy":"post_tag","embeddable":true,"href":"https:\/\/www.europesays.com\/fr\/wp-json\/wp\/v2\/tags?post=345723"}],"curies":[{"name":"wp","href":"https:\/\/api.w.org\/{rel}","templated":true}]}}