{"id":345725,"date":"2025-08-26T17:48:09","date_gmt":"2025-08-26T17:48:09","guid":{"rendered":"https:\/\/www.europesays.com\/fr\/345725\/"},"modified":"2025-08-26T17:48:09","modified_gmt":"2025-08-26T17:48:09","slug":"casser-limage-parfaite-de-miss-france","status":"publish","type":"post","link":"https:\/\/www.europesays.com\/fr\/345725\/","title":{"rendered":"\u00ab casser l&rsquo;image parfaite de miss France \u00bb"},"content":{"rendered":"<p>            Par<br \/>\n        <strong><br \/>\n            <a href=\"https:\/\/actu.fr\/auteur\/lauryn-archimede\" title=\"Consulter tous les articles de Lauryn Archimede\" rel=\"nofollow noopener\" target=\"_blank\">Lauryn Archimede<\/a><br \/>\n        <\/strong><\/p>\n<p>        Publi\u00e9 le<\/p>\n<p>            26 ao\u00fbt 2025 \u00e0 19h30        <\/p>\n<p>Apr\u00e8s une premi\u00e8re participation \u00e0 miss Seine-et-Marne, l\u2019aventure continue pour cette habitante de <a href=\"https:\/\/actu.fr\/ile-de-france\/conde-sainte-libiaire_77125\" rel=\"nofollow noopener\" target=\"_blank\">Cond\u00e9-Sainte-Libiaire<\/a>. Ma\u00efwenn Vigana revient sur ses derniers mois, forts en \u00e9motion. Sera-t-elle notre prochaine miss Ile-de-France ?<\/p>\n<p class=\"ac-article-content__question wall-content\">Qu\u2019est-ce qui vous a donn\u00e9 envie de vous lancer dans l\u2019aventure des Miss ?<\/p>\n<p class=\" wall-content\">Je pense que comme beaucoup de personnes, je regardais, petite, le grand show national avec ma famille. Et c\u2019est une id\u00e9e qui me trottait dans la t\u00eate, c\u2019\u00e9tait un peu comme un r\u00eave inatteignable \u00e0 l\u2019\u00e9poque. Une fantaisie, comme lorsqu\u2019on se dit qu\u2019on aimerait bien recevoir un oscar. Je n\u2019y songeais jamais vraiment. Je n\u2019avais pas sp\u00e9cialement confiance en moi avant. Mais \u00e0 travers mes ann\u00e9es d\u2019\u00e9tudes \u00e0 l\u2019ESSEC, j\u2019ai pu prendre de l\u2019assurance. L\u2019id\u00e9e s\u2019est peu \u00e0 peu mat\u00e9rialis\u00e9e et je me suis dit que \u00e7a pouvait \u00eatre une possibilit\u00e9. J\u2019ai donc profit\u00e9 de mon ann\u00e9e de c\u00e9sure pour tenter cette aventure.<\/p>\n<p class=\"ac-article-content__question wall-content\">Votre aventure a commenc\u00e9 lors d\u2019un casting pour miss Seine-et-Marne comptant 150 autres candidates. Quelles ont \u00e9t\u00e9 vos premi\u00e8res impressions ?<\/p>\n<p class=\" wall-content\">Honn\u00eatement lorsqu\u2019on entre dans la salle de casting, apr\u00e8s avoir parl\u00e9 avec les autres candidates, on peut vite se demander ce qu\u2019on fait l\u00e0. En Seine-et-Marne, et en \u00cele-de-France de mani\u00e8re g\u00e9n\u00e9rale, les candidates ont quand m\u00eame un haut potentiel. Mais \u00e0 partir du moment o\u00f9 j\u2019ai d\u00e9fil\u00e9, j\u2019\u00e9tais plut\u00f4t \u00e0 l\u2019aise. J\u2019ai fait pas mal de th\u00e9\u00e2tre, et \u00e0 travers mes ann\u00e9es d\u2019\u00e9tudes, j\u2019ai eu plusieurs fois l\u2019opportunit\u00e9 de prendre la parole en public. C\u2019est quelque chose o\u00f9 je suis assez \u00e0 l\u2019aise. Le discours ne m\u2019a donc pas pos\u00e9 probl\u00e8me. \u2029<\/p>\n<p class=\"ac-article-content__question wall-content\">Vous avez fait partie des 12 finalistes retenus. Comment avez-vous v\u00e9cu cette finale de miss Seine-et-Marne ?<\/p>\n<p class=\" wall-content\">J\u2019avais pr\u00e9venu uniquement ma m\u00e8re pour ne pas avoir de pression suppl\u00e9mentaire. Mes proches \u00e9taient tr\u00e8s \u00e9tonn\u00e9s lorsqu\u2019ils l\u2019ont su. Faire partie des finalistes m\u2019a permis de prendre confiance en moi et de moins me questionner sur ma l\u00e9gitimit\u00e9. J\u2019\u00e9tais vraiment contente. Mais l\u2019\u00e9lection \u00e9tait le moment le plus stressant de ma vie. Je suis quelqu\u2019un de naturellement stress\u00e9. Je pensais avoir atteint mon maximum mais c\u2019\u00e9tait avant de conna\u00eetre les coulisses de miss Seine-et-Marne. Heureusement, je me suis tr\u00e8s bien entendue avec la promotion. On vivait toutes la m\u00eame chose donc nous nous sommes beaucoup soutenues.<\/p>\n<p class=\"ac-article-content__question wall-content\">Qu\u2019est-ce qui vous a fait le plus peur ?<\/p>\n<p class=\" wall-content\">Pour ma part, j\u2019affectionne beaucoup le monde de la sc\u00e8ne. J\u2019y suis plus ou moins \u00e0 l\u2019aise ce qui m\u2019avantageait au niveau de la pr\u00e9sence sc\u00e9nique.\u00a0Ce qui me terrorisait le plus \u00e9tait la r\u00e9ponse \u00e0 la question. Cet exercice qu\u2019on retrouve d\u2019ailleurs \u00e0 miss France est assez difficile quand on ne le conna\u00eet pas. Ce ne sont pas des questions pr\u00e9par\u00e9es mais vraiment de l\u2019improvisation avec peu de temps de r\u00e9flexion.<\/p>\n<p class=\"ac-article-content__question wall-content\">Vous n\u2019avez malheureusement pas gagn\u00e9 le concours d\u00e9partemental. Vous avez toutefois particip\u00e9 \u00e0 un casting afin de participer \u00e0 l\u2019\u00e9lection r\u00e9gionale. Quelle a \u00e9t\u00e9 votre r\u00e9action lorsque vous avez su que vous int\u00e9griez miss \u00cele-de-France ?<\/p>\n<p class=\" wall-content\">Je savais que j\u2019avais fait mon maximum mais je ne m\u2019attendais \u00e0 rien. Pour l\u2019anecdote, je suis toujours appel\u00e9e la derni\u00e8re gr\u00e2ce \u00e0 mon beau nom de famille. Mais ce jour-l\u00e0, le comit\u00e9 a annonc\u00e9 les candidates retenues, en commen\u00e7ant la liste par la fin.\u2029J\u2019ai donc \u00e9t\u00e9 appel\u00e9e la premi\u00e8re. J\u2019\u00e9tais tr\u00e8s surprise.<\/p>\n<p class=\"ac-article-content__question wall-content\">Comment vous pr\u00e9parez-vous \u00e0 l\u2019\u00e9lection ?<\/p>\n<p class=\" wall-content\">J\u2019essaye de travailler sur ma gestion du stress. Pour l\u2019\u00e9lection de miss Seine-et-Marne, j\u2019\u00e9tais tr\u00e8s angoiss\u00e9e et \u00e7a m\u2019a desservi. En comparaison, je me suis rendue de fa\u00e7on plus l\u00e9g\u00e8re au casting de miss \u00cele-de-France. Et j\u2019ai vraiment vu la diff\u00e9rence entre mes deux performances. Certaines personnes pr\u00e9sentes aux deux \u00e9lections m\u2019ont dit que je n\u2019\u00e9tais pas du tout la m\u00eame. Cette fois-ci, j\u2019essayerais d\u2019y aller plus sereinement en donnant bien s\u00fbr mon maximum. Qui sait, peut-\u00eatre que \u00e7a paiera.<\/p>\n<p>Votre r\u00e9gion, votre actu !<\/p>\n<p>Recevez chaque jour les infos qui comptent pour vous.<\/p>\n<p>\t<a href=\"https:\/\/actu.fr\/newsletter\" class=\"ac-btn ac-btn--corner ac-btn--medium ac-btn--blue800\" rel=\"nofollow noopener\" target=\"_blank\">S&rsquo;incrire<\/a><\/p>\n<p class=\" wall-content\">Qu\u2019est-ce que devenir miss repr\u00e9sente pour vous ?<\/p>\n<p class=\" wall-content\">Ce serait tout d\u2019abord une vraie preuve pour moi de d\u00e9passement, d\u2019avoir su braver mes peurs.<\/p>\n<p class=\" wall-content\">Au-del\u00e0 de \u00e7a, j\u2019aimerais \u00e9galement promouvoir de beaux messages sur les r\u00e9seaux sociaux.\u2029Ce qui est tr\u00e8s int\u00e9ressant maintenant et qui se d\u00e9mocratise au fil des ann\u00e9es, est que les miss cassent de plus en plus l\u2019image parfaite de miss France. Miss France se doit d\u2019\u00eatre tout le temps parfaitement coiff\u00e9e, maquill\u00e9e et habill\u00e9e. Ce qui est tr\u00e8s bien, mais ce n\u2019est pas forc\u00e9ment repr\u00e9sentatif de la r\u00e9alit\u00e9. Selon moi, il est important de montrer aux jeunes g\u00e9n\u00e9rations des images plus humaines de nous. Permettre aux petites filles qui nous regardent de s\u2019identifier.<\/p>\n<p class=\"ac-article-content__question wall-content\">Beaucoup de miss portent des causes et des projets qui leur tiennent \u00e0 c\u0153ur. Si vous gagnez l\u2019\u00e9lection, que voudriez-vous mettre en avant ?<\/p>\n<p class=\" wall-content\">Ce qui est tr\u00e8s int\u00e9ressant dans le concours de Miss France et la notori\u00e9t\u00e9 qui peut en d\u00e9couler, c\u2019est justement de pouvoir mettre en lumi\u00e8re plusieurs causes. Pendant notre parcours, nous sommes all\u00e9s voir une association, mais chaque ann\u00e9e c\u2019est une association diff\u00e9rente. A titre personnel, si je pouvais parler d\u2019une chose qui me tient \u00e0 c\u0153ur, ce serait la consommation durable, surtout au niveau des v\u00eatements. Lors du show Miss France et toute l\u2019ann\u00e9e qui en d\u00e9coule souvent, la miss est amen\u00e9e \u00e0 participer \u00e0 plusieurs \u00e9v\u00e8nements, parfois plusieurs fois par semaine, plusieurs fois par jour. \u2029Et c\u2019est vrai qu\u2019on a l\u2019impression qu\u2019elle change de tenue \u00e0 chaque fois. Je pense que ce serait bien de montrer une image un petit peu diff\u00e9rente en remettant plusieurs fois la m\u00eame tenue. Au moins deux fois. \u00c7a peut para\u00eetre simple, mais je pense que c\u2019est frappant pour les personnes qui nous suivent. D\u2019autant plus que les marques avec lesquelles travaille la soci\u00e9t\u00e9 Miss France, pour la plupart, ne sont pas des marques de fast fashion. Les v\u00eatements sont donc de tr\u00e8s bonne qualit\u00e9.\u2029Je pense qu\u2019il y a toujours des points sur lesquels on peut s\u2019am\u00e9liorer tous ensemble et essayer de trouver des solutions conjointement.<\/p>\n<p class=\" wall-content\">Personnalisez votre actualit\u00e9 en ajoutant vos villes et m\u00e9dias en favori avec <a href=\"https:\/\/moncompte.actu.fr\" title=\"D\u00e9couvez Mon Actu\" rel=\"nofollow noopener\" data-trk=\"{&quot;cta&quot;:{&quot;action&quot;:&quot;https:\\\/\\\/moncompte.actu.fr&quot;,&quot;category&quot;:&quot;mon compte&quot;,&quot;from&quot;:&quot;article footer&quot;,&quot;name&quot;:&quot;Mon actu&quot;,&quot;type&quot;:&quot;cta&quot;}}\" target=\"_blank\">Mon Actu<\/a>.<\/p>\n","protected":false},"excerpt":{"rendered":"Par Lauryn Archimede Publi\u00e9 le 26 ao\u00fbt 2025 \u00e0 19h30 Apr\u00e8s une premi\u00e8re participation \u00e0 miss Seine-et-Marne, l\u2019aventure&hellip;\n","protected":false},"author":2,"featured_media":345726,"comment_status":"","ping_status":"","sticky":false,"template":"","format":"standard","meta":{"footnotes":""},"categories":[1592],"tags":[1111,11,1777,674,1011,27,662,3034,12,626,25,104],"class_list":{"0":"post-345725","1":"post","2":"type-post","3":"status-publish","4":"format-standard","5":"has-post-thumbnail","7":"category-ile-de-france","8":"tag-actu","9":"tag-actualites","10":"tag-eu","11":"tag-europe","12":"tag-fr","13":"tag-france","14":"tag-ile-de-france","15":"tag-miss-france","16":"tag-news","17":"tag-paris","18":"tag-republique-francaise","19":"tag-societe"},"share_on_mastodon":{"url":"https:\/\/pubeurope.com\/@fr\/115096328960485163","error":""},"_links":{"self":[{"href":"https:\/\/www.europesays.com\/fr\/wp-json\/wp\/v2\/posts\/345725","targetHints":{"allow":["GET"]}}],"collection":[{"href":"https:\/\/www.europesays.com\/fr\/wp-json\/wp\/v2\/posts"}],"about":[{"href":"https:\/\/www.europesays.com\/fr\/wp-json\/wp\/v2\/types\/post"}],"author":[{"embeddable":true,"href":"https:\/\/www.europesays.com\/fr\/wp-json\/wp\/v2\/users\/2"}],"replies":[{"embeddable":true,"href":"https:\/\/www.europesays.com\/fr\/wp-json\/wp\/v2\/comments?post=345725"}],"version-history":[{"count":0,"href":"https:\/\/www.europesays.com\/fr\/wp-json\/wp\/v2\/posts\/345725\/revisions"}],"wp:featuredmedia":[{"embeddable":true,"href":"https:\/\/www.europesays.com\/fr\/wp-json\/wp\/v2\/media\/345726"}],"wp:attachment":[{"href":"https:\/\/www.europesays.com\/fr\/wp-json\/wp\/v2\/media?parent=345725"}],"wp:term":[{"taxonomy":"category","embeddable":true,"href":"https:\/\/www.europesays.com\/fr\/wp-json\/wp\/v2\/categories?post=345725"},{"taxonomy":"post_tag","embeddable":true,"href":"https:\/\/www.europesays.com\/fr\/wp-json\/wp\/v2\/tags?post=345725"}],"curies":[{"name":"wp","href":"https:\/\/api.w.org\/{rel}","templated":true}]}}