{"id":345734,"date":"2025-08-26T17:53:17","date_gmt":"2025-08-26T17:53:17","guid":{"rendered":"https:\/\/www.europesays.com\/fr\/345734\/"},"modified":"2025-08-26T17:53:17","modified_gmt":"2025-08-26T17:53:17","slug":"kaliningrad-la-russie-construit-un-gigantesque-reseau-dantennes-pour-espionner-lotan","status":"publish","type":"post","link":"https:\/\/www.europesays.com\/fr\/345734\/","title":{"rendered":"Kaliningrad : la Russie construit un gigantesque r\u00e9seau d&rsquo;antennes pour espionner l\u2019OTAN"},"content":{"rendered":"<p>                                            Monde\n                                                                            <\/p>\n<p>\n                                            Des images satellites montrent un immense r\u00e9seau d\u2019antennes en construction dans l\u2019enclave russe de Kaliningrad, \u00e0 seulement 25 km de la fronti\u00e8re polonaise. Cette base pourrait servir \u00e0 espionner les communications de l\u2019OTAN.                                        <\/p>\n<p>                                                Publi\u00e9 le 26 ao\u00fbt 2025 \u00e0 18h31                                                                                            <\/p>\n<p>                                            <img loading=\"lazy\" width=\"1024\" height=\"683\" src=\"https:\/\/www.europesays.com\/fr\/wp-content\/uploads\/2025\/08\/SIPA_sipausa30504344_000003-1.jpg\" class=\"attachment-post-thumbnail size-post-thumbnail wp-post-image lazy\" alt=\"Un vaste r\u00e9seau d\u2019antennes est en construction \u00e0 Kaliningrad, pr\u00e8s de la Pologne. Alexander Reka\/ZUMA\/SIPA\" decoding=\"async\"  data-\/><\/p>\n<p>                                            Un vaste r\u00e9seau d\u2019antennes est en construction \u00e0 Kaliningrad, pr\u00e8s de la Pologne. Alexander Reka\/ZUMA\/SIPA<\/p>\n<p>Au c\u0153ur d\u2019une for\u00eat de Kaliningrad, enclave russe entre<a href=\"https:\/\/www.valeursactuelles.com\/politique\/la-grave-derive-autoritaire-de-la-gauche-liberale-pro-union-europeenne-en-pologne-avec-laval-de-bruxelles\" target=\"_blank\" rel=\"noopener\"> la Pologne <\/a>et la Lituanie, les chercheurs du projet <a href=\"https:\/\/tochnyi.info\/2025\/08\/putins-ears-within-europe-uncovering-kaliningrads-hidden-antenna-array\/\" target=\"_blank\" rel=\"nofollow noopener\">Tochnyi <\/a>ont identifi\u00e9 une installation <a href=\"https:\/\/www.valeursactuelles.com\/monde\/guerre-en-ukraine-un-site-militaire-russe-en-construction-pres-de-la-frontiere-finlandaise\" target=\"_blank\" rel=\"noopener\">militaire russe<\/a> hors norme. Selon leur analyse, relay\u00e9e le 15 ao\u00fbt 2025, les travaux ont d\u00e9but\u00e9 en mars 2023 et sont sur le point de s\u2019achever. Cette construction prend la forme de vastes cercles concentriques, pouvant atteindre 1,6 km de diam\u00e8tre, qui correspondent \u00e0 une structure appel\u00e9e Circularly Disposed Antenna Array (CDAA). Ce type de dispositif est con\u00e7u pour intercepter et localiser les signaux radio sur plusieurs milliers de kilom\u00e8tres.<\/p>\n<p><a href=\"https:\/\/www.valeursactuelles.com\/clubvaleurs\/monde\/del-valle-zelensky-veut-il-a-entrainer-lotan-dans-une-guerre-directe-avec-la-russie\" class=\"h-flex h-align-items-center h-border-tb h-ptb-15\" target=\"_blank\" rel=\"noopener\">A\u00a0LIRE\u00a0Del Valle : \u00ab\u00a0Zelensky veut-il \u00e0 entra\u00eener l\u2019Otan dans une guerre directe avec la Russie\u00a0?\u00a0\u00bb<\/a><\/p>\n<blockquote class=\"twitter-tweet\">\n<p dir=\"ltr\" lang=\"en\">\ud83d\udc40\ud83d\udc40\ud83d\udc40What in the world is Russia building in Kaliningrad 25km from the Polish border? This thing is 1200m wide, 1,130,000 square meters! For reference a football (soccer) field is 4186 square meters!<\/p>\n<p>Satellite image: Planet Labs PBC \/ Powered By Planet<br \/>Location: 54.563346,\u2026 <a href=\"https:\/\/t.co\/lwiMtXVdvx\">https:\/\/t.co\/lwiMtXVdvx<\/a> <a href=\"https:\/\/t.co\/NWTuWiSRZe\">pic.twitter.com\/NWTuWiSRZe<\/a><\/p>\n<p>\u2014 Radio &amp; Nukes \ud83c\uddfa\ud83c\udde6 (@HamWa07) <a href=\"https:\/\/twitter.com\/HamWa07\/status\/1737668930767053112?ref_src=twsrc%5Etfw\" target=\"_blank\" rel=\"noopener\">December 21, 2023<\/a><\/p>\n<\/blockquote>\n<p>Le site pr\u00e9sente une sym\u00e9trie circulaire parfaite et des points de fouilles r\u00e9guliers qui pourraient accueillir des antennes verticales. Il s\u2019agirait tr\u00e8s probablement d\u2019un r\u00e9seau militaire de renseignement radio. Le groupe pr\u00e9cise que des c\u00e2bles souterrains, un mur d\u2019enceinte et plusieurs points de contr\u00f4le sont d\u00e9j\u00e0 visibles sur les images satellites.<\/p>\n<\/p>\n<p>Un emplacement strat\u00e9gique aux portes de l\u2019OTAN<a href=\"https:\/\/www.valeursactuelles.com\/monde\/dapres-les-renseignements-allemands-la-russie-serait-capable-dattaquer-lotan-dici-2030\" class=\"h-flex h-align-items-center h-border-tb h-ptb-15\" target=\"_blank\" rel=\"noopener\">A\u00a0LIRE\u00a0D\u2019apr\u00e8s les renseignements allemands, la Russie serait capable d\u2019attaquer l\u2019Otan d\u2019ici 2030<\/a><\/p>\n<p>La localisation de ce complexe n\u2019est pas anodine. Install\u00e9 \u00e0 seulement 25 km de la fronti\u00e8re polonaise, il permettrait \u00e0 la Russie de surveiller les communications de l\u2019OTAN en Europe de l\u2019Est et dans les pays baltes. Cette infrastructure pourrait aussi assurer des liaisons s\u00e9curis\u00e9es avec les sous-marins russes op\u00e9rant en mer Baltique et dans l\u2019Atlantique Nord, un atout cl\u00e9 pour la dissuasion nucl\u00e9aire de Moscou. Cette infrastructure serait judicieuse pour la Russie et surtout, cet emplacement est des plus importants.<\/p>\n<p>Cette nouvelle base s\u2019ajoute \u00e0 l\u2019arsenal d\u00e9j\u00e0 pr\u00e9sent \u00e0 Kaliningrad, consid\u00e9r\u00e9 comme une v\u00e9ritable forteresse militaire. La r\u00e9gion abrite la flotte de la Baltique, des missiles Iskander \u00e0 capacit\u00e9 nucl\u00e9aire et des batteries de d\u00e9fense a\u00e9rienne S-400.<\/p>\n<p>L\u2019Alliance atlantique pourrait voir ses transmissions surveill\u00e9es, voire localis\u00e9es en temps r\u00e9el par Moscou. Les analystes ont estim\u00e9 que si l\u2019installation devient pleinement op\u00e9rationnelle, elle pourrait constituer un n\u0153ud strat\u00e9gique du renseignement \u00e9lectromagn\u00e9tique russe, capable de modifier l\u2019\u00e9quilibre s\u00e9curitaire en Europe de l\u2019Est.<\/p>\n<p>                                                                    <script async src=\"https:\/\/platform.twitter.com\/widgets.js\" charset=\"utf-8\"><\/script><\/p>\n","protected":false},"excerpt":{"rendered":"Monde Des images satellites montrent un immense r\u00e9seau d\u2019antennes en construction dans l\u2019enclave russe de Kaliningrad, \u00e0 seulement&hellip;\n","protected":false},"author":2,"featured_media":345735,"comment_status":"","ping_status":"","sticky":false,"template":"","format":"standard","meta":{"footnotes":""},"categories":[1591],"tags":[11,4777,1887,131,12,136,1885,1886,132],"class_list":{"0":"post-345734","1":"post","2":"type-post","3":"status-publish","4":"format-standard","5":"has-post-thumbnail","7":"category-russie","8":"tag-actualites","9":"tag-espionnage","10":"tag-federation-de-russie","11":"tag-guerre-en-ukraine","12":"tag-news","13":"tag-otan","14":"tag-russia","15":"tag-russian-federation","16":"tag-russie"},"share_on_mastodon":{"url":"https:\/\/pubeurope.com\/@fr\/115096348970415729","error":""},"_links":{"self":[{"href":"https:\/\/www.europesays.com\/fr\/wp-json\/wp\/v2\/posts\/345734","targetHints":{"allow":["GET"]}}],"collection":[{"href":"https:\/\/www.europesays.com\/fr\/wp-json\/wp\/v2\/posts"}],"about":[{"href":"https:\/\/www.europesays.com\/fr\/wp-json\/wp\/v2\/types\/post"}],"author":[{"embeddable":true,"href":"https:\/\/www.europesays.com\/fr\/wp-json\/wp\/v2\/users\/2"}],"replies":[{"embeddable":true,"href":"https:\/\/www.europesays.com\/fr\/wp-json\/wp\/v2\/comments?post=345734"}],"version-history":[{"count":0,"href":"https:\/\/www.europesays.com\/fr\/wp-json\/wp\/v2\/posts\/345734\/revisions"}],"wp:featuredmedia":[{"embeddable":true,"href":"https:\/\/www.europesays.com\/fr\/wp-json\/wp\/v2\/media\/345735"}],"wp:attachment":[{"href":"https:\/\/www.europesays.com\/fr\/wp-json\/wp\/v2\/media?parent=345734"}],"wp:term":[{"taxonomy":"category","embeddable":true,"href":"https:\/\/www.europesays.com\/fr\/wp-json\/wp\/v2\/categories?post=345734"},{"taxonomy":"post_tag","embeddable":true,"href":"https:\/\/www.europesays.com\/fr\/wp-json\/wp\/v2\/tags?post=345734"}],"curies":[{"name":"wp","href":"https:\/\/api.w.org\/{rel}","templated":true}]}}