{"id":345738,"date":"2025-08-26T17:55:11","date_gmt":"2025-08-26T17:55:11","guid":{"rendered":"https:\/\/www.europesays.com\/fr\/345738\/"},"modified":"2025-08-26T17:55:11","modified_gmt":"2025-08-26T17:55:11","slug":"usa-lisa-cook-va-intenter-un-proces-contre-trump-pour-conserver-son-poste-a-la-fed-26-08-2025-a-1904","status":"publish","type":"post","link":"https:\/\/www.europesays.com\/fr\/345738\/","title":{"rendered":"USA-Lisa Cook va intenter un proc\u00e8s contre Trump pour conserver son poste \u00e0 la Fed &#8211; 26\/08\/2025 \u00e0 19:04"},"content":{"rendered":"<p>\n (Actualis\u00e9 avec d\u00e9clarations de l&rsquo;avocat de Lisa Cook,<br \/>\ncontexte)\n<\/p>\n<p>\n par Howard Schneider, Michael S. Derby et Ann Saphir\n<\/p>\n<p>\n Lisa Cook, gouverneure de la R\u00e9serve f\u00e9d\u00e9rale am\u00e9ricaine<br \/>\n(Fed), va intenter une action en justice pour emp\u00eacher le<br \/>\npr\u00e9sident am\u00e9ricain Donald Trump de la d\u00e9mettre de son poste, a<br \/>\nannonc\u00e9 mardi son avocat, d\u00e9clenchant ainsi ce qui pourrait \u00eatre<br \/>\nune longue bataille juridique autour de la tentative de la<br \/>\nMaison blanche d&rsquo;influencer la politique mon\u00e9taire am\u00e9ricaine.\n<\/p>\n<p>\n \u00ab\u00a0Sa tentative de la licencier, sur la seule base d&rsquo;une<br \/>\nlettre, est d\u00e9pourvue de tout fondement factuel ou juridique.<br \/>\nNous allons intenter une action en justice pour contester cette<br \/>\nmesure ill\u00e9gale\u00a0\u00bb, a d\u00e9clar\u00e9 dans un communiqu\u00e9 Abbe Lowell,<br \/>\nl&rsquo;avocat de Lisa Cook.\n<\/p>\n<p>\n Cette annonce intervient alors que Donald Trump a<br \/>\nd\u00e9clar\u00e9 lundi d\u00e9mettre Lisa Cook de son poste, citant des<br \/>\nirr\u00e9gularit\u00e9s pr\u00e9sum\u00e9es dans l&rsquo;obtention de pr\u00eats immobiliers,<br \/>\nune d\u00e9cision sans pr\u00e9c\u00e9dent susceptible de faire bouger les<br \/>\nlignes s&rsquo;agissant de l&rsquo;ind\u00e9pendance dont dispose l&rsquo;institution.\n<\/p>\n<p>\n Dans une lettre adress\u00e9e \u00e0 Lisa Cook, premi\u00e8re femme<br \/>\nafro-am\u00e9ricaine \u00e0 si\u00e9ger au conseil des gouverneurs de la Fed,<br \/>\net publi\u00e9e sur les r\u00e9seaux sociaux, le locataire de la Maison<br \/>\nblanche dit avoir un \u00ab\u00a0motif suffisant\u00a0\u00bb pour la d\u00e9mettre de ses<br \/>\nfonctions: des demandes d&#8217;emprunts immobiliers distinctes<br \/>\neffectu\u00e9es en 2021 dans lesquelles Cook d\u00e9signe deux propri\u00e9t\u00e9s<br \/>\n&#8211; l&rsquo;une dans le Michigan, l&rsquo;autre en G\u00e9orgie &#8211; comme sa<br \/>\nr\u00e9sidence principale.\n<\/p>\n<p>\n La gouverneure a d\u00e9clar\u00e9 que Donald Trump n&rsquo;avait pas le<br \/>\npouvoir de la limoger et s&rsquo;est engag\u00e9e \u00e0 rester \u00e0 son poste.\n<\/p>\n<p>\n Le pr\u00e9sident am\u00e9ricain avait appel\u00e9 la semaine derni\u00e8re Lisa<br \/>\nCook \u00e0 d\u00e9missionner apr\u00e8s que le directeur de l&rsquo;agence f\u00e9d\u00e9rale<br \/>\ndu financement immobilier, William Pulte, a formul\u00e9 ces<br \/>\naccusations. Pulte a demand\u00e9 \u00e0 l&rsquo;Attorney General (ministre de<br \/>\nla Justice), Pamela Bondi, d&rsquo;ouvrir une enqu\u00eate. Pulte et Bondi<br \/>\nont tous deux \u00e9t\u00e9 nomm\u00e9s par Trump.\n<\/p>\n<p>\n Cette d\u00e9cision marque une escalade dans les efforts de<br \/>\nDonald Trump pour peser sur le fonctionnement de la banque<br \/>\ncentrale am\u00e9ricaine, \u00e0 laquelle il demande r\u00e9guli\u00e8rement, depuis<br \/>\nson retour au pouvoir en janvier, de baisser les taux d&rsquo;int\u00e9r\u00eat.<br \/>\nLa Fed n&rsquo;a pas assoupli sa politique mon\u00e9taire depuis le d\u00e9but<br \/>\nde l&rsquo;ann\u00e9e, citant sa pr\u00e9occupation \u00e0 l&rsquo;\u00e9gard de l&rsquo;inflation.\n<\/p>\n<p>\n Donald Trump s&rsquo;en est pris \u00e0 de multiples reprises au patron<br \/>\nde la R\u00e9serve f\u00e9d\u00e9rale, Jerome Powell, qu&rsquo;il avait nomm\u00e9 \u00e0 ce<br \/>\nposte au cours de son premier mandat pr\u00e9sidentiel &#8211; avant que<br \/>\nPowell soit reconduit dans ses fonctions par Joe Biden.\n<\/p>\n<p>\n Il a menac\u00e9 de limoger Jerome Powell, bien qu&rsquo;il n&rsquo;en a pas<br \/>\nl&rsquo;autorit\u00e9 &#8211; hormis dans des cas tr\u00e8s particuliers sans lien<br \/>\navec la politique mon\u00e9taire -, avant de faire marche arri\u00e8re,<br \/>\ntout en menant un processus de s\u00e9lection du successeur de<br \/>\nPowell, dont le doit prendre fin en mai prochain.\n<\/p>\n<p>\n En parall\u00e8le, l&rsquo;administration Trump m\u00e8ne depuis plusieurs<br \/>\nmois une offensive contre les programmes de diversit\u00e9 et<br \/>\nd&rsquo;inclusion au sein du gouvernement am\u00e9ricain. Elle s&rsquo;attaque<br \/>\naussi \u00e0 des rivaux politiques du pr\u00e9sident r\u00e9publicain, tels que<br \/>\nl&rsquo;\u00e9minent s\u00e9nateur d\u00e9mocrate Adam Schiff, accus\u00e9 de fraude.\n<\/p>\n<p>\n Depuis son entr\u00e9e en fonction en janvier pour un second<br \/>\nmandat, Donald Trump a \u00e9galement supervis\u00e9 le d\u00e9part de<br \/>\ncentaines de milliers de fonctionnaires, d\u00e9mantel\u00e9 plusieurs<br \/>\nagences et retenu des milliards de dollars de d\u00e9penses<br \/>\nautoris\u00e9es par le Congr\u00e8s.\n<\/p>\n<p>\n \u00ab\u00a0INCONGRU\u00a0\u00bb\n<\/p>\n<p>\n Plusieurs heures apr\u00e8s l&rsquo;annonce de Donald Trump, Lisa Cook<br \/>\na transmis via un cabinet d&rsquo;avocats un communiqu\u00e9 \u00e0 la presse<br \/>\ndans lequel elle d\u00e9clare qu'\u00a0\u00bbaucune cause n&rsquo;existe en vertu de<br \/>\nla loi\u00a0\u00bb et que Donald Trump n&rsquo;a \u00ab\u00a0pas autorit\u00e9\u00a0\u00bb pour la d\u00e9mettre<br \/>\nde son poste. Le mandat de Cook, nomm\u00e9e par Joe Biden en 2022,<br \/>\ndoit prendre fin en 2038.\n<\/p>\n<p>\n \u00ab\u00a0Je vais continuer \u00e0 remplir mes missions pour aider<br \/>\nl&rsquo;\u00e9conomie am\u00e9ricaine\u00a0\u00bb, a-t-elle dit.\n<\/p>\n<p>\n Les mandats des gouverneurs de la Fed sont con\u00e7us pour que<br \/>\nleur dur\u00e9e soit sup\u00e9rieure \u00e0 celle du mandat d&rsquo;un pr\u00e9sident. Un<br \/>\ngouverneur peut seulement \u00eatre d\u00e9mis de ses fonctions \u00ab\u00a0pour<br \/>\nmotif raisonnable\u00a0\u00bb.\n<\/p>\n<p>\n Une telle d\u00e9marche n&rsquo;avait jusqu&rsquo;alors jamais \u00e9t\u00e9 initi\u00e9e<br \/>\npar les locataires de la Maison blanche, qui ont<br \/>\ntraditionnellement privil\u00e9gi\u00e9, en particulier dans les ann\u00e9es<br \/>\n1970, une approche non-interventionniste \u00e0 l&rsquo;\u00e9gard de la Fed<br \/>\nafin de pr\u00e9server la confiance dans la politique mon\u00e9taire.\n<\/p>\n<p>\n D&rsquo;apr\u00e8s des juristes et des historiens, un quelconque<br \/>\nrecours en justice \u00e0 propos de la d\u00e9cision de Donald Trump<br \/>\npourrait engendrer des questions sur le pouvoir ex\u00e9cutif et sur<br \/>\nl&rsquo;ind\u00e9pendance de la Fed, en plus d&rsquo;examiner si les accusations<br \/>\n\u00e0 l&rsquo;encontre de Lisa Cook rel\u00e8vent du \u00ab\u00a0motif raisonnable\u00a0\u00bb.\n<\/p>\n<p>\n Peter Conti-Brown, juriste sp\u00e9cialiste de l&rsquo;histoire de la<br \/>\nFed \u00e0 l&rsquo;universit\u00e9 de Pennsylvanie, a not\u00e9 que les transactions<br \/>\nconcern\u00e9es dataient d&rsquo;avant la nomination de Lisa Cook au<br \/>\nconseil des gouverneurs de la Fed et qu&rsquo;elles \u00e9taient<br \/>\ndisponibles dans les archives publiques quand le S\u00e9nat a<br \/>\nentrepris le processus de confirmation de Cook.\n<\/p>\n<p>\n \u00ab\u00a0Ces repr\u00e9sentants (de la Fed) ont \u00e9t\u00e9 avalis\u00e9s par notre<br \/>\npr\u00e9sident et notre s\u00e9nat, ce qui signifie que tout ce qu&rsquo;ils ont<br \/>\nfait en tant que citoyens priv\u00e9s (avant leur nomination) a d\u00e9j\u00e0<br \/>\n\u00e9t\u00e9 v\u00e9rifi\u00e9\u00a0\u00bb, a-t-il dit, d\u00e9crivant comme \u00ab\u00a0incongru\u00a0\u00bb le fait de<br \/>\nrevenir en arri\u00e8re et de pr\u00e9senter cela comme \u00ab\u00a0motif raisonnable<br \/>\npour une mise en retrait\u00a0\u00bb.\n<\/p>\n<p>\n Dans sa lettre, Donald Trump accuse Lisa Cook d&rsquo;avoir eu un<br \/>\n\u00ab\u00a0comportement mensonger et criminel sur des questions<br \/>\nfinanci\u00e8res\u00a0\u00bb et dit n&rsquo;avoir pas confiance en son \u00ab\u00a0int\u00e9grit\u00e9\u00a0\u00bb.\n<\/p>\n<p>\n \u00ab\u00a0A minima, ce comportement expose une forme de n\u00e9gligence<br \/>\ngrossi\u00e8re dans des transactions financi\u00e8res qui remet en<br \/>\nquestion votre comp\u00e9tence et votre fiabilit\u00e9 comme r\u00e9gulateur<br \/>\nfinancier\u00a0\u00bb, \u00e9crit le pr\u00e9sident am\u00e9ricain, disant avoir autorit\u00e9<br \/>\npour d\u00e9cider de la mise en retrait de Lisa Cook.\n<\/p>\n<p>\n Les emprunts vis\u00e9s ont \u00e9t\u00e9 contract\u00e9s en 2021, alors que<br \/>\nLisa Cook \u00e9tait acad\u00e9micienne, avant d&rsquo;entrer \u00e0 la Fed l&rsquo;ann\u00e9e<br \/>\nsuivante. Une d\u00e9claration financi\u00e8re datant de 2024 indique que<br \/>\nCook a trois emprunts dont deux cr\u00e9dits immobiliers pour des<br \/>\nr\u00e9sidences personnelles.\n<\/p>\n<p>\n (Howard Schneider \u00e0 Washington et Michael S. Derby \u00e0 New York,<br \/>\navec la contribution de Kanishka Singh \u00e0 Washington; version<br \/>\nfran\u00e7aise Jean Terzian et Diana Mandia, \u00e9dit\u00e9 par Kate<br \/>\nEntringer)<\/p>\n","protected":false},"excerpt":{"rendered":"(Actualis\u00e9 avec d\u00e9clarations de l&rsquo;avocat de Lisa Cook, contexte) par Howard Schneider, Michael S. Derby et Ann Saphir&hellip;\n","protected":false},"author":2,"featured_media":2486,"comment_status":"","ping_status":"","sticky":false,"template":"","format":"standard","meta":{"footnotes":""},"categories":[1589],"tags":[400,11,398,408,405,73,1866,403,402,399,404,12,401,406,1864,1865,1863,308,407],"class_list":{"0":"post-345738","1":"post","2":"type-post","3":"status-publish","4":"format-standard","5":"has-post-thumbnail","7":"category-etats-unis","8":"tag-action-cac-40","9":"tag-actualites","10":"tag-bourse-de-paris","11":"tag-boursorama","12":"tag-cotations","13":"tag-etats-unis","14":"tag-etats-unis-damerique","15":"tag-indices-devises","16":"tag-investir","17":"tag-investissement","18":"tag-marche-boursier","19":"tag-news","20":"tag-sicav","21":"tag-trackers","22":"tag-united-states","23":"tag-united-states-of-america","24":"tag-us","25":"tag-usa","26":"tag-warrants"},"share_on_mastodon":{"url":"https:\/\/pubeurope.com\/@fr\/115096356607594393","error":""},"_links":{"self":[{"href":"https:\/\/www.europesays.com\/fr\/wp-json\/wp\/v2\/posts\/345738","targetHints":{"allow":["GET"]}}],"collection":[{"href":"https:\/\/www.europesays.com\/fr\/wp-json\/wp\/v2\/posts"}],"about":[{"href":"https:\/\/www.europesays.com\/fr\/wp-json\/wp\/v2\/types\/post"}],"author":[{"embeddable":true,"href":"https:\/\/www.europesays.com\/fr\/wp-json\/wp\/v2\/users\/2"}],"replies":[{"embeddable":true,"href":"https:\/\/www.europesays.com\/fr\/wp-json\/wp\/v2\/comments?post=345738"}],"version-history":[{"count":0,"href":"https:\/\/www.europesays.com\/fr\/wp-json\/wp\/v2\/posts\/345738\/revisions"}],"wp:featuredmedia":[{"embeddable":true,"href":"https:\/\/www.europesays.com\/fr\/wp-json\/wp\/v2\/media\/2486"}],"wp:attachment":[{"href":"https:\/\/www.europesays.com\/fr\/wp-json\/wp\/v2\/media?parent=345738"}],"wp:term":[{"taxonomy":"category","embeddable":true,"href":"https:\/\/www.europesays.com\/fr\/wp-json\/wp\/v2\/categories?post=345738"},{"taxonomy":"post_tag","embeddable":true,"href":"https:\/\/www.europesays.com\/fr\/wp-json\/wp\/v2\/tags?post=345738"}],"curies":[{"name":"wp","href":"https:\/\/api.w.org\/{rel}","templated":true}]}}