{"id":345741,"date":"2025-08-26T17:57:11","date_gmt":"2025-08-26T17:57:11","guid":{"rendered":"https:\/\/www.europesays.com\/fr\/345741\/"},"modified":"2025-08-26T17:57:11","modified_gmt":"2025-08-26T17:57:11","slug":"lallemagne-et-le-canada-concluent-un-partenariat-strategique-sur-les-matieres-premieres-critiques","status":"publish","type":"post","link":"https:\/\/www.europesays.com\/fr\/345741\/","title":{"rendered":"L\u2019Allemagne et le Canada concluent un partenariat strat\u00e9gique sur les \u00ab\u00a0mati\u00e8res premi\u00e8res critiques\u00a0\u00bb"},"content":{"rendered":"<p>L\u2019Allemagne et le Canada ont conclu mardi un accord pour coop\u00e9rer plus \u00e9troitement dans l\u2019approvisionnement en mati\u00e8res premi\u00e8res critiques, notamment en terres rares, alors que Berlin veut r\u00e9duire sa <a target=\"_self\" href=\"https:\/\/www.lanouvellerepublique.fr\/a-la-une\/vehicules-electriques-la-chine-s-insurge-contre-l-augmentation-des-droits-de-douane-en-europe\" rel=\"nofollow noopener\">d\u00e9pendance aux importations chinoises<\/a>.<\/p>\n<p>\u00c0 Berlin, la ministre allemande de l\u2019\u00c9conomie et de l\u2019\u00c9nergie Katherina Reiche a sign\u00e9 une d\u00e9claration d\u2019intention avec son homologue canadien Tim Hodgson pour \u00e9tablir \u00ab\u00a0un partenariat \u00e9troit sur les mati\u00e8res premi\u00e8res critiques\u00a0\u00bb. Celles-ci sont \u00ab\u00a0d\u2019une importance vitale\u00a0\u00bb pour l\u2019Allemagne \u00ab\u00a0\u00e0 cause des d\u00e9veloppements g\u00e9opolitiques, en particulier pour les terres rares\u00a0\u00bb, a d\u00e9clar\u00e9 Katherina Reiche. Ces m\u00e9taux sont utilis\u00e9s dans de larges pans de l\u2019industrie allemande, des batteries \u00e9lectriques aux \u00e9oliennes en passant par les dispositifs m\u00e9dicaux.<\/p>\n<p>Dans ce domaine, la premi\u00e8re \u00e9conomie europ\u00e9enne cherche activement des alternatives \u00e0 la Chine, qui a repr\u00e9sent\u00e9 pr\u00e8s de la moiti\u00e9 des importations europ\u00e9ennes de terres rares en 2024 selon l\u2019institut de statistiques Eurostat. Le Canada d\u00e9veloppe leur exploitation et extrait \u00e9galement du lithium, du graphite, du cobalt ou encore du nickel.<\/p>\n<p>\u00ab\u00a0Renforcer et s\u00e9curiser nos \u00e9conomies\u00a0\u00bb<\/p>\n<p>Mardi, trois entreprises allemandes du secteur, dont le producteur de cuivre Aurubis, ont sign\u00e9 des protocoles d\u2019accord avec des firmes canadiennes dans le domaine de l\u2019extraction et du traitement des mati\u00e8res premi\u00e8res. L\u2019id\u00e9e est que les fabricants allemands \u00ab\u00a0puissent compter sur les fournisseurs canadiens\u00a0\u00bb et que les producteurs canadiens \u00ab\u00a0puissent acc\u00e9der aux march\u00e9s mondiaux\u00a0\u00bb, a indiqu\u00e9 Tim Hodgson. Ces min\u00e9raux \u00ab\u00a0produits de mani\u00e8re responsable serviront de base fiable pour les industries de pointe allemandes\u00a0\u00bb, a-t-il ajout\u00e9.<\/p>\n<p>Le partenariat est \u00ab\u00a0une bonne mesure pour renforcer nos \u00e9conomies et les s\u00e9curiser\u00a0\u00bb, avait d\u00e9clar\u00e9 plus t\u00f4t le chancelier allemand Friedrich Merz, lors d\u2019une rencontre avec le premier ministre canadien Mark Carney.<\/p>\n<p>Cette ann\u00e9e, l\u2019industrie allemande a particuli\u00e8rement trembl\u00e9 devant les restrictions \u00e0 l\u2019export de terres rares chinoises, d\u00e9cid\u00e9es en avril par la Chine <a target=\"_self\" href=\"https:\/\/www.lanouvellerepublique.fr\/a-la-une\/droits-de-douane-la-chine-riposte-avec-des-taxes-de-34-sur-les-produits-americains-1743773460\" rel=\"nofollow noopener\">en repr\u00e9sailles aux barri\u00e8res commerciales am\u00e9ricaines<\/a>. Fin juillet, la Commission europ\u00e9enne a toutefois annonc\u00e9 avoir n\u00e9goci\u00e9 un m\u00e9canisme \u00ab\u00a0am\u00e9lior\u00e9\u00a0\u00bb avec P\u00e9kin pour assouplir ces exportations.<\/p>\n<p>L\u2019Allemagne est aussi <a target=\"_self\" href=\"https:\/\/www.lanouvellerepublique.fr\/indre\/commune\/aigurande\/la-france-et-l-europe-veulent-exploiter-le-filon-du-lithium\" rel=\"nofollow noopener\">d\u00e9pendante du lithium chinois<\/a>, d\u00e9cisif pour le virage vers l\u2019\u00e9lectrique de son secteur automobile en crise, et mise sur des projets d\u2019extraction sur son propre sol et en Serbie.<\/p>\n","protected":false},"excerpt":{"rendered":"L\u2019Allemagne et le Canada ont conclu mardi un accord pour coop\u00e9rer plus \u00e9troitement dans l\u2019approvisionnement en mati\u00e8res premi\u00e8res&hellip;\n","protected":false},"author":2,"featured_media":345742,"comment_status":"","ping_status":"","sticky":false,"template":"","format":"standard","meta":{"footnotes":""},"categories":[1587],"tags":[328,11,672,1804,1805,1803,33,1777,674,329,1801,693,74,12,316,1802,39],"class_list":{"0":"post-345741","1":"post","2":"type-post","3":"status-publish","4":"format-standard","5":"has-post-thumbnail","7":"category-allemagne","8":"tag-a-la-une","9":"tag-actualites","10":"tag-allemagne","11":"tag-bundesrepublik-deutschland","12":"tag-de","13":"tag-deutschland","14":"tag-economie","15":"tag-eu","16":"tag-europe","17":"tag-france-monde","18":"tag-germany","19":"tag-industrie","20":"tag-monde","21":"tag-news","22":"tag-politique","23":"tag-republique-federale-dallemagne","24":"tag-sciences-et-technologies"},"share_on_mastodon":{"url":"https:\/\/pubeurope.com\/@fr\/115096364242971574","error":""},"_links":{"self":[{"href":"https:\/\/www.europesays.com\/fr\/wp-json\/wp\/v2\/posts\/345741","targetHints":{"allow":["GET"]}}],"collection":[{"href":"https:\/\/www.europesays.com\/fr\/wp-json\/wp\/v2\/posts"}],"about":[{"href":"https:\/\/www.europesays.com\/fr\/wp-json\/wp\/v2\/types\/post"}],"author":[{"embeddable":true,"href":"https:\/\/www.europesays.com\/fr\/wp-json\/wp\/v2\/users\/2"}],"replies":[{"embeddable":true,"href":"https:\/\/www.europesays.com\/fr\/wp-json\/wp\/v2\/comments?post=345741"}],"version-history":[{"count":0,"href":"https:\/\/www.europesays.com\/fr\/wp-json\/wp\/v2\/posts\/345741\/revisions"}],"wp:featuredmedia":[{"embeddable":true,"href":"https:\/\/www.europesays.com\/fr\/wp-json\/wp\/v2\/media\/345742"}],"wp:attachment":[{"href":"https:\/\/www.europesays.com\/fr\/wp-json\/wp\/v2\/media?parent=345741"}],"wp:term":[{"taxonomy":"category","embeddable":true,"href":"https:\/\/www.europesays.com\/fr\/wp-json\/wp\/v2\/categories?post=345741"},{"taxonomy":"post_tag","embeddable":true,"href":"https:\/\/www.europesays.com\/fr\/wp-json\/wp\/v2\/tags?post=345741"}],"curies":[{"name":"wp","href":"https:\/\/api.w.org\/{rel}","templated":true}]}}