{"id":345743,"date":"2025-08-26T17:58:11","date_gmt":"2025-08-26T17:58:11","guid":{"rendered":"https:\/\/www.europesays.com\/fr\/345743\/"},"modified":"2025-08-26T17:58:11","modified_gmt":"2025-08-26T17:58:11","slug":"premier-voyage-en-europe-de-laustralopitheque-lucy-exposee-a-prague","status":"publish","type":"post","link":"https:\/\/www.europesays.com\/fr\/345743\/","title":{"rendered":"Premier voyage en Europe de l&rsquo;australopith\u00e8que Lucy, expos\u00e9e \u00e0 Prague"},"content":{"rendered":"<p>Pr\u00e9cieusement emball\u00e9s, ils ont atterri mi-ao\u00fbt \u00e0 Prague : les ossements de la plus c\u00e9l\u00e8bre australopith\u00e8que Lucy, d\u00e9couverts il y a un demi-si\u00e8cle en Ethiopie, sont expos\u00e9s au mus\u00e9e national de Prague \u00e0 partir de lundi.<\/p>\n<p>Ces 52 fragments dentaires, de cr\u00e2ne, de bassin et de f\u00e9mur, vieux de 3,18 millions d&rsquo;ann\u00e9es, \u00ab\u00a0n&rsquo;ont voyag\u00e9 qu&rsquo;une seule fois, aux \u00c9tats-Unis\u00a0\u00bb, entre 2007 et 2013, a rappel\u00e9 le directeur de l&rsquo;institution, Michal Lukes, \u00e0 leur arriv\u00e9e sur le sol tch\u00e8que.<\/p>\n<p>Ils figurent parmi \u00ab\u00a0les pi\u00e8ces pal\u00e9oanthropologiques les plus pr\u00e9cieuses et les plus anciennes au monde\u00a0\u00bb, souligne-t-il, saluant ce rare pr\u00eat d&rsquo;une dur\u00e9e de 60 jours du mus\u00e9e national d&rsquo;\u00c9thiopie.<\/p>\n<p>Les visiteurs pourront aussi d\u00e9couvrir le squelette quasi complet de Selam, jeune australopith\u00e8que morte \u00e0 deux ans et sept mois, qui aurait v\u00e9cu 100.000 ann\u00e9es avant Lucy. D\u00e9couvert en 2000, il n&rsquo;avait jamais quitt\u00e9 l\u2019\u00c9thiopie.<\/p>\n<p>&#8211; Chanson des Beatles &#8211;<\/p>\n<p>Une exposition \u00ab\u00a0historique\u00a0\u00bb donc, selon Addis Abeba, offrant \u00ab\u00a0une occasion unique de voir de pr\u00e8s ces fossiles humains\u00a0\u00bb.<\/p>\n<p>C&rsquo;est le 24 novembre 1974, dans la r\u00e9gion de l&rsquo;Afar nich\u00e9e dans le nord-est du pays, que les ossements de Lucy ont \u00e9t\u00e9 mis au jour, permettant de composer environ 40% du squelette.<\/p>\n<p>Donald Johanson, qui faisait partie de l&rsquo;\u00e9quipe scientifique \u00e9galement compos\u00e9e de Maurice Taieb, Yves Coppens, Jon Kalb et Raymonde Bonnefille, \u00e9tait pr\u00e9sent \u00e0 l&rsquo;ouverture de l&rsquo;exposition lundi, aux c\u00f4t\u00e9s du Premier ministre tch\u00e8que Petr Fiala et de la ministre \u00e9thiopienne du Tourisme Selamawit Kassa.<\/p>\n<p>\u00ab\u00a0Les deux squelettes figurent parmi les expositions du patrimoine mondial&#8230; ils sont expos\u00e9s dans un pays europ\u00e9en pour la premi\u00e8re fois de l&rsquo;histoire,\u00a0\u00bb a d\u00e9clar\u00e9 Petr Fiala lors de l&rsquo;ouverture solennelle avec un orchestre de cuivres militaire.<\/p>\n<p>Selamawit Kassa a d\u00e9clar\u00e9 que l&rsquo;exposition \u00e9tait unique en ce que Lucy et Selam sont expos\u00e9es ensemble pour la premi\u00e8re fois, \u00ab\u00a0en dehors de l&rsquo;\u00c9thiopie bien s\u00fbr\u00a0\u00bb. \u00ab\u00a0L&rsquo;\u00c9thiopie est in\u00e9gal\u00e9e pour son registre fossile continu des anc\u00eatres humains s&rsquo;\u00e9tendant sur six millions d&rsquo;ann\u00e9es, avec 14 sp\u00e9cimens d&rsquo;anc\u00eatres humains allant de l&rsquo;Australopith\u00e8que \u00e0 Homo sapiens d\u00e9couverts en \u00c9thiopie\u00a0\u00bb, a-t-elle ajout\u00e9.<\/p>\n<p>Donald Johanson, qui a d\u00e9couvert Lucy avec son \u00e9quipe, a salu\u00e9 l&rsquo;Afrique comme le lieu o\u00f9 \u00ab\u00a0nous nous sommes d&rsquo;abord s\u00e9par\u00e9s des grands singes africains, c&rsquo;est l\u00e0 que nous nous sommes d&rsquo;abord tenus debout, c&rsquo;est l\u00e0 que nos cerveaux ont d&rsquo;abord grandi, o\u00f9 nous avons commenc\u00e9 \u00e0 cr\u00e9er de l&rsquo;art et des outils en pierre sp\u00e9cialis\u00e9s, et o\u00f9 nous, ce que nous appelons Homo sapiens, avons \u00e9volu\u00e9\u00a0\u00bb.<\/p>\n<p>\u00ab\u00a0Nous partageons tous une ascendance commune, nous sommes unis par notre pass\u00e9. Et je pense que c&rsquo;est un rappel extr\u00eamement important pour l&rsquo;humanit\u00e9 aujourd&rsquo;hui\u00a0\u00bb, a-t-il ajout\u00e9.<\/p>\n<p>D&rsquo;abord appel\u00e9 A.L-288-1, cet hominid\u00e9 bip\u00e8de a \u00e9t\u00e9 baptis\u00e9 ainsi en r\u00e9f\u00e9rence \u00e0 la chanson des Beatles \u00ab\u00a0Lucy in the Sky with Diamonds\u00a0\u00bb, \u00e9cout\u00e9e par les pal\u00e9ontologues pendant les fouilles.<\/p>\n<p>Morte possiblement entre 11 et 13 ans (ce qui est consid\u00e9r\u00e9 comme un \u00e2ge adulte pour cette esp\u00e8ce), mesurant moins d&rsquo;1,10 m de haut et pesant autour de 29 kg, Lucy est habituellement conserv\u00e9e dans une pi\u00e8ce non ouverte au public au c\u0153ur de la capitale \u00e9thiopienne.<\/p>\n<p>&#8211; Tante de l&rsquo;humanit\u00e9 &#8211;<\/p>\n<p>Tout comme Selam, le plus vieil enfant du monde, Lucy est \u00ab\u00a0une ambassadrice de l\u2019\u00c9thiopie, berceau de l&rsquo;humanit\u00e9\u00a0\u00bb, s&rsquo;enthousiasme-t-il.<\/p>\n<p>Longtemps d\u00e9crite comme la grand-m\u00e8re de l&rsquo;humanit\u00e9, elle est aujourd&rsquo;hui plut\u00f4t consid\u00e9r\u00e9e comme une tante ou une cousine &#8211; sa filiation directe avec l&rsquo;Homme \u00e9tant contest\u00e9e.<\/p>\n<p>Selon une \u00e9tude publi\u00e9e en 2016 dans la revue Nature, elle passait au moins un tiers de son temps dans les arbres o\u00f9 elle dormait pour \u00e9chapper aux pr\u00e9dateurs, ce qui lui aurait \u00e9t\u00e9 fatal puisque qu&rsquo;elle est \u00ab\u00a0probablement\u00a0\u00bb morte apr\u00e8s une chute.<\/p>\n<p>De nombreuses trouvailles ont depuis rebattu les cartes, en Ethiopie, en Afrique du Sud, au Kenya mais aussi au Tchad.<\/p>\n<p>Touma\u00ef, consid\u00e9r\u00e9 par certains pal\u00e9ontologues comme le premier repr\u00e9sentant de la lign\u00e9e humaine du haut de ses 7 millions d&rsquo;ann\u00e9es, ou encore Ardi, \u00e2g\u00e9 de 4,5 millions d&rsquo;ann\u00e9es, ont rejoint Lucy au panth\u00e9on pr\u00e9historique.<\/p>\n<p>frj\/anb\/oca\/gmo\/asm\/dth<\/p>\n","protected":false},"excerpt":{"rendered":"Pr\u00e9cieusement emball\u00e9s, ils ont atterri mi-ao\u00fbt \u00e0 Prague : les ossements de la plus c\u00e9l\u00e8bre australopith\u00e8que Lucy, d\u00e9couverts&hellip;\n","protected":false},"author":2,"featured_media":345744,"comment_status":"","ping_status":"","sticky":false,"template":"","format":"standard","meta":{"footnotes":""},"categories":[1586],"tags":[11,48181,48185,1777,674,1011,27,48182,48184,48183,12,11789,25],"class_list":{"0":"post-345743","1":"post","2":"type-post","3":"status-publish","4":"format-standard","5":"has-post-thumbnail","7":"category-europe","8":"tag-actualites","9":"tag-chanson-des-beatles","10":"tag-donald-johanson","11":"tag-eu","12":"tag-europe","13":"tag-fr","14":"tag-france","15":"tag-lucy","16":"tag-millions-dannees","17":"tag-musee-national","18":"tag-news","19":"tag-prague","20":"tag-republique-francaise"},"share_on_mastodon":{"url":"https:\/\/pubeurope.com\/@fr\/115096368248727198","error":""},"_links":{"self":[{"href":"https:\/\/www.europesays.com\/fr\/wp-json\/wp\/v2\/posts\/345743","targetHints":{"allow":["GET"]}}],"collection":[{"href":"https:\/\/www.europesays.com\/fr\/wp-json\/wp\/v2\/posts"}],"about":[{"href":"https:\/\/www.europesays.com\/fr\/wp-json\/wp\/v2\/types\/post"}],"author":[{"embeddable":true,"href":"https:\/\/www.europesays.com\/fr\/wp-json\/wp\/v2\/users\/2"}],"replies":[{"embeddable":true,"href":"https:\/\/www.europesays.com\/fr\/wp-json\/wp\/v2\/comments?post=345743"}],"version-history":[{"count":0,"href":"https:\/\/www.europesays.com\/fr\/wp-json\/wp\/v2\/posts\/345743\/revisions"}],"wp:featuredmedia":[{"embeddable":true,"href":"https:\/\/www.europesays.com\/fr\/wp-json\/wp\/v2\/media\/345744"}],"wp:attachment":[{"href":"https:\/\/www.europesays.com\/fr\/wp-json\/wp\/v2\/media?parent=345743"}],"wp:term":[{"taxonomy":"category","embeddable":true,"href":"https:\/\/www.europesays.com\/fr\/wp-json\/wp\/v2\/categories?post=345743"},{"taxonomy":"post_tag","embeddable":true,"href":"https:\/\/www.europesays.com\/fr\/wp-json\/wp\/v2\/tags?post=345743"}],"curies":[{"name":"wp","href":"https:\/\/api.w.org\/{rel}","templated":true}]}}