{"id":345745,"date":"2025-08-26T17:59:10","date_gmt":"2025-08-26T17:59:10","guid":{"rendered":"https:\/\/www.europesays.com\/fr\/345745\/"},"modified":"2025-08-26T17:59:10","modified_gmt":"2025-08-26T17:59:10","slug":"josep-borell-ex-chef-de-la-diplomatie-europeenne-nous-accordons-une-sorte-de-cheque-en-blanc-a-israel","status":"publish","type":"post","link":"https:\/\/www.europesays.com\/fr\/345745\/","title":{"rendered":"Josep Borell, ex-chef de la diplomatie europ\u00e9enne\u00a0: \u00ab\u00a0Nous accordons une sorte de ch\u00e8que en blanc \u00e0 Isra\u00ebl\u00a0\u00bb"},"content":{"rendered":"<p>Achev\u00e9 en d\u00e9cembre dernier, le mandat de haut-repr\u00e9sentant en charge de la politique \u00e9trang\u00e8re et de la s\u00e9curit\u00e9 de l\u2019Union europ\u00e9enne de Josep Borrell a \u00e9t\u00e9 marqu\u00e9 par des prises de position courageuses en faveur de la paix et d\u2019une solution \u00e0 deux \u00c9tats au Proche-Orient.<\/p>\n<p>Sa libert\u00e9 retrouv\u00e9e, le socialiste espagnol tente de dessiner une autre Europe. Un bloc g\u00e9opolitique qui ne se contenterait pas du suivisme atlantiste, et capable d\u2019\u00eatre \u00e0 la hauteur des valeurs qu\u2019elle brandit face \u00e0 <a href=\"https:\/\/www.humanite.fr\/monde\/armee-israelienne\/a-gaza-un-crime-de-genocide-qui-ne-dit-pas-son-nom\" target=\"_blank\" rel=\"noopener\">l\u2019horreur qui se joue \u00e0 Gaza.<\/a><\/p>\n<p class=\"wp-block-huma-question\">Vous n\u2019\u00eates plus soumis au devoir de r\u00e9serve que vous imposait votre poste de haut-repr\u00e9sentant en charge de la politique \u00e9trang\u00e8re et de s\u00e9curit\u00e9, qu\u2019est-ce qui vous pousse \u00e0 prendre la parole\u00a0?<\/p>\n<p>Depuis que j\u2019ai quitt\u00e9 mon poste, je n\u2019ai cess\u00e9 d\u2019\u00e9crire et de parler. Je dis simplement ce que je pense avec plus de libert\u00e9. Les bouleversements du monde ne laissent pas vraiment le choix. Lorsque vous \u00eates engag\u00e9, les raisons de s\u2019exprimer ne manquent pas.<\/p>\n<p>Quand vous \u00eates haut-repr\u00e9sentant, vous repr\u00e9sentez non pas vos propres opinions mais le point de vue de l\u2019ensemble des Vingt-Sept. Aujourd\u2019hui, je ne repr\u00e9sente que moi-m\u00eame. Les \u00e9v\u00e9nements, qui tournent au tragique, exigent de la fermet\u00e9, <a href=\"https:\/\/www.humanite.fr\/monde\/bombardements\/gaza-israel-bombarde-lhopital-nasser-et-tue-soignants-et-journalistes\" target=\"_blank\" rel=\"noopener\">qu\u2019il s\u2019agisse de Gaza<\/a> ou de la relation tr\u00e8s pr\u00e9occupante <a href=\"https:\/\/www.humanite.fr\/monde\/droits-de-douane\/droits-de-douane-lue-cede-encore-et-signe-un-accord-commercial-avec-washington-sans-reussir-a-sauver-les-spiritueux\" target=\"_blank\" rel=\"noopener\">entre l\u2019Europe et les \u00c9tats-Unis.<\/a><\/p>\n<p>La soumission des Europ\u00e9ens au pr\u00e9sident Trump est totale. Prenons les derni\u00e8res d\u00e9cisions\u00a0: l\u2019augmentation des budgets de la d\u00e9fense \u00e0 hauteur de 5\u00a0%, le diktat sur les droits de douane, la fa\u00e7on dont les dirigeants&#8230;<\/p>\n","protected":false},"excerpt":{"rendered":"Achev\u00e9 en d\u00e9cembre dernier, le mandat de haut-repr\u00e9sentant en charge de la politique \u00e9trang\u00e8re et de la s\u00e9curit\u00e9&hellip;\n","protected":false},"author":2,"featured_media":345746,"comment_status":"","ping_status":"","sticky":false,"template":"","format":"standard","meta":{"footnotes":""},"categories":[1586],"tags":[11,1777,674,1779,1011,27,131,15130,16785,48186,12,25,1778,364,2475],"class_list":{"0":"post-345745","1":"post","2":"type-post","3":"status-publish","4":"format-standard","5":"has-post-thumbnail","7":"category-europe","8":"tag-actualites","9":"tag-eu","10":"tag-europe","11":"tag-european-union","12":"tag-fr","13":"tag-france","14":"tag-guerre-en-ukraine","15":"tag-guerre-u00e0-gaza","16":"tag-israu00ebl","17":"tag-josep-borrell","18":"tag-news","19":"tag-republique-francaise","20":"tag-ue","21":"tag-union-europeenne","22":"tag-union-europu00e9enne"},"share_on_mastodon":{"url":"https:\/\/pubeurope.com\/@fr\/115096372162177998","error":""},"_links":{"self":[{"href":"https:\/\/www.europesays.com\/fr\/wp-json\/wp\/v2\/posts\/345745","targetHints":{"allow":["GET"]}}],"collection":[{"href":"https:\/\/www.europesays.com\/fr\/wp-json\/wp\/v2\/posts"}],"about":[{"href":"https:\/\/www.europesays.com\/fr\/wp-json\/wp\/v2\/types\/post"}],"author":[{"embeddable":true,"href":"https:\/\/www.europesays.com\/fr\/wp-json\/wp\/v2\/users\/2"}],"replies":[{"embeddable":true,"href":"https:\/\/www.europesays.com\/fr\/wp-json\/wp\/v2\/comments?post=345745"}],"version-history":[{"count":0,"href":"https:\/\/www.europesays.com\/fr\/wp-json\/wp\/v2\/posts\/345745\/revisions"}],"wp:featuredmedia":[{"embeddable":true,"href":"https:\/\/www.europesays.com\/fr\/wp-json\/wp\/v2\/media\/345746"}],"wp:attachment":[{"href":"https:\/\/www.europesays.com\/fr\/wp-json\/wp\/v2\/media?parent=345745"}],"wp:term":[{"taxonomy":"category","embeddable":true,"href":"https:\/\/www.europesays.com\/fr\/wp-json\/wp\/v2\/categories?post=345745"},{"taxonomy":"post_tag","embeddable":true,"href":"https:\/\/www.europesays.com\/fr\/wp-json\/wp\/v2\/tags?post=345745"}],"curies":[{"name":"wp","href":"https:\/\/api.w.org\/{rel}","templated":true}]}}