{"id":345755,"date":"2025-08-26T18:05:10","date_gmt":"2025-08-26T18:05:10","guid":{"rendered":"https:\/\/www.europesays.com\/fr\/345755\/"},"modified":"2025-08-26T18:05:10","modified_gmt":"2025-08-26T18:05:10","slug":"je-ne-pourrai-bien-sur-jamais-loublier-cette-penalite-caroline-drouin-qui-a-decide-darreter-sa-carriere-revient-sur-la-derniere-coupe-du-monde-lequipe","status":"publish","type":"post","link":"https:\/\/www.europesays.com\/fr\/345755\/","title":{"rendered":"\u00ab Je ne pourrai bien s\u00fbr jamais l&#039;oublier, cette p\u00e9nalit\u00e9 \u00bb : Caroline Drouin, qui a d\u00e9cid\u00e9 d&#039;arr\u00eater sa carri\u00e8re, revient sur la derni\u00e8re Coupe du monde &#8211; L&#039;\u00c9quipe"},"content":{"rendered":"<ol>\n<li><a href=\"https:\/\/news.google.com\/rss\/articles\/CBMingJBVV95cUxOWGdTZ3NaLURFREdPcHVCR0M3bXBlOG03Z0dIMkFhbmZ5U3dCQ00yOFQwTUJXZ0RBR1lVTXRaR2x0WkhQM0lzSUl0MVktSURuQVRPVUlhOTNXTDY0LW82Q2JPRWxNZWFrZWpSaEhid2xlcVlYTlFxNjFsZmZrRUlNeWJuaG9rZEdwVzZiODhIWG41UXIzZmtFQmhOTEdacGZUMEZUMmIxckZNWHJzeUJUamQ3WlNwMFQ2ZXlkbGk1bGdLVm5nemRBN0dTRDlDVXdfeElVRHJJMk9iX0J5MXNMdWxxSnh2SmMyenRMV1huWDk1dVpuX2pNWW1KYTBKQW1uSWVuV1NHbXAxQkhfVXVYZmZXdE9PaUg4WmQ4bDFR?oc=5\" target=\"_blank\" rel=\"nofollow noopener\">\u00ab Je ne pourrai bien s\u00fbr jamais l&rsquo;oublier, cette p\u00e9nalit\u00e9 \u00bb : Caroline Drouin, qui a d\u00e9cid\u00e9 d&rsquo;arr\u00eater sa carri\u00e8re, revient sur la derni\u00e8re Coupe du monde<\/a>&nbsp;&nbsp;L&rsquo;\u00c9quipe<\/li>\n<li><a href=\"https:\/\/news.google.com\/rss\/articles\/CBMigwJBVV95cUxQanBTMzdZRHJOc3FxNnBwMXQwWXdpMUtUOWFGSTF1eU9qSEdDcGZPQWE3TFI3dkZuME1ibkhmdk1kaVBBZGpaYmdvN2U2eUgwNThwOVY4VXFtTWYya0J5TnVZeVYxb3RxajQxY2tBM25qcnNaNlBtSTMxdEJMaDlLY041V3NwNTFnY1VYVDhsb09GY1BVbFYyclBGcWctZTRueTAzZ3gxYkNTR0NiNV80RW5zY3VwUXdRTkdnYlhJMmZlZm9ZdktvUURPZG52VEg5RXg2aVlzMGRkSXNNODlJblVpRGpmcXN2VnNNam5UaE5weE94TWZiakNOUGp3WWxVOXQw?oc=5\" target=\"_blank\" rel=\"nofollow noopener\">\u00ab\u00a0J\u2019ai pouss\u00e9 mon corps physiquement \u00e0 ses limites\u00a0\u00bb : Drouin arr\u00eate sa carri\u00e8re \u00e0 seulement 29 ans<\/a>&nbsp;&nbsp;Rugbyrama<\/li>\n<li><a href=\"https:\/\/news.google.com\/rss\/articles\/CBMi8gFBVV95cUxNSkMtYlYxVDFhNWIzNlE1UDZGVjJ2clRNNmlCQXYzVTdTeFp4Y3hYWnpzYUJJRGo0SVczekVzbDJZbUtsaUVXNVQtdElNQjFVMGhINy10OEt0SnhmRktrUGFGdDlBRmxsX0VoT1VwZ1M1dnFNckhYVGxMUURHYWh6ZngwSm9CZGRuTGNJR2ROWmozQU1PR2c4R1lTbkpqRHk5ZTBZa2ktbGR5MVJWd3IySXRJRjVHT0JVNHFUX0trUnk1cHMwYUpJSWNrQWRtOFFJTUlzcm9fWnV0YkZSRnh1S3VmdTlmb1lWNE5WRzVHQnkxZw?oc=5\" target=\"_blank\" rel=\"nofollow noopener\">Rugby. La Bretonne Caroline Drouin, vice championne olympique \u00e0 VII, prend sa retraite<\/a>&nbsp;&nbsp;Ouest-France<\/li>\n<li><a href=\"https:\/\/news.google.com\/rss\/articles\/CBMisgFBVV95cUxOakp4ZjAzSDdjbF9HVWtWT3RQc3NDLTRtUU52RnMwWWdPajlnbU44dzV0c0VzMVdyRkdQdGNRNWtvaDR3cmhfTUtiWTY3WHdsOUZGZjN4OVdsZm5ZTk1iVjRtaXZoRkZVdFZCWEktZU12blNLUDRhVmNoa09sY3VOcWU2bVpoRU9IM1dIcGRZZTFRZjBHRlJqVkhFS0NWSjE0RXZfcU1wTWtIX2RMV04xZHdn?oc=5\" target=\"_blank\" rel=\"nofollow noopener\">\u00c0 29 ans, la Morbihannaise Caroline Drouin prend sa retraite<\/a>&nbsp;&nbsp;Le T\u00e9l\u00e9gramme<\/li>\n<li><a href=\"https:\/\/news.google.com\/rss\/articles\/CBMiggJBVV95cUxQb3NNaUtreU11cmVVZXdmb1lvN09TMHhwNzFScXV4UW9faklsQVducXlmTkZpRW92NFJyOFJ0RVJIZ0dzMldmWmRmRHluMmw5bG1fUkJFUlJzMjdIU3R1UEZ4anotNk5VWW5UNGxlTVhVb1YxS0R5YmVCWmJXdnRjSDZRZXctOFIyWm8xYTMwSjFDQ2UyeEtFcGFaUzVwZ2VFX0I3eXQ4OWFibWhPN1A4Y1BDb0MtUnliNFFub0pCXzFUQm5QSEcyTlJETEpLbXNFVXVJZlRuSkRjdG9YUHl1cks3YVRBdW94Rzd0dWlXVzJ0MXlCTUNIcW1LSDBMZUJmemc?oc=5\" target=\"_blank\" rel=\"nofollow noopener\">Rugby : \u00abJ\u2019ai pouss\u00e9 mon corps \u00e0 ses limites extr\u00eames\u00bb, la vice-championne olympique Caroline Drouin prend sa retraite<\/a>&nbsp;&nbsp;Le Figaro<\/li>\n<\/ol>\n","protected":false},"excerpt":{"rendered":"\u00ab Je ne pourrai bien s\u00fbr jamais l&rsquo;oublier, cette p\u00e9nalit\u00e9 \u00bb : Caroline Drouin, qui a d\u00e9cid\u00e9 d&rsquo;arr\u00eater&hellip;\n","protected":false},"author":2,"featured_media":345756,"comment_status":"","ping_status":"","sticky":false,"template":"","format":"standard","meta":{"footnotes":""},"categories":[1416],"tags":[1011,27,479,1468,60],"class_list":{"0":"post-345755","1":"post","2":"type-post","3":"status-publish","4":"format-standard","5":"has-post-thumbnail","7":"category-rugby","8":"tag-fr","9":"tag-france","10":"tag-rugby","11":"tag-rugby-football","12":"tag-sports"},"share_on_mastodon":{"url":"https:\/\/pubeurope.com\/@fr\/115096395749662632","error":""},"_links":{"self":[{"href":"https:\/\/www.europesays.com\/fr\/wp-json\/wp\/v2\/posts\/345755","targetHints":{"allow":["GET"]}}],"collection":[{"href":"https:\/\/www.europesays.com\/fr\/wp-json\/wp\/v2\/posts"}],"about":[{"href":"https:\/\/www.europesays.com\/fr\/wp-json\/wp\/v2\/types\/post"}],"author":[{"embeddable":true,"href":"https:\/\/www.europesays.com\/fr\/wp-json\/wp\/v2\/users\/2"}],"replies":[{"embeddable":true,"href":"https:\/\/www.europesays.com\/fr\/wp-json\/wp\/v2\/comments?post=345755"}],"version-history":[{"count":0,"href":"https:\/\/www.europesays.com\/fr\/wp-json\/wp\/v2\/posts\/345755\/revisions"}],"wp:featuredmedia":[{"embeddable":true,"href":"https:\/\/www.europesays.com\/fr\/wp-json\/wp\/v2\/media\/345756"}],"wp:attachment":[{"href":"https:\/\/www.europesays.com\/fr\/wp-json\/wp\/v2\/media?parent=345755"}],"wp:term":[{"taxonomy":"category","embeddable":true,"href":"https:\/\/www.europesays.com\/fr\/wp-json\/wp\/v2\/categories?post=345755"},{"taxonomy":"post_tag","embeddable":true,"href":"https:\/\/www.europesays.com\/fr\/wp-json\/wp\/v2\/tags?post=345755"}],"curies":[{"name":"wp","href":"https:\/\/api.w.org\/{rel}","templated":true}]}}