{"id":345764,"date":"2025-08-26T18:11:10","date_gmt":"2025-08-26T18:11:10","guid":{"rendered":"https:\/\/www.europesays.com\/fr\/345764\/"},"modified":"2025-08-26T18:11:10","modified_gmt":"2025-08-26T18:11:10","slug":"mercato-le-psg-fait-plier-la-juventus-pour-randal-kolo-muani","status":"publish","type":"post","link":"https:\/\/www.europesays.com\/fr\/345764\/","title":{"rendered":"Mercato, le PSG fait plier la Juventus pour Randal Kolo Muani"},"content":{"rendered":"<p data-testid=\"article-teaser\">Les choses bougent enfin dans le dossier Kolo Muani. L\u2019attaquant du PSG devrait bien retourner \u00e0 la Juventus, cet \u00e9t\u00e9.<\/p>\n<p>Le feuilleton autour de Randal Kolo Muani arrive enfin \u00e0 son \u00e9pilogue. Depuis des semaines, les n\u00e9gociations entre le Paris Saint-Germain et la Juventus Turin tenaient en haleine les supporters des deux camps. Les positions paraissaient fig\u00e9es, mais \u00e0 l\u2019approche de la fin du mercato, les discussions se sont intensifi\u00e9es. D\u00e9sormais, un accord est en passe d\u2019\u00eatre trouv\u00e9, et l\u2019international fran\u00e7ais pourrait bient\u00f4t retrouver la Serie A, comme il en r\u00eavait depuis plusieurs mois.<\/p>\n","protected":false},"excerpt":{"rendered":"Les choses bougent enfin dans le dossier Kolo Muani. L\u2019attaquant du PSG devrait bien retourner \u00e0 la Juventus,&hellip;\n","protected":false},"author":2,"featured_media":345765,"comment_status":"","ping_status":"","sticky":false,"template":"","format":"standard","meta":{"footnotes":""},"categories":[1410],"tags":[63,1011,27,48187,48189,7153,66,1434,91,48188,67,60,2312,47915,28401],"class_list":{"0":"post-345764","1":"post","2":"type-post","3":"status-publish","4":"format-standard","5":"has-post-thumbnail","7":"category-football","8":"tag-football","9":"tag-fr","10":"tag-france","11":"tag-genoa","12":"tag-genoa-vs-juventus","13":"tag-juventus","14":"tag-ligue-1","15":"tag-mercato","16":"tag-paris-saint-germain","17":"tag-r-kolo-muani","18":"tag-serie-a","19":"tag-sports","20":"tag-toulouse","21":"tag-toulouse-vs-paris-saint-germain","22":"tag-transfers"},"share_on_mastodon":{"url":"https:\/\/pubeurope.com\/@fr\/115096419518289618","error":""},"_links":{"self":[{"href":"https:\/\/www.europesays.com\/fr\/wp-json\/wp\/v2\/posts\/345764","targetHints":{"allow":["GET"]}}],"collection":[{"href":"https:\/\/www.europesays.com\/fr\/wp-json\/wp\/v2\/posts"}],"about":[{"href":"https:\/\/www.europesays.com\/fr\/wp-json\/wp\/v2\/types\/post"}],"author":[{"embeddable":true,"href":"https:\/\/www.europesays.com\/fr\/wp-json\/wp\/v2\/users\/2"}],"replies":[{"embeddable":true,"href":"https:\/\/www.europesays.com\/fr\/wp-json\/wp\/v2\/comments?post=345764"}],"version-history":[{"count":0,"href":"https:\/\/www.europesays.com\/fr\/wp-json\/wp\/v2\/posts\/345764\/revisions"}],"wp:featuredmedia":[{"embeddable":true,"href":"https:\/\/www.europesays.com\/fr\/wp-json\/wp\/v2\/media\/345765"}],"wp:attachment":[{"href":"https:\/\/www.europesays.com\/fr\/wp-json\/wp\/v2\/media?parent=345764"}],"wp:term":[{"taxonomy":"category","embeddable":true,"href":"https:\/\/www.europesays.com\/fr\/wp-json\/wp\/v2\/categories?post=345764"},{"taxonomy":"post_tag","embeddable":true,"href":"https:\/\/www.europesays.com\/fr\/wp-json\/wp\/v2\/tags?post=345764"}],"curies":[{"name":"wp","href":"https:\/\/api.w.org\/{rel}","templated":true}]}}