{"id":345766,"date":"2025-08-26T18:12:21","date_gmt":"2025-08-26T18:12:21","guid":{"rendered":"https:\/\/www.europesays.com\/fr\/345766\/"},"modified":"2025-08-26T18:12:21","modified_gmt":"2025-08-26T18:12:21","slug":"la-famille-royale-de-norvege-soudee-et-souriante-malgre-ses-tourments-lors-de-sa-derniere-sortie-estivale","status":"publish","type":"post","link":"https:\/\/www.europesays.com\/fr\/345766\/","title":{"rendered":"La famille royale de Norv\u00e8ge soud\u00e9e et souriante malgr\u00e9 ses tourments lors de sa derni\u00e8re sortie estivale"},"content":{"rendered":"<p>La reine Sonja, le prince h\u00e9ritier Haakon et la princesse h\u00e9riti\u00e8re Mette-Marit affichaient leur plus grand sourire ce mardi matin, alors qu\u2019ils participaient \u00e0 des activit\u00e9s avec des enfants, \u00e0 l\u2019occasion du centenaire du ch\u00e2teau de Gamlehaugen en tant que r\u00e9sidence royale. Cette sortie se d\u00e9roulait dix jours apr\u00e8s avoir appris que le fils de la princesse h\u00e9riti\u00e8re risquait dix ans de prison.<\/p>\n<p><strong>Lire aussi : <a href=\"https:\/\/histoiresroyales.fr\/premonition-princesse-ragnhild-marius-borg-hoiby-hostilite-princesse-heritiere-mette-marit\/\" target=\"_blank\" rel=\"noopener\">La pr\u00e9monition de la princesse Ragnhild concernant Marius Borg H\u00f8iby et son hostilit\u00e9 envers la princesse h\u00e9riti\u00e8re Mette-Marit<\/a><\/strong><\/p>\n<p>La reine Sonja, le prince h\u00e9ritier Haakon et la princesse h\u00e9riti\u00e8re Mette-Marit poursuivent leur travail avec le sourire malgr\u00e9 la situation priv\u00e9e compliqu\u00e9e<\/p>\n<p>Ce 26 ao\u00fbt 2025, l\u2019heure \u00e9tait \u00e0 la f\u00eate dans le parc de Gamlehaugen, \u00e0 Bergen. La famille royale de Norv\u00e8ge vit des heures sombres et pourtant, \u00e0 chacune de ses sorties, les princes et princesses affichent leur plus grand sourire. La reine Sonja, 88 ans, le prince h\u00e9ritier Haakon, 52 ans, et la princesse h\u00e9riti\u00e8re Mette-Marit, 52 ans, avaient mis de c\u00f4t\u00e9 leurs tracas car leurs tourments personnels ne peuvent entacher leur travail. <\/p>\n<p><img fetchpriority=\"high\" decoding=\"async\" width=\"1300\" height=\"786\" src=\"https:\/\/www.europesays.com\/fr\/wp-content\/uploads\/2025\/08\/haakon-mette-marit-reine-sonja-gamlehaugen-1.jpg\" alt=\"\" class=\"wp-image-217039 lazyload\" data-  \/>Le prince h\u00e9ritier Haakon, la reine Sonja et la princesse h\u00e9riti\u00e8re Mette-Marit assistent d\u2019abord \u00e0 un spectacle pour enfants dans le parc de Gamelhaugen (Photo : PPE\/Nieboer\/SIPA)<\/p>\n<p><img loading=\"lazy\" decoding=\"async\" width=\"1300\" height=\"975\" src=\"https:\/\/www.europesays.com\/fr\/wp-content\/uploads\/2025\/08\/chateau-de-gamlehaugen-bergen.jpg\" alt=\"\" class=\"wp-image-215615 lazyload\" data-  \/>Le ch\u00e2teau de Gamlehaugen est devenu une r\u00e9sidence royale il y a cent ans (Photo : \u00d8ivind M\u00f6ller Bakken, Det kongelige hoff)<\/p>\n<p><strong>Lire aussi : <a href=\"https:\/\/histoiresroyales.fr\/date-de-sortie-documentaire-princesse-martha-louise-mariage-durek-verrett-netflix\/\" target=\"_blank\" rel=\"noopener\">La s\u00e9rie documentaire du mariage de la princesse M\u00e4rtha Louise et du chaman am\u00e9ricain d\u00e9barque en septembre sur Netflix<\/a><\/strong><\/p>\n<p>Au mois de juin, la police norv\u00e9gienne annon\u00e7ait la fin de son enqu\u00eate de dix mois concernant les actes de violence, abus sexuels et autres d\u00e9lits commis par Marius Borg H\u00f8iby, le fils a\u00een\u00e9 de la princesse h\u00e9riti\u00e8re Mette-Marit. La police avait retenu une vingtaine d\u2019infractions dont trois viols. Le procureur g\u00e9n\u00e9ral d\u2019Oslo a d\u00e9voil\u00e9 ce 15 ao\u00fbt les charges finales retenues \u00e0 l\u2019encontre de Marius et elles s\u2019\u00e9l\u00e8vent dor\u00e9navant \u00e0 plus d\u2019une trentaine de chefs d\u2019inculpation dont quatre viols. Le beau-fils du futur roi de Norv\u00e8ge, toujours pr\u00e9sum\u00e9 innocent, devrait \u00eatre jug\u00e9 en janvier 2026. Il risque jusqu\u2019\u00e0 dix ans de prison.<\/p>\n<p><img loading=\"lazy\" decoding=\"async\" width=\"1300\" height=\"1627\" src=\"https:\/\/www.europesays.com\/fr\/wp-content\/uploads\/2025\/08\/periode-compliquee-souffrances-mette-marit.jpg\" alt=\"\" class=\"wp-image-217043 lazyload\" data-  \/>La princesse h\u00e9riti\u00e8re Mette-Marit ne laisse transpara\u00eetre la p\u00e9riode compliqu\u00e9e qu\u2019elle traverse actuellement en priv\u00e9 (Photo : PPE\/Nieboer\/SIPA)<\/p>\n<p>Derri\u00e8re son sourire de fa\u00e7ade, rien ne peut laisser penser que la princesse h\u00e9riti\u00e8re Mette-Marit souffre de la situation concernant son fils. En outre, Mette-Marit garde le sourire, malgr\u00e9 sa lutte contre une maladie progressive, la fibrose pulmonaire chronique, qui l\u2019oblige fr\u00e9quemment \u00e0 annuler ses engagements officiels. Son \u00e9poux, le prince h\u00e9ritier Haakon, fils du roi Harald V, est lui aussi boulevers\u00e9 par la situation, lui qui a \u00e9duqu\u00e9 Marius comme son fils. Mette-Marit \u00e9tait enceinte lorsqu\u2019ils se sont rencontr\u00e9s pour la premi\u00e8re fois et elle avait accouch\u00e9 lorsqu\u2019ils ont commenc\u00e9 leur relation. <\/p>\n<p><img loading=\"lazy\" decoding=\"async\" width=\"1300\" height=\"1572\" src=\"https:\/\/www.europesays.com\/fr\/wp-content\/uploads\/2025\/08\/bergen-carte-comte-de-vestland.jpg\" alt=\"\" class=\"wp-image-217032 lazyload\" data-  \/>Le ch\u00e2teau de Gamlehaugen est la r\u00e9sidence officielle mise \u00e0 disposition de la famille royale lorsqu\u2019elle loge \u00e0 Bergen, la deuxi\u00e8me ville de Norv\u00e8ge situ\u00e9e dans le Vestland (Image : Hsitoires Royales)<\/p>\n<p><strong>Lire aussi : <a href=\"https:\/\/histoiresroyales.fr\/marius-borg-hoiby-risque-10-ans-prison-quatre-viols-la-famille-royale-reagit-32-charges-retenues-marius\/\" target=\"_blank\" rel=\"noopener\">Marius Borg H\u00f8iby\u00a0risque jusqu\u2019\u00e0 dix ans de prison pour quatre viols : la famille royale r\u00e9agit aux 32 charges retenues contre Marius<\/a><\/strong><\/p>\n<p>Rappelons que Marius Borg n\u2019est pas un membre de la famille royale et n\u2019a donc aucun compte \u00e0 rendre publiquement. La famille royale tente de g\u00e9rer l\u2019affaire en priv\u00e9. Mette-Marit se retrouve dans une situation d\u00e9licate. En tant que m\u00e8re, elle ne peut abandonner son fils mais en public, elle doit \u00e9galement accepter que les victimes soient entendues et que son fils soit jug\u00e9 \u00e9quitablement. <\/p>\n<p><img loading=\"lazy\" decoding=\"async\" width=\"1300\" height=\"1040\" src=\"https:\/\/www.europesays.com\/fr\/wp-content\/uploads\/2025\/08\/reine-sonja-peint-visage-enfants-gamlehaugen.jpg\" alt=\"\" class=\"wp-image-217041 lazyload\" data-  \/>La reine Sonja maquille des petites filles en peignant des fleurs sur leur joue, suivant les conseils de sa belle-fille (Photo : PPE\/Nieboer\/SIPA)<\/p>\n<p><strong>Lire aussi : <a href=\"https:\/\/histoiresroyales.fr\/princesse-ingrid-alexandra-partage-nouvelle-vie-sydney\/\" target=\"_blank\" rel=\"noopener\">La princesse Ingrid Alexandra partage les premiers instants de sa nouvelle vie \u00e0 Sydney<\/a><\/strong><\/p>\n<p>Avant le grand spectacle en soir\u00e9e, les jeunes enfants participent \u00e0 des activit\u00e9s dans le parc de Gamlehaugen<\/p>\n<p>Ce mardi, la famille royale a assur\u00e9 un engagement \u00e0 trois, ce qui est plut\u00f4t rare, except\u00e9 pour des grandes occasions comme la f\u00eate nationale. La reine Sonja, le prince h\u00e9ritier Haakon et la princesse h\u00e9riti\u00e8re Mette-Marit se sont joints \u00e0 des \u00e9l\u00e8ves des \u00e9coles primaires de Bergen qui participaient \u00e0 des activit\u00e9s dans le parc du ch\u00e2teau de Gamlehaugen. Cette visite matinale aupr\u00e8s d\u2019enfants \u00e9tait la premi\u00e8re s\u00e9quence d\u2019une journ\u00e9e consacr\u00e9e au centenaire du ch\u00e2teau de Gamlehaugen en tant que r\u00e9sidence royale. <\/p>\n<p><img loading=\"lazy\" decoding=\"async\" width=\"1300\" height=\"961\" src=\"https:\/\/www.europesays.com\/fr\/wp-content\/uploads\/2025\/08\/mette-marit-joue-jeux-enfants-gamlehaugen.jpg\" alt=\"\" class=\"wp-image-217045 lazyload\" data-  \/>La princesse h\u00e9riti\u00e8re Mette-Marit joue \u00e0 des jeux avec des enfants (Photo : PPE\/Nieboer\/SIPA)<\/p>\n<p>La reine Sonja, le prince h\u00e9ritier Haakon et la princesse h\u00e9riti\u00e8re Mette-Marit ont particip\u00e9 \u00e0 des activit\u00e9s et \u00e0 des jeux avec les enfants. Dans une ambiance d\u00e9tendue et informelle, la jeune g\u00e9n\u00e9ration a pass\u00e9 un agr\u00e9able moment en cette fin de p\u00e9riode estivale. L\u2019initiative avait pour but de cr\u00e9er de bons souvenirs aux enfants dans ce parc. En soir\u00e9e, un spectacle de grande ampleur sera pr\u00e9sent\u00e9 dans le parc. Des dizaines de milliers de Norv\u00e9giens sont attendues pour assister \u00e0 ce spectacle gratuit. Le roi Harald V se joindra au reste de sa famille pour se divertir.<\/p>\n<p>Le ch\u00e2teau fut construit pour Christian Michelsen, l\u2019un des hommes les plus influents de Norv\u00e8ge. Christian Michelsen joua un r\u00f4le majeur dans la dissolution \u00ab\u00a0pacifique \u00bb\u00a0de l\u2019union entre la Norv\u00e8ge et la Su\u00e8de et il devint le premier chef du gouvernement norv\u00e9gien ind\u00e9pendant, en 1905. Il fut le premier ministre du premier roi de Norv\u00e8ge, Haakon VII. Michelsen avait fait construire une magnifique demeure, le Gamlehaugen, \u00e0 Fana, un quartier de Bergen, ville o\u00f9 il est n\u00e9 en 1857. Michelsen r\u00e9sidera \u00e0 Gamlehaugen jusqu\u2019\u00e0 sa mort en 1825. Le ch\u00e2teau deviendra une propri\u00e9t\u00e9 nationale et sera mis \u00e0 disposition de la famille royale. Depuis 100 ans, Gamlehaugen est donc une r\u00e9sidence royale, o\u00f9 peut loger le souverain lorsqu\u2019il est en d\u00e9placement \u00e0 Bergen, la deuxi\u00e8me ville du pays.<\/p>\n<p>\t\t\t\t<img loading=\"lazy\" alt=\"Avatar photo\" src=\"https:\/\/www.europesays.com\/fr\/wp-content\/uploads\/2025\/04\/1516945716303-164x164.jpeg\"  class=\"avatar avatar-164 photo lazyload\" height=\"164\" width=\"164\" decoding=\"async\"\/><br \/>\n\t\t<a href=\"https:\/\/histoiresroyales.fr\/author\/royaliste123\/\" target=\"_blank\" rel=\"noopener\">Nicolas Fontaine<\/a><br \/>\n\t\t\t\t\tR\u00e9dacteur en chef<\/p>\n<p>Nicolas Fontaine a \u00e9t\u00e9 concepteur-r\u00e9dacteur et auteur pour de nombreuses marques et m\u00e9dias belges et fran\u00e7ais. Sp\u00e9cialiste de l&rsquo;actualit\u00e9 des familles royales, Nicolas a fond\u00e9 le site Histoires royales dont il est le r\u00e9dacteur en chef.&#13;<br \/>\n&#13;<br \/>\nnicolas@histoiresroyales.fr<\/p>\n<p>\t\t\t\t\t\t\t<a href=\"https:\/\/twitter.com\/ActusRoyales\" class=\"boxed-icon fill twitter\" target=\"_blank\" rel=\"noopener\"><\/a><br \/>\n\t\t\t\t\t\t\t\t\t<a href=\"https:\/\/www.instagram.com\/histoiresroyales.fr\/\" class=\"boxed-icon fill instagram\" target=\"_blank\" rel=\"noopener\"><\/a><\/p>\n<p>\t\t\t\t\t\t\t\t\t\t\t\t\t<script async src=\"https:\/\/platform.twitter.com\/widgets.js\" charset=\"utf-8\"><\/script><script async src=\"\/\/www.instagram.com\/embed.js\"><\/script><\/p>\n","protected":false},"excerpt":{"rendered":"La reine Sonja, le prince h\u00e9ritier Haakon et la princesse h\u00e9riti\u00e8re Mette-Marit affichaient leur plus grand sourire ce&hellip;\n","protected":false},"author":2,"featured_media":345767,"comment_status":"","ping_status":"","sticky":false,"template":"","format":"standard","meta":{"footnotes":""},"categories":[1359],"tags":[39755,58,59,1011,27,48190,5833,47535,5836,973,5837,48191],"class_list":{"0":"post-345766","1":"post","2":"type-post","3":"status-publish","4":"format-standard","5":"has-post-thumbnail","7":"category-people","8":"tag-bergen","9":"tag-divertissement","10":"tag-entertainment","11":"tag-fr","12":"tag-france","13":"tag-gamlehaugen","14":"tag-haakon-de-norvu00e8ge","15":"tag-marius-borg","16":"tag-mette-marit-de-norvu00e8ge","17":"tag-people","18":"tag-sonja-de-norvu00e8ge","19":"tag-sourire"},"share_on_mastodon":{"url":"https:\/\/pubeurope.com\/@fr\/115096423805470739","error":""},"_links":{"self":[{"href":"https:\/\/www.europesays.com\/fr\/wp-json\/wp\/v2\/posts\/345766","targetHints":{"allow":["GET"]}}],"collection":[{"href":"https:\/\/www.europesays.com\/fr\/wp-json\/wp\/v2\/posts"}],"about":[{"href":"https:\/\/www.europesays.com\/fr\/wp-json\/wp\/v2\/types\/post"}],"author":[{"embeddable":true,"href":"https:\/\/www.europesays.com\/fr\/wp-json\/wp\/v2\/users\/2"}],"replies":[{"embeddable":true,"href":"https:\/\/www.europesays.com\/fr\/wp-json\/wp\/v2\/comments?post=345766"}],"version-history":[{"count":0,"href":"https:\/\/www.europesays.com\/fr\/wp-json\/wp\/v2\/posts\/345766\/revisions"}],"wp:featuredmedia":[{"embeddable":true,"href":"https:\/\/www.europesays.com\/fr\/wp-json\/wp\/v2\/media\/345767"}],"wp:attachment":[{"href":"https:\/\/www.europesays.com\/fr\/wp-json\/wp\/v2\/media?parent=345766"}],"wp:term":[{"taxonomy":"category","embeddable":true,"href":"https:\/\/www.europesays.com\/fr\/wp-json\/wp\/v2\/categories?post=345766"},{"taxonomy":"post_tag","embeddable":true,"href":"https:\/\/www.europesays.com\/fr\/wp-json\/wp\/v2\/tags?post=345766"}],"curies":[{"name":"wp","href":"https:\/\/api.w.org\/{rel}","templated":true}]}}