{"id":345768,"date":"2025-08-26T18:14:26","date_gmt":"2025-08-26T18:14:26","guid":{"rendered":"https:\/\/www.europesays.com\/fr\/345768\/"},"modified":"2025-08-26T18:14:26","modified_gmt":"2025-08-26T18:14:26","slug":"louis-sarkozy-annule-sa-venue-au-salon-international-du-livre-de-monaco","status":"publish","type":"post","link":"https:\/\/www.europesays.com\/fr\/345768\/","title":{"rendered":"Louis Sarkozy annule sa venue au Salon international du livre de Monaco"},"content":{"rendered":"<p>L\u2019organisation en a gros. Alors que la 14e \u00e9dition du Salon international du livre de Monaco d\u00e9bute dans deux semaines au Grimaldi Forum \u2013 le week-end du 6 et 7 septembre \u2013 <a href=\"https:\/\/www.nicematin.com\/vie-locale\/a-menton-louis-sarkozy-s-attire-la-colere-des-communistes-999161\" rel=\"nofollow noopener\" target=\"_blank\">Louis Sarkozy<\/a> a annul\u00e9 en fin de semaine derni\u00e8re sa participation \u00e0 l\u2019\u00e9v\u00e8nement litt\u00e9raire. Celui qui devait \u00eatre l\u2019une des t\u00eates d\u2019affiche de cet \u00e9v\u00e8nement \u2013 actuellement en pr\u00e9campagne \u00e9lectorale pour les Municipales \u00e0 Menton \u2013 venait pr\u00e9senter son deuxi\u00e8me ouvrage: Napol\u00e9on Bonaparte. L\u2019Empire des livres.<\/p>\n<p>\u00ab\u00a0Ce qui me chiffonne, c\u2019est cette incorrection\u00a0\u00bb, r\u00e9agit spontan\u00e9ment Yvette Cellario pour Monaco-Matin, pr\u00e9sidente des \u00ab\u00a0Rencontres litt\u00e9raires Fabian Boisson\u00a0\u00bb qui organise le salon. Dans une note laconique rendue publique aujourd\u2019hui, elle regrette cette non-venue pour \u00ab\u00a0des raisons ind\u00e9pendantes de notre volont\u00e9\u00a0\u00bb et d\u00e9plore cette annulation \u00ab\u00a0sans explication plausible, pour les participants, les visiteurs et les organisateurs ayant cr\u00e9\u00e9 une d\u00e9convenue unanime\u00a0\u00bb. La pr\u00e9sidente est d\u2019autant plus contrari\u00e9e que tous les supports de communication ont d\u00e9j\u00e0 \u00e9t\u00e9 imprim\u00e9s.<\/p>\n<p>La mairie en ligne de mire<\/p>\n<p>Contact\u00e9e, l\u2019\u00e9quipe de campagne de Louis Sarkozy reconna\u00eet un manque d\u2019anticipation dans l\u2019\u00e9laboration de son agenda. Et \u00e9voque des emp\u00eachements professionnels.<\/p>\n<p>\u00ab\u00a0Le salon se d\u00e9roule en m\u00eame temps que le forum des associations \u00e0 Menton. C\u2019est un \u00e9v\u00e8nement que Louis Sarkozy ne souhaitait pas manquer pour continuer \u00e0 s\u2019implanter dans la commune. C\u2019est un moment incontournable dans la vie mentonnaise\u00a0\u00bb, assure son \u00e9quipe de campagne.<\/p>\n<p>\u00ab\u00a0Et c\u2019est \u00e9galement la rentr\u00e9e pour LCI, cha\u00eene avec laquelle Louis Sarkozy est sous contrat. Il sera donc \u00e0 Paris vendredi matin et samedi soir par rapport \u00e0 ces obligations et fera entre-temps l\u2019aller-retour pour \u00eatre pr\u00e9sent le samedi \u00e0 Menton\u00a0\u00bb, pr\u00e9cise-t-elle, se d\u00e9solant par ailleurs du ton employ\u00e9 par l\u2019organisation dans sa communication.<\/p>\n<p>Fran\u00e7ois Bernheim et \u00ab\u00a0Eddie Barclay et moi\u00a0\u00bb en renforts<\/p>\n<p>En lieu et place de Louis Sarkozy, ce sera le chanteur, compositeur et producteur Fran\u00e7ois Bernheim qui prendra la rel\u00e8ve. Et nul doute qu\u2019il devrait ravir le public du salon avec son livre Eddie Barclay et moi, qui dresse le portrait du producteur \u00e0 travers son regard, celui d\u2019un jeune collaborateur de la fin des ann\u00e9es 1960.<\/p>\n<p>Il sera pr\u00e9sent pendant ces deux jours aux c\u00f4t\u00e9s de plus d\u2019une centaine d\u2019auteurs, locaux et internationaux. Comme l\u2019ancien ministre Hubert V\u00e9drine, l\u2019acad\u00e9micien Andre\u00ef Makine, le diplomate Vladimir Fedorovski ou encore l\u2019alpiniste Orianne Aymard, une des rares Fran\u00e7aises \u00e0 avoir gravi l\u2019Everest.<\/p>\n<p>S\u2019il y en a un qui tente la dispense, il y en a un autre qui tente l\u2019invitation. Alors qu\u2019il n\u2019est pas convi\u00e9 en tant qu\u2019auteur au 14e Salon international du livre de Monaco, \u00c9ric Ciotti, par l\u2019interm\u00e9diaire de son \u00e9diteur \u00ab\u00a0Fayard\u00a0\u00bb, a tent\u00e9 de se faire une place dans la riche programmation de l\u2019\u00e9v\u00e8nement.<\/p>\n<p>Dans un mail envoy\u00e9 \u00e0 l\u2019organisation \u2013 que nous avons pu consulter \u2013 l\u2019\u00e9diteur demande, \u00ab\u00a0sur les conseils de l\u2019\u00e9quipe de notre auteur \u00c9ric Ciotti qui participera\u00a0\u00bb \u00e0 cette manifestation litt\u00e9raire, si le Salon international du livre avait eu le temps de commander suffisamment d\u2019exemplaires du dernier ouvrage du pr\u00e9sident de l\u2019Union des droites pour la R\u00e9publique (UDR). Un ouvrage intitul\u00e9 Je ne regrette rien: l\u2019heure est venue de dire pourquoi \u2013 publi\u00e9 en juin 2025 \u2013 et qui revient sur l\u2019alliance du deuxi\u00e8me tour effectu\u00e9e avec le Rassemblement national lors des \u00e9lections l\u00e9gislatives de 2024.<\/p>\n<p>Un mail auquel a r\u00e9pondu l\u2019organisation par un simple: \u00ab\u00a0Il n\u2019est pas invit\u00e9 mais peut venir en tant que visiteur.\u00a0\u00bb<\/p>\n<p>S.T.<\/p>\n<p>              <img ci-src=\"https:\/\/www.monacomatin.mc\/culture\/protec\/DATA_ART_16137718-n0EKhXf1.jpg?vh=c7e3cc&amp;ci_seal=801c98483c\" alt=\"\"\/><br \/>\n        Le pr\u00e9sident de l\u2019UDR et son livre paru en juin 2025. aRCHIVE n.-M. <\/p>\n","protected":false},"excerpt":{"rendered":"L\u2019organisation en a gros. Alors que la 14e \u00e9dition du Salon international du livre de Monaco d\u00e9bute dans&hellip;\n","protected":false},"author":2,"featured_media":345769,"comment_status":"","ping_status":"","sticky":false,"template":"","format":"standard","meta":{"footnotes":""},"categories":[1357],"tags":[1379,251,58,59,1011,27,1380],"class_list":{"0":"post-345768","1":"post","2":"type-post","3":"status-publish","4":"format-standard","5":"has-post-thumbnail","7":"category-livres","8":"tag-books","9":"tag-culture","10":"tag-divertissement","11":"tag-entertainment","12":"tag-fr","13":"tag-france","14":"tag-livres"},"share_on_mastodon":{"url":"https:\/\/pubeurope.com\/@fr\/115096431160439220","error":""},"_links":{"self":[{"href":"https:\/\/www.europesays.com\/fr\/wp-json\/wp\/v2\/posts\/345768","targetHints":{"allow":["GET"]}}],"collection":[{"href":"https:\/\/www.europesays.com\/fr\/wp-json\/wp\/v2\/posts"}],"about":[{"href":"https:\/\/www.europesays.com\/fr\/wp-json\/wp\/v2\/types\/post"}],"author":[{"embeddable":true,"href":"https:\/\/www.europesays.com\/fr\/wp-json\/wp\/v2\/users\/2"}],"replies":[{"embeddable":true,"href":"https:\/\/www.europesays.com\/fr\/wp-json\/wp\/v2\/comments?post=345768"}],"version-history":[{"count":0,"href":"https:\/\/www.europesays.com\/fr\/wp-json\/wp\/v2\/posts\/345768\/revisions"}],"wp:featuredmedia":[{"embeddable":true,"href":"https:\/\/www.europesays.com\/fr\/wp-json\/wp\/v2\/media\/345769"}],"wp:attachment":[{"href":"https:\/\/www.europesays.com\/fr\/wp-json\/wp\/v2\/media?parent=345768"}],"wp:term":[{"taxonomy":"category","embeddable":true,"href":"https:\/\/www.europesays.com\/fr\/wp-json\/wp\/v2\/categories?post=345768"},{"taxonomy":"post_tag","embeddable":true,"href":"https:\/\/www.europesays.com\/fr\/wp-json\/wp\/v2\/tags?post=345768"}],"curies":[{"name":"wp","href":"https:\/\/api.w.org\/{rel}","templated":true}]}}