{"id":345782,"date":"2025-08-26T18:21:10","date_gmt":"2025-08-26T18:21:10","guid":{"rendered":"https:\/\/www.europesays.com\/fr\/345782\/"},"modified":"2025-08-26T18:21:10","modified_gmt":"2025-08-26T18:21:10","slug":"cet-asteroide-decouvert-par-la-nasa-renferme-une-poussiere-davant-notre-systeme-solaire","status":"publish","type":"post","link":"https:\/\/www.europesays.com\/fr\/345782\/","title":{"rendered":"cet ast\u00e9ro\u00efde d\u00e9couvert par la NASA renferme une poussi\u00e8re d\u2019avant notre Syst\u00e8me solaire"},"content":{"rendered":"<blockquote class=\"wp-block-quote\">\n<p><strong>La mission OSIRIS-REx de la NASA, lanc\u00e9e en 2016, a r\u00e9ussi l\u2019exploit de rapporter des \u00e9chantillons de l\u2019ast\u00e9ro\u00efde Bennu. D\u00e9couvrez ce que leur analyse vient tout juste de r\u00e9v\u00e9ler\u2026<\/strong><\/p>\n<\/blockquote>\n<p><img fetchpriority=\"high\" decoding=\"async\" width=\"1024\" height=\"578\" src=\"https:\/\/www.europesays.com\/fr\/wp-content\/uploads\/2025\/08\/image-lumineuse-asteroide-poussiere-1024x578.webp.webp\" alt=\"Gros plan d\u2019un ast\u00e9ro\u00efde fissur\u00e9 lib\u00e9rant de la poussi\u00e8re lumineuse dans l\u2019espace.\" class=\"wp-image-988051\"  \/>Les chercheurs ont d\u00e9tect\u00e9 un ast\u00e9ro\u00efde dont la surface fissur\u00e9e lib\u00e8re un nuage de poussi\u00e8re observ\u00e9 depuis la Terre \u2013 DailyGeekShow.com<\/p>\n<p>Ce petit corps rocheux, vieux de plus de <strong>4,6 milliards d\u2019ann\u00e9es<\/strong>, livre aujourd\u2019hui un secret sid\u00e9rant : il contiendrait des <strong>poussi\u00e8res d\u2019\u00e9toiles<\/strong> plus anciennes que le <strong><a href=\"https:\/\/dailygeekshow.com\/elle-est-la-les-plus-sous-estimees-du-systeme-solaire-une-planete-voisine-qui-reunit-toutes-les-conditions-du-vivant-intrigue-les-scientifiques\/\" target=\"_blank\" rel=\"noopener\">Syst\u00e8me solaire<\/a><\/strong> lui-m\u00eame. Une d\u00e9couverte qui bouleverse nos connaissances sur la formation des ast\u00e9ro\u00efdes, mais aussi sur les origines de notre propre plan\u00e8te.<\/p>\n<p>Bennu, un ast\u00e9ro\u00efde g\u00e9ocroiseur n\u00e9 d\u2019une collision dans la premi\u00e8re ceinture<\/p>\n<p>Situ\u00e9 entre <strong>Mars et Jupiter<\/strong>, Bennu appartient \u00e0 la <strong>premi\u00e8re ceinture d\u2019ast\u00e9ro\u00efdes<\/strong>, une zone riche en d\u00e9bris cosmiques. Selon les recherches parues le 22 ao\u00fbt 2025 dans les revues Nature Geoscience et Nature Astronomy, cet ast\u00e9ro\u00efde serait n\u00e9 d\u2019une <strong>collision<\/strong> entre deux corps plus massifs.<\/p>\n<p>Lire aussi <a href=\"https:\/\/dailygeekshow.com\/starship-annule-deux-jours-de-suite-mais-elon-musk-promet-un-redecollage-imminent-mars-nous-attend\/\" target=\"_blank\" rel=\"noopener\">Starship annul\u00e9 deux jours de suite, mais Elon Musk promet un red\u00e9collage imminent : \u00ab Mars nous attend \u00bb<\/a><\/p>\n<p><img loading=\"lazy\" decoding=\"async\" width=\"1000\" height=\"836\" src=\"https:\/\/www.europesays.com\/fr\/wp-content\/uploads\/2025\/08\/ryugu-bennu_image-nasa.webp.webp\" alt=\"Comparaison des ast\u00e9ro\u00efdes Ryugu et Bennu, observ\u00e9s par les missions spatiales japonaises et am\u00e9ricaines.\" class=\"wp-image-987708\"  \/>Les ast\u00e9ro\u00efdes Ryugu et Bennu pr\u00e9sentent une forme et une composition similaires, offrant des indices pr\u00e9cieux sur la formation du Syst\u00e8me solaire \u2013 Source NASA<\/p>\n<p>Apr\u00e8s l\u2019impact, les <strong>fragments du corps parent<\/strong> se seraient lentement agglom\u00e9r\u00e9s pour former Bennu. Jusque-l\u00e0, rien d\u2019inhabituel : la plupart des <a href=\"https:\/\/dailygeekshow.com\/ce-lien-entre-deux-asteroides-vieux-de-4-milliards-dannees-seme-le-doute-james-webb-bouleverse-notre-vision-de-la-naissance-du-systeme-solaire\/\" target=\"_blank\" rel=\"noopener\">ast\u00e9ro\u00efdes<\/a> naissent ainsi. Ce qui distingue Bennu, c\u2019est la <strong>nature de ses composants internes<\/strong>. Et c\u2019est pr\u00e9cis\u00e9ment ce que les scientifiques ont pu analyser gr\u00e2ce aux \u00e9chantillons pr\u00e9lev\u00e9s par la sonde OSIRIS-REx.<\/p>\n<p>Des grains d\u2019\u00e9toiles pr\u00e9solaires retrouv\u00e9s dans les \u00e9chantillons de la NASA<\/p>\n<p>Parmi les d\u00e9bris analys\u00e9s, les chercheurs ont identifi\u00e9 la pr\u00e9sence de <strong>mati\u00e8res organiques<\/strong> et de <strong>grains de poussi\u00e8re interstellaires<\/strong>. Ces grains se sont form\u00e9s <strong>avant la naissance du Soleil<\/strong>. Ils proviennent d\u2019explosions d\u2019<strong>anciennes \u00e9toiles<\/strong> et ont voyag\u00e9 \u00e0 travers l\u2019espace interstellaire. Ensuite, ils se sont int\u00e9gr\u00e9s aux mat\u00e9riaux de notre Syst\u00e8me solaire.<\/p>\n<p>Selon <strong>Ann Nguyen<\/strong>, plan\u00e9tologue et coauteure de l\u2019\u00e9tude, certains min\u00e9raux se sont form\u00e9s <strong>au plus pr\u00e8s du Soleil<\/strong>. D\u2019autres, en revanche, viendraient de r\u00e9gions beaucoup plus lointaines, <strong>au-del\u00e0 de l\u2019orbite de Jupiter<\/strong>. <\/p>\n<p>Lire aussi <a href=\"https:\/\/dailygeekshow.com\/planete-y-systeme-solaire\/\" target=\"_blank\" rel=\"noopener\">Plan\u00e8te Y : un monde de la taille de la Terre se cache-t-il dans le Syst\u00e8me solaire externe ?<\/a><\/p>\n<p>Cette diversit\u00e9 min\u00e9rale confirme que Bennu est un <strong>concentr\u00e9 de l\u2019histoire cosmique<\/strong>. Il agit comme une capsule temporelle qui transporte la m\u00e9moire de plusieurs \u00e9poques stellaires.<\/p>\n<p>Un corps parent form\u00e9 \u00e0 la fronti\u00e8re du Syst\u00e8me solaire avec une m\u00e9moire interstellaire<\/p>\n<p>Les chercheurs pensent que le <strong>corps parent<\/strong> de Bennu s\u2019est form\u00e9 dans une zone tr\u00e8s froide et recul\u00e9e du Syst\u00e8me solaire. L\u00e0-bas, les particules interstellaires se sont m\u00e9lang\u00e9es aux composants locaux. Ce corps initial aurait ensuite migr\u00e9, puis subi une violente collision.<\/p>\n<p>Les fragments les plus riches, comme Bennu, n\u2019ont pas \u00e9t\u00e9 absorb\u00e9s par une plan\u00e8te en formation. Gr\u00e2ce \u00e0 cela, ils conservent une <strong>empreinte min\u00e9rale et organique<\/strong> unique. Bennu est ainsi devenu l\u2019un des objets les plus pr\u00e9cieux jamais analys\u00e9s par la <a href=\"https:\/\/dailygeekshow.com\/une-revolution-silencieuse-dans-lespace-la-nasa-veut-faire-dartemis-un-modele-dexploration-lunaire-sans-pollution\/\" target=\"_blank\" rel=\"noopener\">NASA<\/a>.<\/p>\n<p>Lire aussi <a href=\"https:\/\/dailygeekshow.com\/10-milliards-de-mondes-oublies-dans-la-voie-lactee-pourraient-changer-notre-vision-de-la-vie-dans-lunivers-selon-une-etude\/\" target=\"_blank\" rel=\"noopener\">10 milliards de mondes oubli\u00e9s dans la Voie lact\u00e9e pourraient changer notre vision de la vie dans l\u2019Univers selon une \u00e9tude<\/a><\/p>\n<p>Cette d\u00e9couverte ne se limite pas \u00e0 une simple curiosit\u00e9 scientifique. Elle <strong>ouvre une fen\u00eatre sur l\u2019avant-Soleil<\/strong>, une \u00e9poque o\u00f9 notre syst\u00e8me n\u2019\u00e9tait encore qu\u2019un nuage de gaz anonyme parmi des milliards d\u2019autres.<\/p>\n<p>Ce que les poussi\u00e8res mill\u00e9naires de Bennu r\u00e9v\u00e8lent sur la naissance du Syst\u00e8me solaire<\/p>\n<p>Bennu n\u2019est pas un simple caillou spatial. C\u2019est un <strong>t\u00e9moin silencieux<\/strong> d\u2019une histoire plus vaste, bien ant\u00e9rieure \u00e0 la n\u00f4tre. En rapportant ces \u00e9chantillons sur Terre, les scientifiques disposent d\u00e9sormais d\u2019une <strong>biblioth\u00e8que microscopique<\/strong> de l\u2019Univers primitif.<\/p>\n<p>Chaque grain de poussi\u00e8re analys\u00e9 nous rapproche un peu plus de la <strong>compr\u00e9hension des origines du Syst\u00e8me solaire<\/strong>, de la Terre et, peut-\u00eatre, de la vie elle-m\u00eame. Ce minuscule ast\u00e9ro\u00efde nous rappelle que les r\u00e9ponses \u00e0 nos plus grandes questions peuvent se cacher dans les objets les plus discrets de l\u2019espace.<\/p>\n<p>Lire aussi <a href=\"https:\/\/dailygeekshow.com\/un-instant-suspendu-seuls-quelques-privilegies-vivront-cette-eclipse-totale-rare-et-bouleversante-de-2026\/\" target=\"_blank\" rel=\"noopener\">\u00ab\u202fUn instant suspendu\u202f\u00bb : seuls quelques privil\u00e9gi\u00e9s vivront cette \u00e9clipse totale rare et bouleversante de 2026<\/a><\/p>\n","protected":false},"excerpt":{"rendered":"La mission OSIRIS-REx de la NASA, lanc\u00e9e en 2016, a r\u00e9ussi l\u2019exploit de rapporter des \u00e9chantillons de l\u2019ast\u00e9ro\u00efde&hellip;\n","protected":false},"author":2,"featured_media":345783,"comment_status":"","ping_status":"","sticky":false,"template":"","format":"standard","meta":{"footnotes":""},"categories":[7],"tags":[1011,27,23827,333,43,40,41,39,42,44],"class_list":{"0":"post-345782","1":"post","2":"type-post","3":"status-publish","4":"format-standard","5":"has-post-thumbnail","7":"category-sciences-et-technologies","8":"tag-fr","9":"tag-france","10":"tag-james-webb","11":"tag-nasa","12":"tag-science","13":"tag-science-and-technology","14":"tag-sciences","15":"tag-sciences-et-technologies","16":"tag-technologies","17":"tag-technology"},"share_on_mastodon":{"url":"https:\/\/pubeurope.com\/@fr\/115096458886417911","error":""},"_links":{"self":[{"href":"https:\/\/www.europesays.com\/fr\/wp-json\/wp\/v2\/posts\/345782","targetHints":{"allow":["GET"]}}],"collection":[{"href":"https:\/\/www.europesays.com\/fr\/wp-json\/wp\/v2\/posts"}],"about":[{"href":"https:\/\/www.europesays.com\/fr\/wp-json\/wp\/v2\/types\/post"}],"author":[{"embeddable":true,"href":"https:\/\/www.europesays.com\/fr\/wp-json\/wp\/v2\/users\/2"}],"replies":[{"embeddable":true,"href":"https:\/\/www.europesays.com\/fr\/wp-json\/wp\/v2\/comments?post=345782"}],"version-history":[{"count":0,"href":"https:\/\/www.europesays.com\/fr\/wp-json\/wp\/v2\/posts\/345782\/revisions"}],"wp:featuredmedia":[{"embeddable":true,"href":"https:\/\/www.europesays.com\/fr\/wp-json\/wp\/v2\/media\/345783"}],"wp:attachment":[{"href":"https:\/\/www.europesays.com\/fr\/wp-json\/wp\/v2\/media?parent=345782"}],"wp:term":[{"taxonomy":"category","embeddable":true,"href":"https:\/\/www.europesays.com\/fr\/wp-json\/wp\/v2\/categories?post=345782"},{"taxonomy":"post_tag","embeddable":true,"href":"https:\/\/www.europesays.com\/fr\/wp-json\/wp\/v2\/tags?post=345782"}],"curies":[{"name":"wp","href":"https:\/\/api.w.org\/{rel}","templated":true}]}}