{"id":345786,"date":"2025-08-26T18:23:11","date_gmt":"2025-08-26T18:23:11","guid":{"rendered":"https:\/\/www.europesays.com\/fr\/345786\/"},"modified":"2025-08-26T18:23:11","modified_gmt":"2025-08-26T18:23:11","slug":"les-combats-se-poursuivent-dans-loblast-de-dnipropetrovsk-selon-larmee-ukrainienne","status":"publish","type":"post","link":"https:\/\/www.europesays.com\/fr\/345786\/","title":{"rendered":"\u00ab\u00a0les combats se poursuivent\u00a0\u00bb dans l\u2019oblast de Dnipropetrovsk, selon l\u2019arm\u00e9e ukrainienne"},"content":{"rendered":"<p>   L\u2019Ukraine reconna\u00eet que les troupes russes ont p\u00e9n\u00e9tr\u00e9 dans la r\u00e9gion de Dnipropetrovsk               <img decoding=\"async\" class=\"post__live-container--img post__space-node\"  src=\"https:\/\/www.europesays.com\/fr\/wp-content\/uploads\/2025\/08\/41ee027_upload-1-1jwf7kgdb0ff-hl-vnguyenhoang-reactions-meeting-trump-poutine-2-017.jpg\" data- alt=\"Un abri antimissiles dans le centre de Dnipro, en Ukraine, le 18\u00a0ao\u00fbt 2025.\"\/>   Un abri antimissiles dans le centre de Dnipro, en Ukraine, le 18\u00a0ao\u00fbt 2025. VIRGINIE NGUYEN HOANG\/HL\/HUMA POUR \u00ab LE MONDE \u00bb               <\/p>\n<p class=\"post__live-container--answer-text post__space-node\">\u00ab\u00a0Oui, ils sont entr\u00e9s\u00a0\u00bb sur ce territoire, o\u00f9 \u00ab\u00a0les combats se poursuivent\u00a0\u00bb, a d\u00e9clar\u00e9 mardi \u00e0 l\u2019Agence France-Presse (AFP) Viktor Trehoubov, le porte-parole des forces ukrainiennes pour cette zone. C\u2019est la premi\u00e8re fois que l\u2019Ukraine reconna\u00eet mardi que les soldats russes ont p\u00e9n\u00e9tr\u00e9 dans l\u2019oblast de Dnipropetrovsk (Centre-Est), o\u00f9 Moscou avait fait part, de son c\u00f4t\u00e9, d\u2019avanc\u00e9es d\u00e8s le mois de juillet.<\/p>\n<p class=\"post__live-container--answer-text post__space-node\">L\u2019arm\u00e9e russe, qui occupe environ 20\u00a0% de l\u2019Ukraine, dans l\u2019Est et le Sud, a progress\u00e9 sur le terrain ces derniers mois face \u00e0 des unit\u00e9s ukrainiennes moins nombreuses et moins bien \u00e9quip\u00e9es. Le groupement Dnipro de l\u2019arm\u00e9e ukrainienne, charg\u00e9 de cette zone, a assur\u00e9 mardi avoir \u00ab\u00a0stopp\u00e9 l\u2019avanc\u00e9e des envahisseurs russes\u00a0\u00bb peu apr\u00e8s leur entr\u00e9e dans la r\u00e9gion de Dnipropetrovsk \u00e0 partir de celle de Donetsk, plus \u00e0 l\u2019est.<\/p>\n<p class=\"post__live-container--answer-text post__space-node\">Les militaires ukrainiens \u00ab\u00a0continuent de contr\u00f4ler le village de Zaporizke\u00a0\u00bb, dont la prise a \u00e9t\u00e9 annonc\u00e9e lundi par la Russie, a assur\u00e9 le groupement. Il a fait \u00e9tat d\u2019\u00ab\u00a0op\u00e9rations de combat actives pr\u00e8s du village de Novoheorhi\u00efvka\u00a0\u00bb, dont les troupes russes ont assur\u00e9, le 20\u00a0ao\u00fbt, s\u2019\u00eatre empar\u00e9es. Le site en ligne de cartographie militaire DeepState, proche de l\u2019arm\u00e9e ukrainienne et tr\u00e8s suivi, a cependant fait \u00e9tat mardi de l\u2019occupation de ces deux localit\u00e9s.<\/p>\n<p class=\"post__live-container--answer-text post__space-node\">La r\u00e9gion de Dnipropetrovsk ne fait pas partie des cinq territoires administratifs ukrainiens dont Moscou revendique la propri\u00e9t\u00e9 et qu\u2019elle a annex\u00e9es, \u00e0 savoir les oblasts de Donetsk, de Kherson, de Louhansk, de Zaporijia et la p\u00e9ninsule de Crim\u00e9e.<\/p>\n","protected":false},"excerpt":{"rendered":"L\u2019Ukraine reconna\u00eet que les troupes russes ont p\u00e9n\u00e9tr\u00e9 dans la r\u00e9gion de Dnipropetrovsk Un abri antimissiles dans le&hellip;\n","protected":false},"author":2,"featured_media":345787,"comment_status":"","ping_status":"","sticky":false,"template":"","format":"standard","meta":{"footnotes":""},"categories":[5],"tags":[11,1011,27,14,12,28],"class_list":{"0":"post-345786","1":"post","2":"type-post","3":"status-publish","4":"format-standard","5":"has-post-thumbnail","7":"category-international","8":"tag-actualites","9":"tag-fr","10":"tag-france","11":"tag-international","12":"tag-news","13":"tag-world"},"share_on_mastodon":{"url":"https:\/\/pubeurope.com\/@fr\/115096466558234770","error":""},"_links":{"self":[{"href":"https:\/\/www.europesays.com\/fr\/wp-json\/wp\/v2\/posts\/345786","targetHints":{"allow":["GET"]}}],"collection":[{"href":"https:\/\/www.europesays.com\/fr\/wp-json\/wp\/v2\/posts"}],"about":[{"href":"https:\/\/www.europesays.com\/fr\/wp-json\/wp\/v2\/types\/post"}],"author":[{"embeddable":true,"href":"https:\/\/www.europesays.com\/fr\/wp-json\/wp\/v2\/users\/2"}],"replies":[{"embeddable":true,"href":"https:\/\/www.europesays.com\/fr\/wp-json\/wp\/v2\/comments?post=345786"}],"version-history":[{"count":0,"href":"https:\/\/www.europesays.com\/fr\/wp-json\/wp\/v2\/posts\/345786\/revisions"}],"wp:featuredmedia":[{"embeddable":true,"href":"https:\/\/www.europesays.com\/fr\/wp-json\/wp\/v2\/media\/345787"}],"wp:attachment":[{"href":"https:\/\/www.europesays.com\/fr\/wp-json\/wp\/v2\/media?parent=345786"}],"wp:term":[{"taxonomy":"category","embeddable":true,"href":"https:\/\/www.europesays.com\/fr\/wp-json\/wp\/v2\/categories?post=345786"},{"taxonomy":"post_tag","embeddable":true,"href":"https:\/\/www.europesays.com\/fr\/wp-json\/wp\/v2\/tags?post=345786"}],"curies":[{"name":"wp","href":"https:\/\/api.w.org\/{rel}","templated":true}]}}