{"id":345788,"date":"2025-08-26T18:24:11","date_gmt":"2025-08-26T18:24:11","guid":{"rendered":"https:\/\/www.europesays.com\/fr\/345788\/"},"modified":"2025-08-26T18:24:11","modified_gmt":"2025-08-26T18:24:11","slug":"emmanuel-macron-repond-sechement-a-benjamin-netanyahu-sur-lantisemitisme-et-gaza","status":"publish","type":"post","link":"https:\/\/www.europesays.com\/fr\/345788\/","title":{"rendered":"Emmanuel Macron r\u00e9pond s\u00e8chement \u00e0 Benjamin Netanyahu sur l\u2019antis\u00e9mitisme et Gaza"},"content":{"rendered":"<p>        <img decoding=\"async\" loading=\"lazy\" src=\"https:\/\/www.europesays.com\/fr\/wp-content\/uploads\/2025\/08\/6c38176_1698137811870-000-33yz3z4.jpg\"  width=\"728\" height=\"410\" alt=\"Le Premier ministre isra\u00e9lien Benjamin Netanyahu salue le pr\u00e9sident fran\u00e7ais Emmanuel Macron avant une r\u00e9union \u00e0 J\u00e9rusalem, le 24\u00a0octobre 2023. \"\/>  <\/p>\n<p>CHRISTOPHE ENA \/ AFP<\/p>\n<p>Le Premier ministre isra\u00e9lien Benjamin Netanyahu salue le pr\u00e9sident fran\u00e7ais Emmanuel Macron avant une r\u00e9union \u00e0 J\u00e9rusalem, le 24\u00a0octobre 2023. <\/p>\n<p class=\"asset asset-text\">INTERNATIONAL &#8211; C\u2019est une r\u00e9ponse tr\u00e8s s\u00e8che. Dans une lettre rendue publique ce mardi 26\u00a0ao\u00fbt par le quotidien <a href=\"https:\/\/www.lemonde.fr\/international\/article\/2025\/08\/26\/emmanuel-macron-repond-a-benyamin-netanyahou-le-texte-de-la-lettre-envoyee-par-le-president-francais_6635773_3210.html\" target=\"_blank\" rel=\"noopener\" title=\"Nouvelle fen\u00eatre\">Le Monde<\/a>, <a href=\"https:\/\/www.huffingtonpost.fr\/international\/article\/un-desastre-emmanuel-macron-redit-tout-le-mal-qu-il-pense-de-l-offensive-israelienne-a-gaza_253797.html\" target=\"_blank\" rel=\"noopener\" title=\"Nouvelle fen\u00eatre\">Emmanuel Macron<\/a> estime que les \u00ab\u00a0accusations d\u2019inaction\u00a0\u00bb port\u00e9es par <a href=\"https:\/\/www.huffingtonpost.fr\/international\/article\/netanyahu-appelle-macron-a-renoncer-sur-la-palestine-avant-cette-date-symbolique_253759.html\" target=\"_blank\" rel=\"noopener\" title=\"Nouvelle fen\u00eatre\">Benjamin Netanyahu<\/a> envers la France en mati\u00e8re de lutte contre l\u2019antis\u00e9mitisme constituent une \u00ab\u00a0offense\u00a0\u00bb pour le pays \u00ab\u00a0tout entier\u00a0\u00bb. Le pr\u00e9sident fran\u00e7ais exhorte encore le Premier ministre isra\u00e9lien \u00e0 sortir de sa \u00ab\u00a0fuite en avant meurtri\u00e8re\u00a0\u00bb \u00e0 Gaza.<\/p>\n<p class=\"asset asset-text\">\u00ab\u00a0Ces accusations d\u2019inaction face \u00e0 un fl\u00e9au que nous combattons de toutes nos forces sont inacceptables et offensent la France tout enti\u00e8re\u00a0\u00bb, \u00e9crit Emmanuel Macron, estimant que cette lutte \u00ab\u00a0ne saurait \u00eatre un sujet d\u2019instrumentalisation\u00a0\u00bb.<\/p>\n<p class=\"asset asset-text\">Le Premier ministre isra\u00e9lien a d\u00e9clench\u00e9 une nouvelle crise avec la France, en accusant le pr\u00e9sident fran\u00e7ais \u00ab\u00a0d\u2019alimenter le feu antis\u00e9mite\u00a0\u00bb avec son intention de reconna\u00eetre l\u2019\u00c9tat palestinien. Dans une lettre adress\u00e9e \u00e0 Emmanuel Macron en date du 17\u00a0ao\u00fbt, il s\u2019est dit \u00ab\u00a0pr\u00e9occup\u00e9 par la mont\u00e9e alarmante de l\u2019antis\u00e9mitisme en France et par le manque d\u2019actions d\u00e9cisives (du) gouvernement pour y faire face\u00a0\u00bb.<\/p>\n<p class=\"asset asset-text\">Le 19\u00a0ao\u00fbt, la pr\u00e9sidence fran\u00e7aise avait d\u00e9j\u00e0 d\u00e9nonc\u00e9 comme \u00ab\u00a0erron\u00e9e, abjecte\u00a0\u00bb l\u2019accusation de Benjamin Netanyahu, affirmant qu\u2019Emmanuel Macron en avait pris connaissance par voie de presse et y r\u00e9pondrait par courrier.<\/p>\n<p>                     La reconnaissance de la Palestine, une \u00ab\u00a0main tendue\u00a0\u00bb \u00e0 Isra\u00ebl    <\/p>\n<p class=\"asset asset-text\">Le chef de l\u2019\u00c9tat fran\u00e7ais souligne dans sa r\u00e9ponse qu\u2019il \u00ab\u00a0demeure et demeurera garant de l\u2019imp\u00e9rieuse n\u00e9cessit\u00e9 de combattre cette abomination, partout et toujours\u00a0\u00bb.<\/p>\n<p class=\"asset asset-text\">\u00ab\u00a0Les antis\u00e9mitismes de notre pays viennent de loin, ont longtemps \u00e9t\u00e9 nourris par l\u2019extr\u00eame droite, sont aujourd\u2019hui aussi aliment\u00e9s par l\u2019extr\u00eame gauche qui essentialise la communaut\u00e9 juive et soutient la haine contre cette derni\u00e8re\u00a0\u00bb, pointe-t-il encore.<\/p>\n<p class=\"asset asset-text\">Emmanuel Macron estime que son initiative diplomatique pour une reconnaissance de l\u2019\u00c9tat de Palestine est une \u00ab\u00a0main tendue\u00a0\u00bb \u00e0 Isra\u00ebl pour une \u00ab\u00a0paix durable\u00a0\u00bb dans la r\u00e9gion et rejette aussi toute accusation de soutien, \u00e0 travers ce processus, au mouvement islamiste palestinien Hamas.<\/p>\n<p>                     \u00ab\u00a0Un d\u00e9sastre humanitaire \u00e9pouvantable \u00e0 Gaza\u00a0\u00bb    <\/p>\n<p class=\"asset asset-text\">Affirmant son \u00ab\u00a0indignation face \u00e0 un d\u00e9sastre humanitaire \u00e9pouvantable \u00e0 Gaza que rien ne saurait justifier\u00a0\u00bb, le pr\u00e9sident fran\u00e7ais r\u00e9p\u00e8te \u00e9galement de nouveau son appel au Premier ministre isra\u00e9lien pour mettre un terme ses op\u00e9rations dans l\u2019enclave palestinienne.<\/p>\n<p class=\"asset asset-text\">\u00ab\u00a0Je vous appelle solennellement \u00e0 sortir de la fuite en avant meurtri\u00e8re et ill\u00e9gale d\u2019une guerre permanente \u00e0 Gaza qui expose votre pays \u00e0 l\u2019indignit\u00e9 et votre peuple \u00e0 une impasse, \u00e0 cesser l\u2019ill\u00e9gale et injustifiable recolonisation de la Cisjordanie et \u00e0 saisir la main tendue des partenaires internationaux dispos\u00e9s \u00e0 travailler \u00e0 un avenir de paix, de s\u00e9curit\u00e9 et de prosp\u00e9rit\u00e9 pour Isra\u00ebl et la r\u00e9gion\u00a0\u00bb, poursuit-il.<\/p>\n<p class=\"asset asset-text\">Selon lui, \u00ab\u00a0l\u2019\u00c9tat palestinien doit constituer la fin du Hamas\u00a0\u00bb. \u00ab\u00a0C\u2019est aujourd\u2019hui la seule mani\u00e8re d\u2019\u00e9radiquer r\u00e9ellement le Hamas et d\u2019\u00e9viter \u00e0 la jeunesse isra\u00e9lienne de se consumer dans une guerre permanente, d\u00e9vastatrice pour les Palestiniens de Gaza, mais \u00e9galement pour Isra\u00ebl et la r\u00e9gion tout enti\u00e8re\u00a0\u00bb, rel\u00e8ve-t-il encore.<\/p>\n","protected":false},"excerpt":{"rendered":"CHRISTOPHE ENA \/ AFP Le Premier ministre isra\u00e9lien Benjamin Netanyahu salue le pr\u00e9sident fran\u00e7ais Emmanuel Macron avant une&hellip;\n","protected":false},"author":2,"featured_media":345789,"comment_status":"","ping_status":"","sticky":false,"template":"","format":"standard","meta":{"footnotes":""},"categories":[4],"tags":[11,3448,3259,1073,1011,27,14,664,12,25],"class_list":{"0":"post-345788","1":"post","2":"type-post","3":"status-publish","4":"format-standard","5":"has-post-thumbnail","7":"category-france","8":"tag-actualites","9":"tag-benjamin-netanyahou","10":"tag-conflit-israelo-palestinien","11":"tag-emmanuel-macron","12":"tag-fr","13":"tag-france","14":"tag-international","15":"tag-israel","16":"tag-news","17":"tag-republique-francaise"},"share_on_mastodon":{"url":"https:\/\/pubeurope.com\/@fr\/115096470497943261","error":""},"_links":{"self":[{"href":"https:\/\/www.europesays.com\/fr\/wp-json\/wp\/v2\/posts\/345788","targetHints":{"allow":["GET"]}}],"collection":[{"href":"https:\/\/www.europesays.com\/fr\/wp-json\/wp\/v2\/posts"}],"about":[{"href":"https:\/\/www.europesays.com\/fr\/wp-json\/wp\/v2\/types\/post"}],"author":[{"embeddable":true,"href":"https:\/\/www.europesays.com\/fr\/wp-json\/wp\/v2\/users\/2"}],"replies":[{"embeddable":true,"href":"https:\/\/www.europesays.com\/fr\/wp-json\/wp\/v2\/comments?post=345788"}],"version-history":[{"count":0,"href":"https:\/\/www.europesays.com\/fr\/wp-json\/wp\/v2\/posts\/345788\/revisions"}],"wp:featuredmedia":[{"embeddable":true,"href":"https:\/\/www.europesays.com\/fr\/wp-json\/wp\/v2\/media\/345789"}],"wp:attachment":[{"href":"https:\/\/www.europesays.com\/fr\/wp-json\/wp\/v2\/media?parent=345788"}],"wp:term":[{"taxonomy":"category","embeddable":true,"href":"https:\/\/www.europesays.com\/fr\/wp-json\/wp\/v2\/categories?post=345788"},{"taxonomy":"post_tag","embeddable":true,"href":"https:\/\/www.europesays.com\/fr\/wp-json\/wp\/v2\/tags?post=345788"}],"curies":[{"name":"wp","href":"https:\/\/api.w.org\/{rel}","templated":true}]}}