{"id":345792,"date":"2025-08-26T18:26:20","date_gmt":"2025-08-26T18:26:20","guid":{"rendered":"https:\/\/www.europesays.com\/fr\/345792\/"},"modified":"2025-08-26T18:26:20","modified_gmt":"2025-08-26T18:26:20","slug":"la-ligue-des-droits-de-lhomme-monte-au-creneau","status":"publish","type":"post","link":"https:\/\/www.europesays.com\/fr\/345792\/","title":{"rendered":"la Ligue des droits de l\u2019Homme monte au cr\u00e9neau"},"content":{"rendered":"<p>Les images de l\u2019intervention d\u2019un \u00e9quipage de la Brigade sp\u00e9cialis\u00e9e de terrain le 19\u00a0ao\u00fbt en d\u00e9but de soir\u00e9e \u00e0 Saint-\u00c9tienne n\u2019ont peut-\u00eatre pas fini de faire le buzz sur internet.<\/p>\n<p>En effet, apr\u00e8s la parution dans nos colonnes de l\u2019interview du directeur d\u00e9partemental de la police nationale dans la Loire, Yves Cellier, c\u2019est au tour de la Ligue des droits de l\u2019Homme de Saint-\u00c9tienne de monter au cr\u00e9neau.<\/p>\n<p>  \u00ab\u00a0Nous exigeons une enqu\u00eate transparente et ind\u00e9pendante\u00a0\u00bb<\/p>\n<p>Dans un communiqu\u00e9 de presse, le pr\u00e9sident, Nadim Ghodbane, affirme que \u00ab rien ne peut justifier de tels gestes\u00a0\u00bb.<\/p>\n<p>D\u2019apr\u00e8s lui, \u00ab la police, d\u00e9positaire de l\u2019autorit\u00e9 publique, ne peut se permettre de basculer dans la brutalit\u00e9 gratuite, sans saper elle-m\u00eame la l\u00e9gitimit\u00e9 de sa mission\u00a0\u00bb. Selon ses termes, \u00ab\u00a0ces violences ne sont pas \u00ab\u00a0des d\u00e9rapages isol\u00e9s\u00a0\u00bb mais le sympt\u00f4me d\u2019un probl\u00e8me structurel dans le rapport entre police et population\u00a0\u00bb.<\/p>\n<p>Et de conclure\u00a0: \u00ab\u00a0Nous d\u00e9non\u00e7ons fermement ces pratiques et exigeons une enqu\u00eate transparente, ind\u00e9pendante et rapide. La soci\u00e9t\u00e9 ne peut tol\u00e9rer que des citoyens soient trait\u00e9s de cette mani\u00e8re par celles et ceux qui sont cens\u00e9s les prot\u00e9ger. \u00bb<\/p>\n<p>Enfin, il convient de rappeler que l\u2019intervention des forces de police a \u00e9t\u00e9 r\u00e9alis\u00e9e car le conducteur du v\u00e9hicule s\u2019\u00e9tait rendu coupable d\u2019un refus d\u2019obtemp\u00e9rer alors que les policiers avaient tent\u00e9 de le contr\u00f4ler, car il roulait \u00e0 une vitesse excessive sur le cours Fauriel \u00e0 Saint-\u00c9tienne.<\/p>\n","protected":false},"excerpt":{"rendered":"Les images de l\u2019intervention d\u2019un \u00e9quipage de la Brigade sp\u00e9cialis\u00e9e de terrain le 19\u00a0ao\u00fbt en d\u00e9but de soir\u00e9e&hellip;\n","protected":false},"author":2,"featured_media":345793,"comment_status":"","ping_status":"","sticky":false,"template":"","format":"standard","meta":{"footnotes":""},"categories":[9653],"tags":[1111,11,2430,271,272,7539,1777,674,274,107,1011,27,3367,12,25,4001,7538,104],"class_list":{"0":"post-345792","1":"post","2":"type-post","3":"status-publish","4":"format-standard","5":"has-post-thumbnail","7":"category-saint-etienne","8":"tag-actu","9":"tag-actualites","10":"tag-auvergne-rhone-alpes","11":"tag-crime","12":"tag-delit-et-contravention","13":"tag-edition-loire-sud","14":"tag-eu","15":"tag-europe","16":"tag-faits-divers-justice","17":"tag-fil-info","18":"tag-fr","19":"tag-france","20":"tag-loire","21":"tag-news","22":"tag-republique-francaise","23":"tag-saint-etienne","24":"tag-saint-etienne-ville","25":"tag-societe"},"share_on_mastodon":{"url":"https:\/\/pubeurope.com\/@fr\/115096478336502147","error":""},"_links":{"self":[{"href":"https:\/\/www.europesays.com\/fr\/wp-json\/wp\/v2\/posts\/345792","targetHints":{"allow":["GET"]}}],"collection":[{"href":"https:\/\/www.europesays.com\/fr\/wp-json\/wp\/v2\/posts"}],"about":[{"href":"https:\/\/www.europesays.com\/fr\/wp-json\/wp\/v2\/types\/post"}],"author":[{"embeddable":true,"href":"https:\/\/www.europesays.com\/fr\/wp-json\/wp\/v2\/users\/2"}],"replies":[{"embeddable":true,"href":"https:\/\/www.europesays.com\/fr\/wp-json\/wp\/v2\/comments?post=345792"}],"version-history":[{"count":0,"href":"https:\/\/www.europesays.com\/fr\/wp-json\/wp\/v2\/posts\/345792\/revisions"}],"wp:featuredmedia":[{"embeddable":true,"href":"https:\/\/www.europesays.com\/fr\/wp-json\/wp\/v2\/media\/345793"}],"wp:attachment":[{"href":"https:\/\/www.europesays.com\/fr\/wp-json\/wp\/v2\/media?parent=345792"}],"wp:term":[{"taxonomy":"category","embeddable":true,"href":"https:\/\/www.europesays.com\/fr\/wp-json\/wp\/v2\/categories?post=345792"},{"taxonomy":"post_tag","embeddable":true,"href":"https:\/\/www.europesays.com\/fr\/wp-json\/wp\/v2\/tags?post=345792"}],"curies":[{"name":"wp","href":"https:\/\/api.w.org\/{rel}","templated":true}]}}