{"id":345794,"date":"2025-08-26T18:27:25","date_gmt":"2025-08-26T18:27:25","guid":{"rendered":"https:\/\/www.europesays.com\/fr\/345794\/"},"modified":"2025-08-26T18:27:25","modified_gmt":"2025-08-26T18:27:25","slug":"nikolina-istocki-rejoint-les-vertes","status":"publish","type":"post","link":"https:\/\/www.europesays.com\/fr\/345794\/","title":{"rendered":"Nikolina Istocki rejoint les Vertes !"},"content":{"rendered":"<p>Native de Mississauga, dans la province de l\u2019Ontario au Canada, Nikolina Istocki d\u00e9couvre le football d\u00e8s l\u2019\u00e2ge de neuf ans sous les couleurs du Mississauga Falcons SC. Tr\u00e8s vite, son talent fait mouche : \u00e0 seulement 14 ans, elle int\u00e8gre le programme national canadien et prend part au Championnat CONCACAF U15, o\u00f9 elle d\u00e9croche une m\u00e9daille d\u2019argent avec la s\u00e9lection.<\/p>\n<p>Attaquante vive, technique et dot\u00e9e d\u2019un sens du but aiguis\u00e9, Nikolina poursuit sa progression au sein des \u00e9quipes jeunes du Canada, tout en se pr\u00e9parant \u00e0 rejoindre Arizona State University, o\u00f9 elle est attendue pour \u00e9voluer avec les Sun Devils. Class\u00e9e n\u00b02 de la promotion 2025 par FTF Canada, elle se distingue par sa capacit\u00e9 \u00e0 cr\u00e9er le danger dans le dernier tiers du terrain, \u00e0 prendre des initiatives offensives et \u00e0 frapper avec pr\u00e9cision.<\/p>\n<p>\u00c0 l\u2019\u00e9t\u00e9 2025, elle franchit un cap important en rejoignant l\u2019AS Saint-\u00c9tienne, qui s\u2019appr\u00eate \u00e0 entamer une nouvelle saison en Arkema Premi\u00e8re Ligue. \u00c0 tout juste 18 ans, la Canadienne portera le num\u00e9ro 21 sous les ordres de S\u00e9bastien Joseph.<\/p>\n<p>Bienvenue Nikolina !<\/p>\n<p><strong>Nikolina Istocki :\u00a0<\/strong>\u00ab\u00a0Je suis tr\u00e8s enthousiaste \u00e0 l&rsquo;id\u00e9e de commencer ce nouveau chapitre en France et de rejoindre l&rsquo;AS Saint-\u00c9tienne. La ville est magnifique, et je suis tr\u00e8s reconnaissante et chanceuse d&rsquo;avoir cette opportunit\u00e9. Depuis mon arriv\u00e9e, le club m&rsquo;a r\u00e9serv\u00e9 un accueil formidable. Les entra\u00eeneurs et le personnel m&rsquo;ont apport\u00e9 un soutien incroyable, et l&rsquo;\u00e9quipe m&rsquo;a accueilli \u00e0 bras ouverts. Il r\u00e8gne une atmosph\u00e8re tr\u00e8s positive et inclusive au sein du club. Je suis vraiment impatiente de commencer ce nouveau chapitre et de donner le meilleur de moi-m\u00eame pour le club.\u00a0\u00bb<\/p>\n<p><strong>S\u00e9bastien Joseph<\/strong><strong>, entra\u00eeneur des Vertes :\u00a0<\/strong>\u00ab\u00a0Nikolina est une jeune joueuse, mais qui poss\u00e8de d\u00e9j\u00e0 une bonne exp\u00e9rience, car internationale canadienne. Elle a disput\u00e9 la Coupe CONCACAF U20. C&rsquo;est une joueuse tr\u00e8s polyvalente sur le front de l&rsquo;attaque. Elle peut \u00e9voluer en position de pointe ou sur un couloir. Elle est puissante et technique. Je sais que ce sera un vrai atout pour l&rsquo;\u00e9quipe.\u00a0\u00bb<\/p>\n<p>L&rsquo;engagement \u00ab\u00a0Vert l&rsquo;Avenir\u00a0\u00bb de Nikolina Istocki<\/p>\n<p>Dans le cadre de\u00a0sa d\u00e9marche RSE \u00ab\u00a0Vert l&rsquo;Avenir\u00a0\u00bb, l&rsquo;AS Saint-\u00c9tienne propose \u00e0 chacun de ses salari\u00e9s, dont ses joueuses, de s&rsquo;engager sur l&rsquo;un des quatre axes de son association ASSE C\u0153ur-Vert : Environnement, Citoyennet\u00e9, Sport pour tous et Sant\u00e9.<\/p>\n<p>Cette saison, Nikolina Istocki participera \u00e0 des actions autour de la sant\u00e9.<\/p>\n<p><img decoding=\"async\" src=\"https:\/\/www.europesays.com\/fr\/wp-content\/uploads\/2025\/08\/6f81072e5a1ddc13e3d5425619f6810efd5cacfb.jpg\" class=\"fr-fic fr-dib\"\/><\/p>\n","protected":false},"excerpt":{"rendered":"Native de Mississauga, dans la province de l\u2019Ontario au Canada, Nikolina Istocki d\u00e9couvre le football d\u00e8s l\u2019\u00e2ge de&hellip;\n","protected":false},"author":2,"featured_media":345795,"comment_status":"","ping_status":"","sticky":false,"template":"","format":"standard","meta":{"footnotes":""},"categories":[9653],"tags":[1111,11,2430,1777,674,1011,27,12,25,4001],"class_list":{"0":"post-345794","1":"post","2":"type-post","3":"status-publish","4":"format-standard","5":"has-post-thumbnail","7":"category-saint-etienne","8":"tag-actu","9":"tag-actualites","10":"tag-auvergne-rhone-alpes","11":"tag-eu","12":"tag-europe","13":"tag-fr","14":"tag-france","15":"tag-news","16":"tag-republique-francaise","17":"tag-saint-etienne"},"share_on_mastodon":{"url":"https:\/\/pubeurope.com\/@fr\/115096482316844590","error":""},"_links":{"self":[{"href":"https:\/\/www.europesays.com\/fr\/wp-json\/wp\/v2\/posts\/345794","targetHints":{"allow":["GET"]}}],"collection":[{"href":"https:\/\/www.europesays.com\/fr\/wp-json\/wp\/v2\/posts"}],"about":[{"href":"https:\/\/www.europesays.com\/fr\/wp-json\/wp\/v2\/types\/post"}],"author":[{"embeddable":true,"href":"https:\/\/www.europesays.com\/fr\/wp-json\/wp\/v2\/users\/2"}],"replies":[{"embeddable":true,"href":"https:\/\/www.europesays.com\/fr\/wp-json\/wp\/v2\/comments?post=345794"}],"version-history":[{"count":0,"href":"https:\/\/www.europesays.com\/fr\/wp-json\/wp\/v2\/posts\/345794\/revisions"}],"wp:featuredmedia":[{"embeddable":true,"href":"https:\/\/www.europesays.com\/fr\/wp-json\/wp\/v2\/media\/345795"}],"wp:attachment":[{"href":"https:\/\/www.europesays.com\/fr\/wp-json\/wp\/v2\/media?parent=345794"}],"wp:term":[{"taxonomy":"category","embeddable":true,"href":"https:\/\/www.europesays.com\/fr\/wp-json\/wp\/v2\/categories?post=345794"},{"taxonomy":"post_tag","embeddable":true,"href":"https:\/\/www.europesays.com\/fr\/wp-json\/wp\/v2\/tags?post=345794"}],"curies":[{"name":"wp","href":"https:\/\/api.w.org\/{rel}","templated":true}]}}