{"id":345798,"date":"2025-08-26T18:29:16","date_gmt":"2025-08-26T18:29:16","guid":{"rendered":"https:\/\/www.europesays.com\/fr\/345798\/"},"modified":"2025-08-26T18:29:16","modified_gmt":"2025-08-26T18:29:16","slug":"football-ligue-2-laffiche-montpellier","status":"publish","type":"post","link":"https:\/\/www.europesays.com\/fr\/345798\/","title":{"rendered":"Football &#8211; Ligue 2. L\u2019affiche Montpellier"},"content":{"rendered":"<p>Alors que l\u2019ASNL a appris r\u00e9cemment qu\u2019elle aurait l\u2019honneur d\u2019\u00eatre programm\u00e9e lors de l\u2019affiche d\u00e9cal\u00e9e du lundi soir sous les cam\u00e9ras de beIN Sports, <a href=\"https:\/\/www.estrepublicain.fr\/sport\/2025\/08\/22\/un-directeur-sportif-qui-a-joue-a-chelsea-un-coup-au-genou-pour-sourzac-une-rencontre-decalee-un-nouveau-logo-les-coulisses-du-match-dunkerque-as-nancy-lorraine\" target=\"_blank\" rel=\"noopener\">\u00e0 l\u2019occasion de la r\u00e9ception d\u2019Amiens<\/a> de la 10e\u00a0 journ\u00e9e le 20\u00a0octobre prochain, pour <a href=\"https:\/\/www.estrepublicain.fr\/sport\/2025\/08\/25\/matchs-a-huis-clos-l-appel-de-l-as-nancy-lorraine-devant-le-cnosf-rejete\" target=\"_blank\" rel=\"noopener\">le grand retour du public au stade Marcel-Picot<\/a> , elle vient de voir une nouvelle de ses rencontres choisie par le diffuseur pour la case horaire du samedi\u00a014 h. Et pas n\u2019importe laquelle\u00a0: il s\u2019agira du d\u00e9placement suivant, \u00e0 l\u2019occasion de la 11e lev\u00e9e, sur la pelouse du Montpellier H\u00e9rault Sporting Club le 25 octobre.<\/p>\n<p>Un match qui promet contre un autre bastion historique du foot fran\u00e7ais, qui retrouve aussi la Ligue 2 cette saison apr\u00e8s avoir \u00e9t\u00e9 rel\u00e9gu\u00e9 de Ligue 1. Les Montpelli\u00e9rains, coach\u00e9s par l\u2019ancien Parisien Zoumana Camara, sont actuellement 9e\u00a0 du classement, avec 4 points au compteur en 3 journ\u00e9es.<\/p>\n","protected":false},"excerpt":{"rendered":"Alors que l\u2019ASNL a appris r\u00e9cemment qu\u2019elle aurait l\u2019honneur d\u2019\u00eatre programm\u00e9e lors de l\u2019affiche d\u00e9cal\u00e9e du lundi soir&hellip;\n","protected":false},"author":2,"featured_media":345799,"comment_status":"","ping_status":"","sticky":false,"template":"","format":"standard","meta":{"footnotes":""},"categories":[9635],"tags":[1111,11,3703,1704,1777,674,107,1701,63,1011,27,775,1702,1703,12,25,517,1700],"class_list":{"0":"post-345798","1":"post","2":"type-post","3":"status-publish","4":"format-standard","5":"has-post-thumbnail","7":"category-nancy","8":"tag-actu","9":"tag-actualites","10":"tag-asnl","11":"tag-edition-nancy-et-agglomeration","12":"tag-eu","13":"tag-europe","14":"tag-fil-info","15":"tag-fil-info-sport","16":"tag-football","17":"tag-fr","18":"tag-france","19":"tag-grand-est","20":"tag-nancy","21":"tag-nancy-ville-54b","22":"tag-news","23":"tag-republique-francaise","24":"tag-sport","25":"tag-sport-lorrain"},"share_on_mastodon":{"url":"https:\/\/pubeurope.com\/@fr\/115096490120340988","error":""},"_links":{"self":[{"href":"https:\/\/www.europesays.com\/fr\/wp-json\/wp\/v2\/posts\/345798","targetHints":{"allow":["GET"]}}],"collection":[{"href":"https:\/\/www.europesays.com\/fr\/wp-json\/wp\/v2\/posts"}],"about":[{"href":"https:\/\/www.europesays.com\/fr\/wp-json\/wp\/v2\/types\/post"}],"author":[{"embeddable":true,"href":"https:\/\/www.europesays.com\/fr\/wp-json\/wp\/v2\/users\/2"}],"replies":[{"embeddable":true,"href":"https:\/\/www.europesays.com\/fr\/wp-json\/wp\/v2\/comments?post=345798"}],"version-history":[{"count":0,"href":"https:\/\/www.europesays.com\/fr\/wp-json\/wp\/v2\/posts\/345798\/revisions"}],"wp:featuredmedia":[{"embeddable":true,"href":"https:\/\/www.europesays.com\/fr\/wp-json\/wp\/v2\/media\/345799"}],"wp:attachment":[{"href":"https:\/\/www.europesays.com\/fr\/wp-json\/wp\/v2\/media?parent=345798"}],"wp:term":[{"taxonomy":"category","embeddable":true,"href":"https:\/\/www.europesays.com\/fr\/wp-json\/wp\/v2\/categories?post=345798"},{"taxonomy":"post_tag","embeddable":true,"href":"https:\/\/www.europesays.com\/fr\/wp-json\/wp\/v2\/tags?post=345798"}],"curies":[{"name":"wp","href":"https:\/\/api.w.org\/{rel}","templated":true}]}}