{"id":345800,"date":"2025-08-26T18:30:12","date_gmt":"2025-08-26T18:30:12","guid":{"rendered":"https:\/\/www.europesays.com\/fr\/345800\/"},"modified":"2025-08-26T18:30:12","modified_gmt":"2025-08-26T18:30:12","slug":"de-nouvelles-boutiques-debarquent-au-centre-commercial-mayol-a-toulon","status":"publish","type":"post","link":"https:\/\/www.europesays.com\/fr\/345800\/","title":{"rendered":"De nouvelles boutiques d\u00e9barquent au centre commercial Mayol \u00e0 Toulon"},"content":{"rendered":"<p>Deux nouvelles enseignes ont r\u00e9cemment pris leurs quartiers dans le centre commercial Mayol. La p\u00e2tisserie Romainville et la boutique de pr\u00eat-\u00e0-porter Outsider viennent compl\u00e9ter l\u2019offre shopping propos\u00e9e aux Toulonnais.<\/p>\n<p>C\u00f4t\u00e9 gourmand: la p\u00e2tisserie La Romainville<\/p>\n<p>              <img ci-src=\"https:\/\/www.varmatin.com\/vie-locale\/protec\/DATA_ART_16134359-uO3kcHY6.jpg?vh=de6a8d&amp;ci_seal=a3f6da2261\" alt=\"\"\/><br \/>\n        La p\u00e2tisserie Romainville est \u00e0 l\u2019\u00e9tage inf\u00e9rieur du centre commercial tandis que  <\/p>\n<p>Ouverte depuis une dizaine de jours \u00e0 l\u2019\u00e9tage inf\u00e9rieur, la p\u00e2tisserie Romainville propose une s\u00e9lection de g\u00e2teaux pour des \u00e9v\u00e8nements \u00e0 des prix comp\u00e9titifs. Originaire de Paris, la cha\u00eene s\u2019est d\u00e9velopp\u00e9e \u00e0 travers la France et compte aujourd\u2019hui s\u00e9duire les Toulonnais.<\/p>\n<p>\u00ab\u00a0Le but des p\u00e2tisseries Romainville est de proposer des bons g\u00e2teaux frais \u00e0 des prix abordables\u00a0\u00bb, explique Sofiane, employ\u00e9 de la boutique. Ainsi comptez entre 30 et 40 euros pour un g\u00e2teau 16 parts de type moka avec de la g\u00e9noise et de la cr\u00e8me. Il est m\u00eame possible de personnaliser son g\u00e2teau en imprimant sur le dessus une photo de son choix.<\/p>\n<p>C\u00f4t\u00e9 mode: Outsider<\/p>\n<p>              <img ci-src=\"https:\/\/www.varmatin.com\/vie-locale\/protec\/DATA_ART_16134355-UWWdasGz.jpg?vh=698388&amp;ci_seal=e400aca1c6\" alt=\"\"\/><br \/>\n        Outsider est \u00e0 l\u2019\u00e9tage sup\u00e9rieur du centre commercial. <\/p>\n<p>Autre nouveaut\u00e9 \u00e0 l\u2019\u00e9tage sup\u00e9rieur du centre commercial: Outsider, une boutique de pr\u00eat-\u00e0-porter en provenance de Lyon qui propose une s\u00e9lection de marques \u00ab\u00a0streetwear\u00a0\u00bb, pour hommes comme pour femmes.<\/p>\n<p>0n y retrouve notamment la marque fran\u00e7aise Project X Paris qui propose des ensembles de surv\u00eatements, ou encore la marque am\u00e9ricaine Tommy Hilfiger.<\/p>\n<p>Du surv\u00eatement \u00e0 l\u2019ensemble en lin en passant par la robe, le choix est vari\u00e9. Depuis son ouverture il y a un mois et demi, \u00ab\u00a0les clients sont tr\u00e8s contents et trouvent que l\u2019on r\u00e9pond \u00e0 une offre qui manquait\u00a0\u00bb, assure un vendeur.<\/p>\n<p>Ces deux boutiques parisienne et lyonnaise esp\u00e8rent d\u00e9sormais fid\u00e9liser les Toulonnais.<\/p>\n","protected":false},"excerpt":{"rendered":"Deux nouvelles enseignes ont r\u00e9cemment pris leurs quartiers dans le centre commercial Mayol. La p\u00e2tisserie Romainville et la&hellip;\n","protected":false},"author":2,"featured_media":345801,"comment_status":"","ping_status":"","sticky":false,"template":"","format":"standard","meta":{"footnotes":""},"categories":[9619],"tags":[1111,11,1777,674,1011,27,12,882,25,2310,3366],"class_list":{"0":"post-345800","1":"post","2":"type-post","3":"status-publish","4":"format-standard","5":"has-post-thumbnail","7":"category-toulon","8":"tag-actu","9":"tag-actualites","10":"tag-eu","11":"tag-europe","12":"tag-fr","13":"tag-france","14":"tag-news","15":"tag-provence-alpes-cote-dazur","16":"tag-republique-francaise","17":"tag-toulon","18":"tag-vie-locale"},"share_on_mastodon":{"url":"https:\/\/pubeurope.com\/@fr\/115096494098099235","error":""},"_links":{"self":[{"href":"https:\/\/www.europesays.com\/fr\/wp-json\/wp\/v2\/posts\/345800","targetHints":{"allow":["GET"]}}],"collection":[{"href":"https:\/\/www.europesays.com\/fr\/wp-json\/wp\/v2\/posts"}],"about":[{"href":"https:\/\/www.europesays.com\/fr\/wp-json\/wp\/v2\/types\/post"}],"author":[{"embeddable":true,"href":"https:\/\/www.europesays.com\/fr\/wp-json\/wp\/v2\/users\/2"}],"replies":[{"embeddable":true,"href":"https:\/\/www.europesays.com\/fr\/wp-json\/wp\/v2\/comments?post=345800"}],"version-history":[{"count":0,"href":"https:\/\/www.europesays.com\/fr\/wp-json\/wp\/v2\/posts\/345800\/revisions"}],"wp:featuredmedia":[{"embeddable":true,"href":"https:\/\/www.europesays.com\/fr\/wp-json\/wp\/v2\/media\/345801"}],"wp:attachment":[{"href":"https:\/\/www.europesays.com\/fr\/wp-json\/wp\/v2\/media?parent=345800"}],"wp:term":[{"taxonomy":"category","embeddable":true,"href":"https:\/\/www.europesays.com\/fr\/wp-json\/wp\/v2\/categories?post=345800"},{"taxonomy":"post_tag","embeddable":true,"href":"https:\/\/www.europesays.com\/fr\/wp-json\/wp\/v2\/tags?post=345800"}],"curies":[{"name":"wp","href":"https:\/\/api.w.org\/{rel}","templated":true}]}}