{"id":345804,"date":"2025-08-26T18:32:09","date_gmt":"2025-08-26T18:32:09","guid":{"rendered":"https:\/\/www.europesays.com\/fr\/345804\/"},"modified":"2025-08-26T18:32:09","modified_gmt":"2025-08-26T18:32:09","slug":"le-travail-de-memoire-complete-pour-reparer-les-oublies-de-la-liberation","status":"publish","type":"post","link":"https:\/\/www.europesays.com\/fr\/345804\/","title":{"rendered":"le travail de m\u00e9moire compl\u00e9t\u00e9 pour r\u00e9parer les oubli\u00e9s de la Lib\u00e9ration"},"content":{"rendered":"<p>            Par<br \/>\n        <strong><br \/>\n            <a href=\"https:\/\/actu.fr\/auteur\/c-nithard\" title=\"Consulter tous les articles de C\u00e9dric Nithard\" rel=\"nofollow noopener\" target=\"_blank\">C\u00e9dric Nithard<\/a><br \/>\n        <\/strong><\/p>\n<p>        Publi\u00e9 le<\/p>\n<p>            26 ao\u00fbt 2025 \u00e0 20h00        <\/p>\n<p>\u00c0 l\u2019occasion des comm\u00e9morations du <strong>81e anniversaire de la lib\u00e9ration de Montpellier<\/strong>, <strong>Micha\u00ebl Delafosse<\/strong> a annonc\u00e9 poursuivre<strong> le travail de m\u00e9moire<\/strong> engag\u00e9 afin de <strong>r\u00e9parer les oubli\u00e9s de l\u2019Histoire<\/strong> : des <strong>r\u00e9sistants<\/strong> aux <strong>d\u00e9port\u00e9s juifs<\/strong>, en passant par les ge\u00f4les de la caserne de Lauwe jusqu\u2019\u00e0 Jean Moulin. Un regard sur le pass\u00e9 pour \u00e9clairer le pr\u00e9sent \u00e0 l\u2019instar de l\u2019arbre plant\u00e9 prochainement en la m\u00e9moire d\u2019Ilan Halimi, \u00ab\u00a0premi\u00e8re victime de l\u2019antis\u00e9mitisme au XXIe si\u00e8cle\u00a0\u00bb.<\/p>\n<p>R\u00e9novation des ge\u00f4les de la caserne de Lauwe<\/p>\n<p class=\" wall-content\">Un travail de m\u00e9moire important a d\u00e9j\u00e0 \u00e9t\u00e9 op\u00e9r\u00e9 \u00e0 l\u2019occasion <a href=\"https:\/\/actu.fr\/occitanie\/montpellier_34172\/montpellier-un-80e-anniversaire-de-la-liberation-memoriel-populaire-et-festif_61386153.html\" rel=\"nofollow noopener\" target=\"_blank\">des pr\u00e9parations des comm\u00e9morations du 80e anniversaire de la Lib\u00e9ration de Montpellier<\/a> en faisant appara\u00eetre sur une st\u00e8le dans le parc Ren\u00e9 Dumont les noms des victimes civiles des bombardements de la ville au moment de la lib\u00e9ration ou des r\u00e9sistants \u00e0 travers des d\u00e9nominations de rue ou place. \u00ab\u00a0Nous nous sommes attach\u00e9s \u00e0 faire en sorte que rien ne soit oubli\u00e9\u00a0\u00bb explique Micha\u00ebl Delafosse \u00e0 l\u2019instar de Laure Moulin, \u00ab\u00a0qui n\u2019\u00e9tait pas que la soeur de Jean Moulin, c\u2019\u00e9tait aussi une figure de la r\u00e9sistance\u00a0\u00bb. Des traces laiss\u00e9es compl\u00e9t\u00e9es par deux recueils (\u00e9tude h\u00e9raultaise et bulletin de la Ville) retra\u00e7ant les \u00e9v\u00e9nements et apportant des t\u00e9moignages.<\/p>\n<p class=\" wall-content\">Un travail qui devrait encore se poursuivre dans les mois \u00e0 venir. L\u2019ann\u00e9e derni\u00e8re, le conseil municipal avait act\u00e9 la r\u00e9novation des ge\u00f4les de la caserne de Lauwe, dont les inscriptions laiss\u00e9es sur les murs par les victimes de la milice commen\u00e7aient \u00e0 dispara\u00eetre. Micha\u00ebl Delafosse a annonc\u00e9 ce jour que les appels d\u2019offre avaient \u00e9t\u00e9 lanc\u00e9s pour permettre tr\u00e8s prochainement le d\u00e9but des travaux de r\u00e9habilitation. 240 000\u20ac seront apport\u00e9s par la Ville de Montpellier et 70 000\u20ac par le minist\u00e8re des Arm\u00e9es.<\/p>\n<p class=\" wall-content\">\u00ab\u00a0La caserne de Lauwe nous rappelle que la libert\u00e9 fut conquise dans la douleur, l\u2019incertitude et le sacrifice. C\u2019est une part importante du patrimoine de Montpellier. Ces pierres sont le support de notre m\u00e9moire collective, locale et individuelle. Il \u00e9tait absolument n\u00e9cessaire de les pr\u00e9server\u00a0\u00bb a compl\u00e9t\u00e9 Patricia Mirall\u00e8s, qui a fait le d\u00e9placement dans sa ville natale pour ces comm\u00e9morations. L\u2019objectif \u00e9tant de faire d\u00e9couvrir le lieu et son histoire prioritairement aux \u00e9l\u00e8ves des \u00e9coles, coll\u00e8ges et lyc\u00e9es. \u00ab\u00a0C\u2019est une belle jeunesse que nous avons en France et que nous ne disons pas assez\u00a0\u00bb soutient la ministre d\u00e9l\u00e9gu\u00e9e charg\u00e9e de la M\u00e9moire et des Anciens Combattants de France.<\/p>\n<p>Une st\u00e8le et un arbre contre l\u2019antis\u00e9mitisme<\/p>\n<p class=\" wall-content\">Sur l\u2019esplanade Charles de Gaulle, \u00e0 c\u00f4t\u00e9 du monument aux morts, \u00ab\u00a0l\u00e0 o\u00f9 Georges Fr\u00eache a ramen\u00e9 de la terre d\u2019Auschwitz\u00a0\u00bb, une st\u00e8le sera d\u00e9voil\u00e9e d\u2019ici novembre portant le nom des Montpelli\u00e9rains et Montpelli\u00e9raines d\u2019origine ou de confession juive extermin\u00e9s dans les camps de la mort. \u00ab\u00a0Pour la premi\u00e8re fois, nous avons les noms\u00a0\u00bb explique Micha\u00ebl Delafosse. Le maire regrettant en apart\u00e9 qu\u2019aucun travail universitaire ou autre ne permette de faire de m\u00eame pour la communaut\u00e9 tsigane, victime \u00e9galement des d\u00e9portations, dont on c\u00e9l\u00e8bre \u00e0 Montpellier depuis 2023 la m\u00e9moire de ce g\u00e9nocide le 8 avril \u00e0 l\u2019occasion de la Journ\u00e9e internationale du peuple Tsigane.<\/p>\n<p>Vid\u00e9os : en ce moment sur Actu<\/p>\n<p class=\" wall-content\">Par ailleurs, \u00ab\u00a0\u00e0 l\u2019heure o\u00f9 ce vieux d\u00e9mon europ\u00e9en ressurgit de mani\u00e8re effroyable depuis les \u00e9v\u00e9nements du 7 octobre et malheureusement que ce si\u00e8cle est apparu\u00a0\u00bb, Micha\u00ebl Delafosse r\u00e9pond favorablement \u00e0 l\u2019appel du pr\u00e9sident d\u2019honneur de la Licra (Ligue internationale contre le racisme et l\u2019antis\u00e9mitisme), l\u2019avocat Alain Jakubowicz. Apr\u00e8s qu\u2019un arbre plant\u00e9 \u00e0 \u00c9pinay-sur-Seine en la m\u00e9moire d\u2019Ilan Halimi, enlev\u00e9 et tortur\u00e9 \u00e0 mort en 2006 par le gang des barbares, fut tron\u00e7onn\u00e9 dans la nuit du 13 au 14 ao\u00fbt dernier, ce dernier avait demand\u00e9 \u00e0 tous les maires de France de planter un arbre avec la mention \u00ab En m\u00e9moire d\u2019Ilan Halimi (1982-2006), victime de l\u2019antis\u00e9mitisme. \u00bb Celui-ci sera plant\u00e9 derri\u00e8re la mairie, dans le parc d\u2019Arm\u00e9nie, \u00e0 c\u00f4t\u00e9 de la st\u00e8le rappelant la rafle du Vel d\u2019Hiv.<\/p>\n<p>Votre r\u00e9gion, votre actu !<\/p>\n<p>Recevez chaque jour les infos qui comptent pour vous.<\/p>\n<p>\t<a href=\"https:\/\/actu.fr\/newsletter\" class=\"ac-btn ac-btn--corner ac-btn--medium ac-btn--blue800\" rel=\"nofollow noopener\" target=\"_blank\">S&rsquo;incrire<\/a><br \/>\n140 pav\u00e9s et Jean Moulin<\/p>\n<p class=\" wall-content\">Actuellement en pleine transformation, la place des Martyrs de la r\u00e9sistance, dont le nom laverait le d\u00e9shonneur d\u2019avoir accueilli une rencontre entre P\u00e9tain et Franco le 13 f\u00e9vrier 1941, accueillera 140 pav\u00e9s portant le nom des r\u00e9sistants et r\u00e9sistantes montpelli\u00e9rains et montpelli\u00e9raines qui n\u2019ont pas encore \u00e9t\u00e9 honor\u00e9s dans la ville. \u00ab\u00a0Il y aura 130 noms car un jour une bo\u00eete \u00e0 chaussures, des souvenirs, des t\u00e9moignages ressurgiront et conduiront \u00e0 compl\u00e9ter les noms\u00a0\u00bb pr\u00e9cise le maire. Une installation qui sera d\u00e9voil\u00e9e en pr\u00e9sence de leurs descendants, le 18 novembre, quelques jours avant l\u2019inauguration de la place (26 novembre).<\/p>\n<p class=\" wall-content\">Enfin, la Ville a obtenu l\u2019autorisation de l\u2019ONAC (office national des anciens combattants et victimes de guerre) de pouvoir inscrire le nom de Jean Moulin sur le monument aux morts. Au-del\u00e0 de la c\u00e9l\u00e8bre photo prise aux Arceaux, c\u2019est \u00e0 la fac de droit qu\u2019il a \u00e9tudi\u00e9, \u00e0 la pr\u00e9fecture il a d\u00e9but\u00e9 ses fonctions dans la haute-administration et \u00e0 Montpellier, dernier lieu de r\u00e9sidence, qu\u2019il a oeuvr\u00e9 avec sa soeur au sein de la r\u00e9sistance. \u00ab\u00a0Ainsi nous aurons achev\u00e9 notre travail de comm\u00e9moration mais notre travail devra \u00eatre encore plus grand car si nous avons grandi dans la paix en \u00e9coutant les t\u00e9moignages des r\u00e9sistants et des d\u00e9port\u00e9s, le temps fait son oeuvre\u00a0\u00bb pointe Micha\u00ebl Delafosse. \u00ab\u00a0Notre r\u00f4le est de veiller \u00e0 ce que la flamme de la r\u00e9sistance vive de g\u00e9n\u00e9ration en g\u00e9n\u00e9ration pour faire en sorte que nos soci\u00e9t\u00e9s continuent \u00e0 se d\u00e9velopper et \u00e0 progresser en ayant des rep\u00e8res qui ne sont pas pesant mais \u00e9clairant.\u00a0\u00bb<\/p>\n<p class=\" wall-content\">Personnalisez votre actualit\u00e9 en ajoutant vos villes et m\u00e9dias en favori avec <a href=\"https:\/\/moncompte.actu.fr\" title=\"D\u00e9couvez Mon Actu\" rel=\"nofollow noopener\" data-trk=\"{&quot;cta&quot;:{&quot;action&quot;:&quot;https:\\\/\\\/moncompte.actu.fr&quot;,&quot;category&quot;:&quot;mon compte&quot;,&quot;from&quot;:&quot;article footer&quot;,&quot;name&quot;:&quot;Mon actu&quot;,&quot;type&quot;:&quot;cta&quot;}}\" target=\"_blank\">Mon Actu<\/a>.<\/p>\n","protected":false},"excerpt":{"rendered":"Par C\u00e9dric Nithard Publi\u00e9 le 26 ao\u00fbt 2025 \u00e0 20h00 \u00c0 l\u2019occasion des comm\u00e9morations du 81e anniversaire de&hellip;\n","protected":false},"author":2,"featured_media":345805,"comment_status":"","ping_status":"","sticky":false,"template":"","format":"standard","meta":{"footnotes":""},"categories":[9599],"tags":[1111,11,1777,674,1011,27,2208,12,2680,25,104],"class_list":{"0":"post-345804","1":"post","2":"type-post","3":"status-publish","4":"format-standard","5":"has-post-thumbnail","7":"category-montpellier","8":"tag-actu","9":"tag-actualites","10":"tag-eu","11":"tag-europe","12":"tag-fr","13":"tag-france","14":"tag-montpellier","15":"tag-news","16":"tag-occitanie","17":"tag-republique-francaise","18":"tag-societe"},"share_on_mastodon":{"url":"https:\/\/pubeurope.com\/@fr\/115096501992430755","error":""},"_links":{"self":[{"href":"https:\/\/www.europesays.com\/fr\/wp-json\/wp\/v2\/posts\/345804","targetHints":{"allow":["GET"]}}],"collection":[{"href":"https:\/\/www.europesays.com\/fr\/wp-json\/wp\/v2\/posts"}],"about":[{"href":"https:\/\/www.europesays.com\/fr\/wp-json\/wp\/v2\/types\/post"}],"author":[{"embeddable":true,"href":"https:\/\/www.europesays.com\/fr\/wp-json\/wp\/v2\/users\/2"}],"replies":[{"embeddable":true,"href":"https:\/\/www.europesays.com\/fr\/wp-json\/wp\/v2\/comments?post=345804"}],"version-history":[{"count":0,"href":"https:\/\/www.europesays.com\/fr\/wp-json\/wp\/v2\/posts\/345804\/revisions"}],"wp:featuredmedia":[{"embeddable":true,"href":"https:\/\/www.europesays.com\/fr\/wp-json\/wp\/v2\/media\/345805"}],"wp:attachment":[{"href":"https:\/\/www.europesays.com\/fr\/wp-json\/wp\/v2\/media?parent=345804"}],"wp:term":[{"taxonomy":"category","embeddable":true,"href":"https:\/\/www.europesays.com\/fr\/wp-json\/wp\/v2\/categories?post=345804"},{"taxonomy":"post_tag","embeddable":true,"href":"https:\/\/www.europesays.com\/fr\/wp-json\/wp\/v2\/tags?post=345804"}],"curies":[{"name":"wp","href":"https:\/\/api.w.org\/{rel}","templated":true}]}}