{"id":345806,"date":"2025-08-26T18:33:15","date_gmt":"2025-08-26T18:33:15","guid":{"rendered":"https:\/\/www.europesays.com\/fr\/345806\/"},"modified":"2025-08-26T18:33:15","modified_gmt":"2025-08-26T18:33:15","slug":"une-ecole-unique-en-son-genre-hypatie-sapprete-a-vivre-sa-premiere-rentree-lundi-a-montpellier","status":"publish","type":"post","link":"https:\/\/www.europesays.com\/fr\/345806\/","title":{"rendered":"\u00ab\u00a0Une \u00e9cole unique en son genre\u00a0\u00bb\u00a0: Hypatie s\u2019appr\u00eate \u00e0 vivre sa premi\u00e8re rentr\u00e9e, lundi, \u00e0 Montpellier"},"content":{"rendered":"<p>\n                                                                L\u2019\u00e9cole primaire de la Mosson, qui se distingue par son architecture novatrice, a pour priorit\u00e9s de favoriser la r\u00e9ussite scolaire et la mixit\u00e9. Une autre \u00e9cole primaire ouvrira \u00e0 Montpellier, dans le quartier Nouveau Saint-Roch.\n                            <\/p>\n<p>C\u2019est une \u00e9cole qui ne ressemble \u00e0 aucune autre. D\u2019abord parce que ses murs sont en terre crue et l\u2019isolation en paille. \u00ab\u00a0Aucun produit chimique n\u2019a \u00e9t\u00e9 employ\u00e9, uniquement des mat\u00e9riaux \u00e9cologiques\u00a0\u00bb, explique Thomas Landemaine, l\u2019architecte.<\/p>\n<p>Ici, pas de climatisation, mais une dizaine de sondes de g\u00e9othermie enfouies \u00e0 155 m\u00e8tres de profondeur qui permettent d\u2019alimenter les radiateurs avec de l\u2019eau \u00e0 16 degr\u00e9s.<\/p>\n<p>    400\u00a0M\u20ac d\u2019investissement dans les \u00e9coles de Montpellier<\/p>\n<p>21\u00a0000 \u00e9coliers de la Ville feront leur rentr\u00e9e lundi. Les quatre \u00e9coles visit\u00e9es hier font partie du Plan \u00e9cole 2030, qui pr\u00e9voit des investissements pour 400\u00a0M\u20ac. En plus des deux selfs d\u2019Hypathie et Isaac-Scholl, trois autres seront livr\u00e9s \u00e0 la rentr\u00e9e (Simenon, Bloch, Daviler). 60 \u00e9coles ont \u00e9t\u00e9 \u00e9quip\u00e9es d\u2019une pi\u00e8ce rafra\u00eechie par un syst\u00e8me de climatisation entre\u00a02022 et\u00a02024. 24 cours d\u2019\u00e9coles ont \u00e9t\u00e9 v\u00e9g\u00e9talis\u00e9es depuis 2021.<\/p>\n<p>D\u00e8s l\u2019entr\u00e9e, le porche en ossature bois donne acc\u00e8s \u00e0 un espace parentalit\u00e9 unique \u00e0 Montpellier. \u00c0 l\u2019int\u00e9rieur, une cour de r\u00e9cr\u00e9ation sur trois niveaux, reli\u00e9s par des escaliers en amphith\u00e9\u00e2tre. Des coursives bois\u00e9es prot\u00e8gent du soleil.<\/p>\n<p>Autres nouveaut\u00e9s\u00a0: deux biblioth\u00e8ques avec terrasses connect\u00e9es et un toit-terrasse, pas pr\u00e9vu au d\u00e9part, qui offre une vue imprenable sur les environs, \u00e0 commencer par le centre de secours Jean Guizonnier, en contrebas.<\/p>\n<p>    Nouvelle \u00e9cole \u00e0 Nouveau Saint-Roch<\/p>\n<p>Elle porte le nom d\u2019un historien (Jules Isaac) et d\u2019une r\u00e9sistante (Sophie Scholl). Cette \u00e9cole primaire accueillera ses premiers \u00e9l\u00e8ves lundi prochain. Cinq classes feront leur rentr\u00e9e, avant une mont\u00e9e progressive jusqu\u2019\u00e0 dix classes \u00e0 terme.<\/p>\n<p>\u00ab\u00a0Cette \u00e9cole accueillera les enfants de Nouveau Saint-Roch, quartier en plein d\u00e9veloppement, mais aussi ceux du centre-ville, dont les \u00e9coles ne peuvent s\u2019agrandir, sans oublier ceux de Clemenceau, puisque l\u2019arriv\u00e9e du tramway attirera de nombreuses familles\u00a0\u00bb, explique le maire Micha\u00ebl Delafosse.<\/p>\n<p>B\u00e2tie sur l\u2019ancien parking de la Sernam, l\u2019\u00e9cole sera long\u00e9e par le parc Ren\u00e9 Dumont et la ligne 5 de tramway. \u00ab\u00a0On esp\u00e8re que la plupart des \u00e9l\u00e8ves arriveront par ce c\u00f4t\u00e9-l\u00e0\u00a0\u00bb, avance le maire. Une autre entr\u00e9e sera situ\u00e9e c\u00f4t\u00e9 ZAC. Budget des travaux\u00a0: 14\u00a0M\u20ac.<\/p>\n<p>        <img decoding=\"async\" class=\"std-img__img responsive-img\" src=\"https:\/\/www.europesays.com\/fr\/wp-content\/uploads\/2025\/08\/1756233193_597_image.jpg\" alt=\"Sur le toit de l\u2019\u00e9cole Isaac-Scholl.\"\/><\/p>\n<p>                Sur le toit de l\u2019\u00e9cole Isaac-Scholl.<br \/>\n                                    ML &#8211; TOM SERRANO<\/p>\n<p>\u00ab\u00a0L\u2019accueil p\u00e9riscolaire se fera en anglais\u00a0\u00bb<\/p>\n<p>\u00ab\u00a0Nous avons soign\u00e9 la carte scolaire puisque l\u2019\u00e9cole se situe entre les G\u00e9meaux, Pierres Vives, Malbosc et les Hauts-de-Massane, souligne le maire Micha\u00ebl Delafosse. Les enfants de la Mosson, mais aussi ceux dont les parents travaillent \u00e0 Tam, au CHU ou \u00e0 Sanofi y seront scolaris\u00e9s.\u00a0\u00bb<\/p>\n<p>\u00ab\u00a0Hypatie est la premi\u00e8re \u00e9cole de France \u00e0 avoir obtenu un financement ANRU (5\u00a0M\u20ac sur 22,8 TTC). Elle est aussi la premi\u00e8re de Montpellier \u00e0 \u00eatre labellis\u00e9e Mixit\u00e9 Excellence, qui favorise la performance coll\u00e8ge scolaire. Ainsi, l\u2019enseignement d\u2019une mati\u00e8re et l\u2019accueil p\u00e9riscolaire se feront en anglais.\u00a0\u00bb<\/p>\n<p>\u00a0<\/p>\n<p>    A Paul-Val\u00e9ry, l\u2019\u00e9cole progressivement r\u00e9am\u00e9nag\u00e9e<\/p>\n<p>Comment repenser un \u00e9tablissement vieillissant\u00a0? \u00c0 Paul-Val\u00e9ry, l\u2019\u00e9cole Schoelcher est un exemple de r\u00e9am\u00e9nagement. \u00ab\u00a0Trois logements de fonction ont \u00e9t\u00e9 transform\u00e9s en deux salles de classe et une salle d\u2019accueil p\u00e9riscolaire\u00a0\u00bb, explique Ouahid Dorbane. Le tout pour un budget de 430\u00a0462\u00a0\u20ac.<\/p>\n<p>\u00c0 la maternelle, la r\u00e9fection des sanitaires a permis de r\u00e9am\u00e9nager neuf WC filles avec des petites cloisons et six urinoirs. La r\u00e9fection des sanitaires filles de l\u2019\u00e9cole \u00e9l\u00e9mentaire est pr\u00e9vue cet automne.<\/p>\n<p>900\u00a0000\u00a0\u20ac ont \u00e9t\u00e9 consacr\u00e9s \u00e0 la r\u00e9novation de 24 blocs sanitaires par la Ville.<br \/>\u00c0 l\u2019\u00e9cole Schoelcher, le chantier de la rentr\u00e9e 2026 pourrait \u00eatre le d\u00e9placement de l\u2019entr\u00e9e c\u00f4t\u00e9 parc, celle situ\u00e9e c\u00f4t\u00e9 rue \u00e9tant dangereuse.<\/p>\n<p>        <img decoding=\"async\" class=\"std-img__img responsive-img\" src=\"https:\/\/www.europesays.com\/fr\/wp-content\/uploads\/2025\/08\/1756233194_609_image.jpg\" alt=\"Rencontre avec les enfants du centre de loisirs, ce mardi, \u00e0 l\u2019\u00e9cole Schoelcher.\"\/><\/p>\n<p>                Rencontre avec les enfants du centre de loisirs, ce mardi, \u00e0 l\u2019\u00e9cole Schoelcher.<br \/>\n                                    ML &#8211; TOM SERRANO<\/p>\n<p>110 \u00e9l\u00e8ves ce lundi, 300 \u00e0 terme<\/p>\n<p>En mati\u00e8re de mixit\u00e9, le nom de l\u2019\u00e9cole est symbolique, puisque Hypatie \u00e9tait une astronome et math\u00e9maticienne grecque du IVe\u00a0si\u00e8cle.<\/p>\n<p>Apr\u00e8s avoir accueilli Fran\u00e7ois Bayrou et huit ministres, en juin dernier, Hypatie s\u2019appr\u00eate \u00e0 en faire de m\u00eame pour 110 enfants, lundi prochain. Une rentr\u00e9e en douceur, puisqu\u2019ils seront 300 \u00e0 terme, d\u2019ici quelques ann\u00e9es.<\/p>\n<p>\u00ab\u00a0Ce projet s\u2019inscrit dans la transformation de la Mosson, qui est un des plus importants de la d\u00e9cennie \u00e0 Montpellier\u00a0\u00bb, conclut le maire.<\/p>\n<p>        <img decoding=\"async\" class=\"std-img__img responsive-img\" src=\"https:\/\/www.europesays.com\/fr\/wp-content\/uploads\/2025\/08\/1756233195_408_image.jpg\" alt=\"A Saint-Martin, il ne reste plus que les arbres \u00e0 planter.\"\/><\/p>\n<p>                A Saint-Martin, il ne reste plus que les arbres \u00e0 planter.<br \/>\n                                    ML &#8211; TOM SERRANO<\/p>\n<p>    Un parvis flambant-neuf \u00e0 Saint-Martin<\/p>\n<p>D\u00e8s ce lundi, les enfants b\u00e9n\u00e9ficieront d\u2019un acc\u00e8s s\u00e9curis\u00e9 aux \u00e9coles Jean Cocteau et Denis Diderot, par la rue Jean Vachet. Un parvis \u00e0 hauteur d\u2019enfants a \u00e9t\u00e9 am\u00e9nag\u00e9 pour un co\u00fbt de 900\u00a0000\u00a0\u20ac.<\/p>\n<p>Les enfants ont particip\u00e9 au projet, choisissant les arbres qui seront plant\u00e9s cet automne. Pour la d\u00e9coration du parvis, ils ont opt\u00e9 pour un cheminement sur le th\u00e8me de l\u2019eau. De quoi embellir ce lieu situ\u00e9 \u00e0 deux pas de la tour Saint-Martin.<\/p>\n","protected":false},"excerpt":{"rendered":"L\u2019\u00e9cole primaire de la Mosson, qui se distingue par son architecture novatrice, a pour priorit\u00e9s de favoriser la&hellip;\n","protected":false},"author":2,"featured_media":345807,"comment_status":"","ping_status":"","sticky":false,"template":"","format":"standard","meta":{"footnotes":""},"categories":[9599],"tags":[1111,11,1777,674,1011,27,2208,12,2680,25],"class_list":{"0":"post-345806","1":"post","2":"type-post","3":"status-publish","4":"format-standard","5":"has-post-thumbnail","7":"category-montpellier","8":"tag-actu","9":"tag-actualites","10":"tag-eu","11":"tag-europe","12":"tag-fr","13":"tag-france","14":"tag-montpellier","15":"tag-news","16":"tag-occitanie","17":"tag-republique-francaise"},"share_on_mastodon":{"url":"https:\/\/pubeurope.com\/@fr\/115096506244592482","error":""},"_links":{"self":[{"href":"https:\/\/www.europesays.com\/fr\/wp-json\/wp\/v2\/posts\/345806","targetHints":{"allow":["GET"]}}],"collection":[{"href":"https:\/\/www.europesays.com\/fr\/wp-json\/wp\/v2\/posts"}],"about":[{"href":"https:\/\/www.europesays.com\/fr\/wp-json\/wp\/v2\/types\/post"}],"author":[{"embeddable":true,"href":"https:\/\/www.europesays.com\/fr\/wp-json\/wp\/v2\/users\/2"}],"replies":[{"embeddable":true,"href":"https:\/\/www.europesays.com\/fr\/wp-json\/wp\/v2\/comments?post=345806"}],"version-history":[{"count":0,"href":"https:\/\/www.europesays.com\/fr\/wp-json\/wp\/v2\/posts\/345806\/revisions"}],"wp:featuredmedia":[{"embeddable":true,"href":"https:\/\/www.europesays.com\/fr\/wp-json\/wp\/v2\/media\/345807"}],"wp:attachment":[{"href":"https:\/\/www.europesays.com\/fr\/wp-json\/wp\/v2\/media?parent=345806"}],"wp:term":[{"taxonomy":"category","embeddable":true,"href":"https:\/\/www.europesays.com\/fr\/wp-json\/wp\/v2\/categories?post=345806"},{"taxonomy":"post_tag","embeddable":true,"href":"https:\/\/www.europesays.com\/fr\/wp-json\/wp\/v2\/tags?post=345806"}],"curies":[{"name":"wp","href":"https:\/\/api.w.org\/{rel}","templated":true}]}}