{"id":345808,"date":"2025-08-26T18:34:09","date_gmt":"2025-08-26T18:34:09","guid":{"rendered":"https:\/\/www.europesays.com\/fr\/345808\/"},"modified":"2025-08-26T18:34:09","modified_gmt":"2025-08-26T18:34:09","slug":"ferme-il-y-a-quelques-mois-ce-restaurant-va-rouvrir-rue-du-gros-horloge-a-rouen","status":"publish","type":"post","link":"https:\/\/www.europesays.com\/fr\/345808\/","title":{"rendered":"Ferm\u00e9 il y a quelques mois, ce restaurant va rouvrir rue du Gros-Horloge \u00e0 Rouen"},"content":{"rendered":"<p>            Par<br \/>\n        <strong><br \/>\n            <a href=\"https:\/\/actu.fr\/auteur\/julien-bouteiller\" title=\"Consulter tous les articles de Julien Bouteiller\" rel=\"nofollow noopener\" target=\"_blank\">Julien Bouteiller<\/a><br \/>\n        <\/strong><\/p>\n<p>        Publi\u00e9 le<\/p>\n<p>            26 ao\u00fbt 2025 \u00e0 20h12        <\/p>\n<p>La case ne va plus \u00eatre vide. Un <strong>restaurant<\/strong> qui avait ferm\u00e9 en f\u00e9vrier dernier <strong>rue du Gros-Horloge <\/strong>\u00e0 <a href=\"https:\/\/actu.fr\/normandie\/rouen_76540\" rel=\"nofollow noopener\" target=\"_blank\">Rouen (Seine-Maritime)<\/a> s\u2019appr\u00eate \u00e0 rouvrir ses portes.<\/p>\n<p>Pitaya rouvre ses portes<\/p>\n<p class=\" wall-content\">Nous devons faire l\u00e0 un mea-culpa puisque, en juillet\u00a02025, nous vous annoncions qu\u2019une nouvelle enseigne <a href=\"https:\/\/actu.fr\/normandie\/rouen_76540\/on-sait-ce-qui-va-remplacer-pitaya-rue-du-gros-horloge-a-rouen-et-ca-recrute_62935079.html\" rel=\"nofollow noopener\" target=\"_blank\">allait remplacer le restaurant Pitaya rue du Gros-Horloge<\/a>. Nous avons \u00e9t\u00e9 induits en erreur par le nom de la soci\u00e9t\u00e9, Wok me Up, qui n\u2019indiquait pas directement que la cha\u00eene de street-food tha\u00ef allait rouvrir ici.<\/p>\n<p class=\" wall-content\">Il faut dire que le restaurant du centre-ville rouennais avait baiss\u00e9 le rideau subitement, le franchis\u00e9 <a href=\"https:\/\/actu.fr\/normandie\/rouen_76540\/a-rouen-le-restaurant-pitaya-de-la-rue-du-gros-horloge-ferme-ses-portes-voici-pourquoi_62219665.html\" rel=\"nofollow noopener\" target=\"_blank\">\u00e9tant en grosse difficult\u00e9 financi\u00e8re<\/a>, avec une dette de plus de 36\u2009000\u00a0euros.<\/p>\n<p class=\" wall-content\">Depuis, la case du 128 rue du Gros Horloge \u00e9tait rest\u00e9e vide, jusqu\u2019\u00e0 ce que des travaux d\u00e9marrent dans le courant de l\u2019\u00e9t\u00e9. Et d\u00e9sormais, la couleur est annonc\u00e9e sur la devanture\u2009: <strong>\u00ab\u2009On se refait une beaut\u00e9 avant la r\u00e9ouverture\u2009\u00bb<\/strong>. Reste \u00e0 savoir quand le restaurant l\u00e8vera de nouveau le rideau.<\/p>\n<p class=\" wall-content\">Et on se demande \u00e9galement si le Pitaya <a href=\"https:\/\/actu.fr\/normandie\/le-havre_76351\/pitaya-ferme-encore-ses-portes-au-havre-apres-les-deux-restaurants-de-rouen-que-s-est-il-passe_62981780.html\" rel=\"nofollow noopener\" target=\"_blank\">qui a r\u00e9cemment ferm\u00e9 au\u00a0Havr<\/a>e conna\u00eetra le m\u00eame sort\u2026<\/p>\n<p>Suivez l\u2019actualit\u00e9 de Rouen <a href=\"https:\/\/www.whatsapp.com\/channel\/0029VaKfnf99hXF2ddApFB1D\" rel=\"nofollow noopener\" target=\"_blank\">sur notre cha\u00eene WhatsApp<\/a> et <a href=\"https:\/\/www.tiktok.com\/@76actu.fr?lang=fr\" rel=\"nofollow noopener\" target=\"_blank\">sur notre compte TikTok<\/a><\/p>\n<p class=\" wall-content\">Personnalisez votre actualit\u00e9 en ajoutant vos villes et m\u00e9dias en favori avec <a href=\"https:\/\/moncompte.actu.fr\" title=\"D\u00e9couvez Mon Actu\" rel=\"nofollow noopener\" data-trk=\"{&quot;cta&quot;:{&quot;action&quot;:&quot;https:\\\/\\\/moncompte.actu.fr&quot;,&quot;category&quot;:&quot;mon compte&quot;,&quot;from&quot;:&quot;article footer&quot;,&quot;name&quot;:&quot;Mon actu&quot;,&quot;type&quot;:&quot;cta&quot;}}\" target=\"_blank\">Mon Actu<\/a>.<\/p>\n<p>                    <script async src=\"\/\/www.tiktok.com\/embed.js\"><\/script><\/p>\n","protected":false},"excerpt":{"rendered":"Par Julien Bouteiller Publi\u00e9 le 26 ao\u00fbt 2025 \u00e0 20h12 La case ne va plus \u00eatre vide. Un&hellip;\n","protected":false},"author":2,"featured_media":345809,"comment_status":"","ping_status":"","sticky":false,"template":"","format":"standard","meta":{"footnotes":""},"categories":[9587],"tags":[1111,11,9086,1777,674,1011,27,1652,12,5161,25,1340,9590],"class_list":{"0":"post-345808","1":"post","2":"type-post","3":"status-publish","4":"format-standard","5":"has-post-thumbnail","7":"category-rouen","8":"tag-actu","9":"tag-actualites","10":"tag-bon-plan-a-rouen","11":"tag-eu","12":"tag-europe","13":"tag-fr","14":"tag-france","15":"tag-loisirs-culture","16":"tag-news","17":"tag-normandie","18":"tag-republique-francaise","19":"tag-restaurant","20":"tag-rouen"},"share_on_mastodon":{"url":"https:\/\/pubeurope.com\/@fr\/115096509637669692","error":""},"_links":{"self":[{"href":"https:\/\/www.europesays.com\/fr\/wp-json\/wp\/v2\/posts\/345808","targetHints":{"allow":["GET"]}}],"collection":[{"href":"https:\/\/www.europesays.com\/fr\/wp-json\/wp\/v2\/posts"}],"about":[{"href":"https:\/\/www.europesays.com\/fr\/wp-json\/wp\/v2\/types\/post"}],"author":[{"embeddable":true,"href":"https:\/\/www.europesays.com\/fr\/wp-json\/wp\/v2\/users\/2"}],"replies":[{"embeddable":true,"href":"https:\/\/www.europesays.com\/fr\/wp-json\/wp\/v2\/comments?post=345808"}],"version-history":[{"count":0,"href":"https:\/\/www.europesays.com\/fr\/wp-json\/wp\/v2\/posts\/345808\/revisions"}],"wp:featuredmedia":[{"embeddable":true,"href":"https:\/\/www.europesays.com\/fr\/wp-json\/wp\/v2\/media\/345809"}],"wp:attachment":[{"href":"https:\/\/www.europesays.com\/fr\/wp-json\/wp\/v2\/media?parent=345808"}],"wp:term":[{"taxonomy":"category","embeddable":true,"href":"https:\/\/www.europesays.com\/fr\/wp-json\/wp\/v2\/categories?post=345808"},{"taxonomy":"post_tag","embeddable":true,"href":"https:\/\/www.europesays.com\/fr\/wp-json\/wp\/v2\/tags?post=345808"}],"curies":[{"name":"wp","href":"https:\/\/api.w.org\/{rel}","templated":true}]}}