{"id":345812,"date":"2025-08-26T18:38:14","date_gmt":"2025-08-26T18:38:14","guid":{"rendered":"https:\/\/www.europesays.com\/fr\/345812\/"},"modified":"2025-08-26T18:38:14","modified_gmt":"2025-08-26T18:38:14","slug":"un-an-de-prison-avec-sursis-pour-le-jeune-conducteur","status":"publish","type":"post","link":"https:\/\/www.europesays.com\/fr\/345812\/","title":{"rendered":"un an de prison avec sursis pour le jeune conducteur"},"content":{"rendered":"<p>L\u2019automobiliste de 19 ans avait bless\u00e9 une m\u00e8re de famille et trois enfants le soir des c\u00e9l\u00e9brations de la victoire du PSG en Ligue des champions fin mai. Il a dit avoir perdu le contr\u00f4le de sa voiture en tentant d\u2019\u00e9chapper \u00e0 des f\u00eatards.<\/p>\n<p class=\"fig-paragraph\">Un automobiliste qui avait\u00a0<a href=\"http:\/\/www.lefigaro.fr\/faits-divers\/celebrations-de-la-victoire-du-psg-une-voiture-percute-la-foule-a-grenoble-quatre-blesses-dont-deux-graves-20250601\" target=\"_blank\" data-fig-type=\"NewsFlash\" rel=\"noopener\" data-gtm-custom-categorie=\"navigation\" data-gtm-custom-action=\"crossclick\" data-gtm-custom-label=\"Contextuel\" data-gtm-event=\"customEventSPE\" data-fig-domain=\"LEFIGARO\">bless\u00e9 quatre membres d&rsquo;une m\u00eame famille<\/a>\u00a0le 31 mai \u00e0\u00a0<a href=\"http:\/\/www.lefigaro.fr\/vox\/politique\/plutot-que-de-casser-les-ghettos-de-riches-il-faut-sauver-grenoble-des-mains-d-eric-piolle-20250812\" target=\"_blank\" data-fig-type=\"Article\" rel=\"noopener\" data-gtm-custom-categorie=\"navigation\" data-gtm-custom-action=\"crossclick\" data-gtm-custom-label=\"Contextuel\" data-gtm-event=\"customEventSPE\" data-fig-domain=\"LEFIGARO\">Grenoble<\/a>, lors des c\u00e9l\u00e9brations de la victoire du PSG en Ligue des champions, a \u00e9t\u00e9 condamn\u00e9 \u00e0 un an de prison avec sursis, ont indiqu\u00e9 mardi les avocats des deux parties.<\/p>\n<p class=\"fig-paragraph\">Vers 23h40 sur le cours Jean Jaur\u00e8s, une des art\u00e8res principales de Grenoble,\u00a0cet homme de 19 ans \u00e0 l\u2019avant d\u2019une BMW s\u00e9rie 1 (non vol\u00e9e) avait fauch\u00e9, sur la voie d&rsquo;un tramway, une m\u00e8re de 46 ans, ses fils jumeaux de 17 ans et leur cousine. Deux d\u2019entre eux avaient \u00e9t\u00e9 bless\u00e9s gri\u00e8vement, les autres plus l\u00e9g\u00e8rement. Le conducteur avait abandonn\u00e9 son v\u00e9hicule sur place avant de se pr\u00e9senter de lui-m\u00eame, plus tard, \u00e0 la police.<\/p>\n<p>                                    <a class=\"fig-a11y-skip a11y-hidden\" href=\"#fig-a11y-skip-main-inarticle\"><br \/>\n        Passer la publicit\u00e9<br \/>\n    <\/a><\/p>\n<p>Crainte d\u2019\u00eatre \u00ablynch\u00e9\u00bb par la foule<\/p>\n<p class=\"fig-paragraph\">Sans ant\u00e9c\u00e9dent judiciaire, il a \u00e9t\u00e9 condamn\u00e9 lundi \u00e0 12 mois de prison avec sursis et 200 euros d&rsquo;amende pour \u00abblessures involontaires\u00bb par le tribunal correctionnel de Grenoble, a expliqu\u00e9 \u00e0 l&rsquo;AFP son avocat Denis Dreyfus. Le tribunal a confirm\u00e9 l&rsquo;annulation de son permis de conduire mais l&rsquo;a autoris\u00e9 \u00e0 le repasser dans un mois parce qu&rsquo;il en a besoin dans le cadre de son emploi, selon Me Dreyfus. La peine a \u00e9t\u00e9 confirm\u00e9e par le d\u00e9fenseur des parties civiles. La jeune fille, la plus gri\u00e8vement bless\u00e9e, va \u00abmieux\u00bb et est sortie dimanche d\u2019un centre de r\u00e9\u00e9ducation, a pr\u00e9cis\u00e9 ce dernier. Le parquet avait requis 12 mois d&#8217;emprisonnement dont huit avec sursis.<\/p>\n<p class=\"fig-paragraph\">Lors de son audition, le conducteur a assur\u00e9 avoir franchi un terre-plein et s&rsquo;\u00eatre engag\u00e9 sur les voies du tram parce qu&rsquo;il avait \u00abeu peur\u00bb apr\u00e8s avoir \u00e9t\u00e9 vis\u00e9 par des tirs de feux d&rsquo;artifice de f\u00eatards qui avaient envahi l\u2019art\u00e8re tr\u00e8s fr\u00e9quent\u00e9e du centre-ville. Il a dit avoir perdu le contr\u00f4le de sa voiture en tentant de leur \u00e9chapper et justifi\u00e9 sa fuite apr\u00e8s l&rsquo;accident par la crainte d&rsquo;\u00eatre \u00ablynch\u00e9\u00bb par la foule.<\/p>\n","protected":false},"excerpt":{"rendered":"L\u2019automobiliste de 19 ans avait bless\u00e9 une m\u00e8re de famille et trois enfants le soir des c\u00e9l\u00e9brations de&hellip;\n","protected":false},"author":2,"featured_media":345813,"comment_status":"","ping_status":"","sticky":false,"template":"","format":"standard","meta":{"footnotes":""},"categories":[9566],"tags":[1111,11,2430,1777,674,1011,27,2731,12,25,4752],"class_list":{"0":"post-345812","1":"post","2":"type-post","3":"status-publish","4":"format-standard","5":"has-post-thumbnail","7":"category-grenoble","8":"tag-actu","9":"tag-actualites","10":"tag-auvergne-rhone-alpes","11":"tag-eu","12":"tag-europe","13":"tag-fr","14":"tag-france","15":"tag-grenoble","16":"tag-news","17":"tag-republique-francaise","18":"tag-voiture"},"share_on_mastodon":{"url":"https:\/\/pubeurope.com\/@fr\/115096525480292952","error":""},"_links":{"self":[{"href":"https:\/\/www.europesays.com\/fr\/wp-json\/wp\/v2\/posts\/345812","targetHints":{"allow":["GET"]}}],"collection":[{"href":"https:\/\/www.europesays.com\/fr\/wp-json\/wp\/v2\/posts"}],"about":[{"href":"https:\/\/www.europesays.com\/fr\/wp-json\/wp\/v2\/types\/post"}],"author":[{"embeddable":true,"href":"https:\/\/www.europesays.com\/fr\/wp-json\/wp\/v2\/users\/2"}],"replies":[{"embeddable":true,"href":"https:\/\/www.europesays.com\/fr\/wp-json\/wp\/v2\/comments?post=345812"}],"version-history":[{"count":0,"href":"https:\/\/www.europesays.com\/fr\/wp-json\/wp\/v2\/posts\/345812\/revisions"}],"wp:featuredmedia":[{"embeddable":true,"href":"https:\/\/www.europesays.com\/fr\/wp-json\/wp\/v2\/media\/345813"}],"wp:attachment":[{"href":"https:\/\/www.europesays.com\/fr\/wp-json\/wp\/v2\/media?parent=345812"}],"wp:term":[{"taxonomy":"category","embeddable":true,"href":"https:\/\/www.europesays.com\/fr\/wp-json\/wp\/v2\/categories?post=345812"},{"taxonomy":"post_tag","embeddable":true,"href":"https:\/\/www.europesays.com\/fr\/wp-json\/wp\/v2\/tags?post=345812"}],"curies":[{"name":"wp","href":"https:\/\/api.w.org\/{rel}","templated":true}]}}