{"id":345814,"date":"2025-08-26T18:39:17","date_gmt":"2025-08-26T18:39:17","guid":{"rendered":"https:\/\/www.europesays.com\/fr\/345814\/"},"modified":"2025-08-26T18:39:17","modified_gmt":"2025-08-26T18:39:17","slug":"suitcase-hospitality-treize-etablissements-300-salaries-55-millions-de-chiffres-daffaires-et-de-nouvelles-ambitions","status":"publish","type":"post","link":"https:\/\/www.europesays.com\/fr\/345814\/","title":{"rendered":"Suitcase Hospitality\u00a0: treize \u00e9tablissements, 300 salari\u00e9s, 55\u00a0millions de chiffres d\u2019affaires et de nouvelles ambitions"},"content":{"rendered":"<p>Suitcase Hospitality est un groupe h\u00f4telier breton (son si\u00e8ge est \u00e0 Rennes) fond\u00e9 il y a 10 ans par Jean-Baptiste Martin via la soci\u00e9t\u00e9 Helimmo et la famille Legendre. Il poss\u00e8de treize h\u00f4tels, r\u00e9sidences de tourisme et h\u00f4tels de plein air partout en France, emploie 300 salari\u00e9s et g\u00e9n\u00e8re 55 millions de chiffres d\u2019affaires. Le groupe souhaite d\u00e9velopper \u00ab\u00a0une petite collection d\u2019h\u00f4tels agr\u00e9ables \u00e0 vivre durant toute l\u2019ann\u00e9e et orient\u00e9s vers l\u2019oc\u00e9an ou tr\u00e8s proches de celui-ci\u00a0\u00bb. Jean-Baptiste Martin, \u00ab\u00a0breton amoureux de la mer et de notre r\u00e9gion\u00a0\u00bb, estime que le littoral breton et la c\u00f4te Atlantique sont \u00ab\u00a0insuffisamment dot\u00e9s de boutiques h\u00f4tels de qualit\u00e9 (h\u00f4tels 4 \u00e9toiles de 50 \u00e0 100 chambres avec restaurant, spa, etc.)\u00a0\u00bb.<\/p>\n<p>L\u2019acquisition de l\u2019h\u00f4tel des dunes, \u00e0 Lesconil, remonte \u00e0 2023, \u00ab\u00a0apr\u00e8s des discussions pendant plusieurs ann\u00e9es avec la propri\u00e9taire de l\u2019h\u00f4tel\u00a0; elle explorait un projet de cession familial qui a avort\u00e9\u00a0\u00bb. De nombreux h\u00f4tels de petite capacit\u00e9, exploit\u00e9s en famille, se transmettant de g\u00e9n\u00e9ration en g\u00e9n\u00e9ration, \u00ab\u00a0rencontrent des probl\u00e9matiques de transmission et finissent par des reconversions immobili\u00e8res notamment sur le littoral\u00a0\u00bb, observe Jean-Baptiste Martin. Le nombre d\u2019h\u00f4tels en France ne cesse de diminuer (taille non viable, travaux trop lourds) y compris en Bretagne (939 \u00e9tablissements en 2012, 823 10 ans plus tard).<\/p>\n<p>\u00ab\u00a0J\u2019y passe la plus grande partie de mes cong\u00e9s\u00a0\u00bb<\/p>\n<p>\u00c0 Plobannalec-Lesconil aussi, la morosit\u00e9 a gagn\u00e9. La commune \u00ab\u00a0a subi de nombreux changements ces 40 derni\u00e8res ann\u00e9es. La fili\u00e8re la p\u00eache a souffert. Le d\u00e9veloppement du tourisme permet de prendre le relais, il faut le conforter, analyse Jean-Baptiste Martin. Il faut aussi faire conna\u00eetre le territoire qui reste moins connu que d\u2019autres destinations touristiques\u00a0\u00bb. Et Jean-Baptiste Martin sait de quoi il parle puisqu\u2019il conna\u00eet particuli\u00e8rement bien Plobannalec-Lesconil\u00a0: \u00ab\u00a0Je m\u2019y suis mari\u00e9, j\u2019ai de la famille qui y r\u00e9side \u00e0 l\u2019ann\u00e9e, j\u2019y passe la plus grande partie de mes cong\u00e9s\u00a0\u00bb.<\/p>\n","protected":false},"excerpt":{"rendered":"Suitcase Hospitality est un groupe h\u00f4telier breton (son si\u00e8ge est \u00e0 Rennes) fond\u00e9 il y a 10 ans&hellip;\n","protected":false},"author":2,"featured_media":345815,"comment_status":"","ping_status":"","sticky":false,"template":"","format":"standard","meta":{"footnotes":""},"categories":[2821],"tags":[1111,11,829,33,1777,674,1011,27,12,10587,584,25,602,2528],"class_list":{"0":"post-345814","1":"post","2":"type-post","3":"status-publish","4":"format-standard","5":"has-post-thumbnail","7":"category-rennes","8":"tag-actu","9":"tag-actualites","10":"tag-bretagne","11":"tag-economie","12":"tag-eu","13":"tag-europe","14":"tag-fr","15":"tag-france","16":"tag-news","17":"tag-plobannalec-lesconil","18":"tag-rennes","19":"tag-republique-francaise","20":"tag-tourisme","21":"tag-vacances"},"share_on_mastodon":{"url":"https:\/\/pubeurope.com\/@fr\/115096529372130067","error":""},"_links":{"self":[{"href":"https:\/\/www.europesays.com\/fr\/wp-json\/wp\/v2\/posts\/345814","targetHints":{"allow":["GET"]}}],"collection":[{"href":"https:\/\/www.europesays.com\/fr\/wp-json\/wp\/v2\/posts"}],"about":[{"href":"https:\/\/www.europesays.com\/fr\/wp-json\/wp\/v2\/types\/post"}],"author":[{"embeddable":true,"href":"https:\/\/www.europesays.com\/fr\/wp-json\/wp\/v2\/users\/2"}],"replies":[{"embeddable":true,"href":"https:\/\/www.europesays.com\/fr\/wp-json\/wp\/v2\/comments?post=345814"}],"version-history":[{"count":0,"href":"https:\/\/www.europesays.com\/fr\/wp-json\/wp\/v2\/posts\/345814\/revisions"}],"wp:featuredmedia":[{"embeddable":true,"href":"https:\/\/www.europesays.com\/fr\/wp-json\/wp\/v2\/media\/345815"}],"wp:attachment":[{"href":"https:\/\/www.europesays.com\/fr\/wp-json\/wp\/v2\/media?parent=345814"}],"wp:term":[{"taxonomy":"category","embeddable":true,"href":"https:\/\/www.europesays.com\/fr\/wp-json\/wp\/v2\/categories?post=345814"},{"taxonomy":"post_tag","embeddable":true,"href":"https:\/\/www.europesays.com\/fr\/wp-json\/wp\/v2\/tags?post=345814"}],"curies":[{"name":"wp","href":"https:\/\/api.w.org\/{rel}","templated":true}]}}