{"id":345816,"date":"2025-08-26T18:40:10","date_gmt":"2025-08-26T18:40:10","guid":{"rendered":"https:\/\/www.europesays.com\/fr\/345816\/"},"modified":"2025-08-26T18:40:10","modified_gmt":"2025-08-26T18:40:10","slug":"alice-mazenc-la-presidente-du-tribunal-judiciaire-de-lorient-est-nommee-a-rennes","status":"publish","type":"post","link":"https:\/\/www.europesays.com\/fr\/345816\/","title":{"rendered":"Alice Mazenc, la pr\u00e9sidente du tribunal judiciaire de Lorient, est nomm\u00e9e \u00e0 Rennes"},"content":{"rendered":"<p>Alice Mazenc avait pris ses fonctions au tribunal judiciaire de Lorient le 8 octobre 2021. Elle aura occup\u00e9 ce poste pendant quatre ans. En effet, elle est nomm\u00e9e pr\u00e9sidente du tribunal judiciaire de Rennes \u00e0 compter 1er septembre 2025 o\u00f9 elle remplace B\u00e9atrice Rivail (nomm\u00e9e premi\u00e8re pr\u00e9sidente de la cour d\u2018appel d\u2019Agen). Le nom de son\/sa rempla\u00e7ant(e) n\u2019est pas encore connu et, dans l\u2019attente, l\u2019int\u00e9rim de la pr\u00e9sidence sera assur\u00e9 par Armelle Picard, premi\u00e8re vice-pr\u00e9sidente. \u00c2g\u00e9e de 52 ans, <a href=\"https:\/\/www.letelegramme.fr\/morbihan\/lorient-56100\/cest-inespere-le-tribunal-de-lorient-voit-arriver-de-nouveaux-magistrats-6851249.php\" target=\"_blank\" rel=\"noopener\">Alice Mazenc<\/a> est entr\u00e9e \u00e0 l\u2019\u00e9cole de la magistrature en 1997 avant de prendre, en 1999, son premier poste de juge d\u2019instruction \u00e0 Lisieux (Calvados). Originaire de Paris, elle a occup\u00e9 de nombreuses fonctions au cours de sa carri\u00e8re\u00a0: juge, juge pour enfants, pr\u00e9sidente du tribunal des affaires sociales, secr\u00e9tariat g\u00e9n\u00e9ral ou encore cheffe de bureau \u00e0 l\u2019administration centrale du minist\u00e8re. En 2019, elle devenait conseill\u00e8re \u00e0 la chambre de l\u2019instruction de la Cour d\u2019appel de Rennes avant de prendre la pr\u00e9sidence du tribunal judiciaire de Lorient, une juridiction qui compte 33 magistrats (entre si\u00e8ge et parquet) contre 72 pour celle de Rennes, d\u2019une autre dimension.<\/p>\n","protected":false},"excerpt":{"rendered":"Alice Mazenc avait pris ses fonctions au tribunal judiciaire de Lorient le 8 octobre 2021. Elle aura occup\u00e9&hellip;\n","protected":false},"author":2,"featured_media":345817,"comment_status":"","ping_status":"","sticky":false,"template":"","format":"standard","meta":{"footnotes":""},"categories":[2821],"tags":[1111,11,829,1777,674,1011,27,1781,12,584,25,48192],"class_list":{"0":"post-345816","1":"post","2":"type-post","3":"status-publish","4":"format-standard","5":"has-post-thumbnail","7":"category-rennes","8":"tag-actu","9":"tag-actualites","10":"tag-bretagne","11":"tag-eu","12":"tag-europe","13":"tag-fr","14":"tag-france","15":"tag-lorient","16":"tag-news","17":"tag-rennes","18":"tag-republique-francaise","19":"tag-tribunal-de-lorient"},"share_on_mastodon":{"url":"https:\/\/pubeurope.com\/@fr\/115096533480424758","error":""},"_links":{"self":[{"href":"https:\/\/www.europesays.com\/fr\/wp-json\/wp\/v2\/posts\/345816","targetHints":{"allow":["GET"]}}],"collection":[{"href":"https:\/\/www.europesays.com\/fr\/wp-json\/wp\/v2\/posts"}],"about":[{"href":"https:\/\/www.europesays.com\/fr\/wp-json\/wp\/v2\/types\/post"}],"author":[{"embeddable":true,"href":"https:\/\/www.europesays.com\/fr\/wp-json\/wp\/v2\/users\/2"}],"replies":[{"embeddable":true,"href":"https:\/\/www.europesays.com\/fr\/wp-json\/wp\/v2\/comments?post=345816"}],"version-history":[{"count":0,"href":"https:\/\/www.europesays.com\/fr\/wp-json\/wp\/v2\/posts\/345816\/revisions"}],"wp:featuredmedia":[{"embeddable":true,"href":"https:\/\/www.europesays.com\/fr\/wp-json\/wp\/v2\/media\/345817"}],"wp:attachment":[{"href":"https:\/\/www.europesays.com\/fr\/wp-json\/wp\/v2\/media?parent=345816"}],"wp:term":[{"taxonomy":"category","embeddable":true,"href":"https:\/\/www.europesays.com\/fr\/wp-json\/wp\/v2\/categories?post=345816"},{"taxonomy":"post_tag","embeddable":true,"href":"https:\/\/www.europesays.com\/fr\/wp-json\/wp\/v2\/tags?post=345816"}],"curies":[{"name":"wp","href":"https:\/\/api.w.org\/{rel}","templated":true}]}}