{"id":345822,"date":"2025-08-26T18:43:11","date_gmt":"2025-08-26T18:43:11","guid":{"rendered":"https:\/\/www.europesays.com\/fr\/345822\/"},"modified":"2025-08-26T18:43:11","modified_gmt":"2025-08-26T18:43:11","slug":"securite-proprete-ces-sujets-brulants-qui-vont-peser-lourd-dans-les-urnes-selon-les-revelations-de-ce-sondage","status":"publish","type":"post","link":"https:\/\/www.europesays.com\/fr\/345822\/","title":{"rendered":"s\u00e9curit\u00e9, propret\u00e9\u2026 Ces sujets br\u00fblants qui vont peser lourd dans les urnes, selon les r\u00e9v\u00e9lations de ce sondage"},"content":{"rendered":"<p><strong>Les Ni\u00e7ois seront bient\u00f4t appel\u00e9s \u00e0 \u00e9lire leur maire pour les six prochaines ann\u00e9es. Avant les municipales 2026, un sondage d\u00e9voile les principaux sujets de pr\u00e9occupation des Fran\u00e7ais.  <\/strong><\/p>\n<p><a href=\"https:\/\/nicepresse.com\/nous-balaierons-tous-ceux-qui-ont-voulu-salir-nice-christian-estrosi-combattif-avant-le-top-depart-des-municipales-2026\/\" rel=\"nofollow noopener\" target=\"_blank\">Christian Estrosi<\/a> (Horizons), la <a href=\"https:\/\/nicepresse.com\/a-nice-la-france-insoumise-lfi-sur-les-rangs-pour-lelection-municipale-une-ville-sure-sera-dabord-et-avant-tout-juste-et-solidaire\/\" rel=\"nofollow noopener\" target=\"_blank\">France Insoumise<\/a>, les <a href=\"https:\/\/nicepresse.com\/plafonnement-des-loyers-tramway-de-lest-transports-gratuits-police-de-proximite-nos-combats-pour-les-municipales-le-parti-communiste-06-a-nice-presse\/\" rel=\"nofollow noopener\" target=\"_blank\">Communistes<\/a>, le <a href=\"https:\/\/nicepresse.com\/municipales-ce-sera-nous-ou-lextreme-gauche-pour-nice-on-a-choisi-lelan-patriote-les-jeunes-du-rn-dans-nice-presse\/\" rel=\"nofollow noopener\" target=\"_blank\">Rassemblement National<\/a>\u2026 Gr\u00e2ce \u00e0 plusieurs articles parus dans nos colonnes, les premiers pions ont \u00e9t\u00e9 avanc\u00e9s dans la course vers les municipales de 2026. Entre le camp d\u2019\u00c9ric Ciotti (UDR-RN) et <a href=\"https:\/\/nicepresse.com\/municipales-2026-a-nice-la-gauche-locale-bien-contente-de-ne-pas-sunir-a-la-france-insoumise\/\" rel=\"nofollow noopener\" target=\"_blank\">une gauche morcel\u00e9e<\/a>, nous aurions une bonne <a href=\"https:\/\/nicepresse.com\/municipales-2026-deja-une-demi-douzaine-de-listes-a-nice\/\" rel=\"nofollow noopener\" target=\"_blank\">demi-douzaine de listes<\/a> sur la ligne de d\u00e9part \u00e0 Nice.<\/p>\n<p>Les candidats vont progressivement monter en puissance dans leur campagne, avec une \u00e9ch\u00e9ance pr\u00e9vue en mars prochain. Les dates du scrutin sont encore en attente. <\/p>\n<p>La s\u00e9curit\u00e9 et la d\u00e9linquance, des enjeux majeurs<\/p>\n<p>Le dernier barom\u00e8tre Odoxa r\u00e9alis\u00e9 pour Public S\u00e9nat <a href=\"https:\/\/www.publicsenat.fr\/actualites\/territoires\/sondage-la-securite-enjeu-numero-1-pour-les-francais-lors-des-elections-municipales-2026\" target=\"_blank\" rel=\"noopener nofollow\">publi\u00e9<\/a> le 11 ao\u00fbt s\u2019int\u00e9resse aux principales pr\u00e9occupations des Fran\u00e7ais pour cette \u00e9lection souvent tr\u00e8s suivie. Il s\u2019agit d\u2019enjeux majeurs pour nos concitoyens, et parmi les th\u00e9matiques, une se d\u00e9tache tr\u00e8s clairement.<\/p>\n<p>C\u2019est le cas r\u00e9guli\u00e8rement depuis plusieurs ann\u00e9es, mais les habitants de l\u2019Hexagone attendent des r\u00e9ponses sur l\u2019aspect s\u00e9curitaire. <\/p>\n<p>Ils sont plus d\u2019un sur deux (51 %) \u00e0 en faire un int\u00e9r\u00eat majeur au moment d\u2019\u00e9lire leur maire. La s\u00e9curit\u00e9 et la lutte contre la d\u00e9linquance, des priorit\u00e9s donc pour la majorit\u00e9, touchent davantage les sympathisants de droite (68,5 %).<\/p>\n<p>L\u2019environnement et l\u2019emploi, un peu au second plan<\/p>\n<p>Le deuxi\u00e8me th\u00e8me le plus important arrive vingt points derri\u00e8re, \u00e0 savoir l\u2019activit\u00e9 \u00e9conomique et le commerce (31 %). Ensuite, un quart des sond\u00e9s souhaitent que l\u2019on parle de la propret\u00e9 et l\u2019entretien de la ville. Une part presque similaire (24 %) veut mettre en avant l\u2019\u00e9ducation, tandis que l\u2019environnement (22 %) et l\u2019emploi (21 %) passent un peu au second plan. <\/p>\n<p>De l\u2019autre c\u00f4t\u00e9, certains sujets p\u00e8seront visiblement bien moins lourd dans cette consultation locale. <\/p>\n<p><a href=\"https:\/\/anneedelamer.nice.fr\/\" rel=\"nofollow noopener\" target=\"_blank\"><img loading=\"lazy\" decoding=\"async\" width=\"300\" height=\"300\" src=\"data:image\/svg+xml,%3Csvg%20xmlns=\" http:=\"\" alt=\"\" class=\"wp-image-235449\" data-lazy-src=\"https:\/\/www.europesays.com\/fr\/wp-content\/uploads\/2025\/04\/IMG_1416-2.png\"\/><\/a><\/p>\n<p>La circulation (13 %) et les transports en commun par exemple (13 %) ne seront a priori pas au centre des d\u00e9bats. C\u2019est m\u00eame encore moins pour la culture et les loisirs, les derniers points de la liste (12 %).<\/p>\n<p>Les Fran\u00e7ais majoritairement favorables \u00e0 la r\u00e9\u00e9lection de leur maire<\/p>\n<p>La lecture de l\u2019enqu\u00eate nous montre aussi que les Fran\u00e7ais sont une petite majorit\u00e9 (52 %) \u00e0 \u00eatre favorables \u00e0 la reconduction de leur maire. Une bonne nouvelle pour Christian Estrosi, candidat \u00e0 sa propre succession ? R\u00e9ponse au printemps prochain, apr\u00e8s une bataille politique sans doute tr\u00e8s anim\u00e9e \u00e0 Nice !<\/p>\n","protected":false},"excerpt":{"rendered":"Les Ni\u00e7ois seront bient\u00f4t appel\u00e9s \u00e0 \u00e9lire leur maire pour les six prochaines ann\u00e9es. Avant les municipales 2026,&hellip;\n","protected":false},"author":2,"featured_media":345823,"comment_status":"","ping_status":"","sticky":false,"template":"","format":"standard","meta":{"footnotes":""},"categories":[2819],"tags":[1111,11,1777,674,1011,27,12,2401,882,25],"class_list":{"0":"post-345822","1":"post","2":"type-post","3":"status-publish","4":"format-standard","5":"has-post-thumbnail","7":"category-nice","8":"tag-actu","9":"tag-actualites","10":"tag-eu","11":"tag-europe","12":"tag-fr","13":"tag-france","14":"tag-news","15":"tag-nice","16":"tag-provence-alpes-cote-dazur","17":"tag-republique-francaise"},"share_on_mastodon":{"url":"https:\/\/pubeurope.com\/@fr\/115096545142342269","error":""},"_links":{"self":[{"href":"https:\/\/www.europesays.com\/fr\/wp-json\/wp\/v2\/posts\/345822","targetHints":{"allow":["GET"]}}],"collection":[{"href":"https:\/\/www.europesays.com\/fr\/wp-json\/wp\/v2\/posts"}],"about":[{"href":"https:\/\/www.europesays.com\/fr\/wp-json\/wp\/v2\/types\/post"}],"author":[{"embeddable":true,"href":"https:\/\/www.europesays.com\/fr\/wp-json\/wp\/v2\/users\/2"}],"replies":[{"embeddable":true,"href":"https:\/\/www.europesays.com\/fr\/wp-json\/wp\/v2\/comments?post=345822"}],"version-history":[{"count":0,"href":"https:\/\/www.europesays.com\/fr\/wp-json\/wp\/v2\/posts\/345822\/revisions"}],"wp:featuredmedia":[{"embeddable":true,"href":"https:\/\/www.europesays.com\/fr\/wp-json\/wp\/v2\/media\/345823"}],"wp:attachment":[{"href":"https:\/\/www.europesays.com\/fr\/wp-json\/wp\/v2\/media?parent=345822"}],"wp:term":[{"taxonomy":"category","embeddable":true,"href":"https:\/\/www.europesays.com\/fr\/wp-json\/wp\/v2\/categories?post=345822"},{"taxonomy":"post_tag","embeddable":true,"href":"https:\/\/www.europesays.com\/fr\/wp-json\/wp\/v2\/tags?post=345822"}],"curies":[{"name":"wp","href":"https:\/\/api.w.org\/{rel}","templated":true}]}}