{"id":345824,"date":"2025-08-26T18:44:18","date_gmt":"2025-08-26T18:44:18","guid":{"rendered":"https:\/\/www.europesays.com\/fr\/345824\/"},"modified":"2025-08-26T18:44:18","modified_gmt":"2025-08-26T18:44:18","slug":"nice-pose-de-la-premiere-pierre-de-la-residence-etudiante-trotabas","status":"publish","type":"post","link":"https:\/\/www.europesays.com\/fr\/345824\/","title":{"rendered":"NICE : Pose de la premi\u00e8re pierre de la r\u00e9sidence \u00e9tudiante Trotabas"},"content":{"rendered":"<p><strong>76 nouveaux logements Crous \u00e0 Nice.<\/strong><\/p>\n<p><strong>Une r\u00e9ponse concr\u00e8te aux besoins des \u00e9tudiants maralpins<\/strong><\/p>\n<p>Le jeudi 28 ao\u00fbt 2025 \u00e0 11h, sera pos\u00e9e la premi\u00e8re pierre de la r\u00e9sidence \u00e9tudiante Trotabas, en pr\u00e9sence des repr\u00e9sentants de l\u2019\u00c9tat, du CNOUS, du Crous Nice-Toulon, de la R\u00e9gion Sud Provence-Alpes-C\u00f4te d\u2019Azur, du<br \/>D\u00e9partement des Alpes-Maritimes, de la M\u00e9tropole Nice C\u00f4te d\u2019Azur, de la Ville de Nice, des constructeurs et partenaires du projet.<br \/>Avec 76 logements \u00e9tudiants (de type studios) suppl\u00e9mentaires \u00e0 proximit\u00e9 imm\u00e9diate de la Facult\u00e9 de Droit et Science Politique d\u2019Universit\u00e9 C\u00f4te d\u2019Azur, ce nouvel \u00e9quipement participe \u00e0 r\u00e9pondre \u00e0 une demande particuli\u00e8rement forte en h\u00e9bergement \u00e9tudiant dans ce secteur de la ville. Le projet s\u2019inscrit dans la mission fondamentale du CROUS : garantir l\u2019\u00e9galit\u00e9 d\u2019acc\u00e8s aux \u00e9tudes sup\u00e9rieures en offrant des conditions de vie adapt\u00e9es et accessibles aux \u00e9tudiants. Il permet d\u2019apporter une offre compl\u00e9mentaire aux 238 chambres \u00e9tudiantes d\u00e9j\u00e0 existantes dans la r\u00e9sidence voisine \u00ab les Collinettes \u00bb.<\/p>\n<p><strong>Un march\u00e9 global de performance exemplaire\u00a0<\/strong><\/p>\n<p>L\u2019op\u00e9ration prend place sur un foncier de l\u2019Etat.<br \/>Elle est conduite dans le cadre d\u2019un march\u00e9 global de performance qui associe la conception, la r\u00e9alisation, l\u2019exploitation, la maintenance des b\u00e2timents et des installations \u00e9nerg\u00e9tiques sur une dur\u00e9e de cinq ans. Ce dispositif garantit une ma\u00eetrise durable des consommations d\u2019\u00e9nergie, un haut niveau de confort pour les \u00e9tudiants, et un suivi pr\u00e9cis et transparent des engagements environnementaux, gr\u00e2ce au recours au r\u00e9f\u00e9rentiel<br \/>\u00ab B\u00e2timent Durable M\u00e9diterran\u00e9en \u00bb (BDM).<\/p>\n<p>La r\u00e9sidence sera aliment\u00e9e par une unit\u00e9 centrale de production \u00e9nerg\u00e9tique de type pompe \u00e0 chaleur, permettant de fournir le chauffage et l\u2019eau chaude sanitaire.<\/p>\n<p><strong>Un projet ambitieux au service de la transition \u00e9cologique\u00a0<\/strong><\/p>\n<p><img decoding=\"async\" src=\"https:\/\/www.europesays.com\/fr\/wp-content\/uploads\/2025\/08\/Pose-de-la-premiere-pierre-de-la-residence-etudiante-Trotabas-1.png\"\/><\/p>\n<p><strong>Con\u00e7u par le groupement dont le mandataire est Bouygues B\u00e2timent <\/strong><strong>Sud-Est, le projet se distingue par son exemplarit\u00e9 environnementale :<\/strong><\/p>\n<p>\u2013 recours \u00e0 des mat\u00e9riaux biosourc\u00e9s et recycl\u00e9s<br \/>\u2013 b\u00e9ton bas carbone<br \/>\u2013 gestion des eaux pluviales via un bassin de r\u00e9tention enterr\u00e9<br \/>\u2013 conception bioclimatique permettant de se passer de climatisation dans les logements<br \/>\u2013 patio central v\u00e9g\u00e9talis\u00e9<\/p>\n<p>La r\u00e9sidence Trotabas s\u2019inscrit pleinement dans la trajectoire de la RE2020 et constitue une op\u00e9ration pilote en mati\u00e8re de sobri\u00e9t\u00e9 \u00e9nerg\u00e9tique et de lutte contre les \u00eelots de chaleur urbains.<\/p>\n<p><strong>Une r\u00e9sidence pens\u00e9e pour le bien-\u00eatre \u00e9tudiant<\/strong><\/p>\n<p><strong>La nouvelle r\u00e9sidence proposera aux \u00e9tudiants un cadre de vie moderne, <\/strong><strong>fonctionnel et inclusif :<\/strong><\/p>\n<p>\u2013 76 logements T1 de 18 m\u00b2 minimum, \u00e9quip\u00e9s d\u2019une kitchenette compl\u00e8te, d\u2019un espace sanitaire tri-fonction et d\u2019un brasseur d\u2019air. 32 d\u2019entre eux seront des appartements traversants \u2013 dont 4 logements adapt\u00e9s aux<br \/>personnes \u00e0 mobilit\u00e9 r\u00e9duite<br \/>\u2013 des espaces collectifs conviviaux :<br \/>une salle climatis\u00e9e de convivialit\u00e9, une laverie, une salle de sport<br \/>\u2013 un local v\u00e9lo s\u00e9curis\u00e9 et abrit\u00e9<br \/>\u2013 un accueil mutualis\u00e9 avec la r\u00e9sidence Crous des Collinettes.<\/p>\n<p>Ces espaces favorisent le vivre-ensemble et offrent aux \u00e9tudiants des lieux adapt\u00e9s aux temps de travail comme aux moments de d\u00e9tente.\u00a0Les coloris du mobilier sur-mesure offriront une ambiance agr\u00e9able dans les chambres. Les nombreux rangements pr\u00e9vus sont fonctionnels, esth\u00e9tiques et adaptables.<\/p>\n<p><img decoding=\"async\" src=\"https:\/\/www.europesays.com\/fr\/wp-content\/uploads\/2025\/08\/Pose-de-la-premiere-pierre-de-la-residence-etudiante-Trotabas-3.png\"\/><\/p>\n<p><strong>Une architecture int\u00e9gr\u00e9e et respectueuse<\/strong><\/p>\n<p>Le b\u00e2timent, organis\u00e9 en forme de L sur six niveaux, est reli\u00e9 au jardin des Collinettes par une passerelle d\u2019acc\u00e8s. Sa volum\u00e9trie s\u2019inscrit harmonieusement dans le paysage universitaire et urbain environnant.<br \/>Les fa\u00e7ades sobres et \u00e9l\u00e9gantes, rythm\u00e9es par des brise-soleils et des teintes m\u00e9diterran\u00e9ennes, traduisent une volont\u00e9 d\u2019int\u00e9gration et de durabilit\u00e9.<\/p>\n<p><strong>Un chantier \u00e0 faibles nuisances<\/strong><\/p>\n<p>L\u2019op\u00e9ration veille \u00e0 limiter l\u2019impact des travaux sur la vie universitaire et le voisinage. Les engagements portent sur la r\u00e9duction du bruit et des poussi\u00e8res, le tri et la valorisation des d\u00e9chets, la pr\u00e9vention des pollutions et la s\u00e9curit\u00e9 des intervenants.<\/p>\n<p><strong>Un investissement pour l\u2019avenir<\/strong><\/p>\n<p>Le montant global de l\u2019op\u00e9ration s\u2019\u00e9l\u00e8ve \u00e0 pr\u00e8s de 8 millions d\u2019euros, int\u00e9grant conception, travaux, et exploitation \u2013 maintenance.<br \/>C\u2019est gr\u00e2ce \u00e0 une mobilisation de diff\u00e9rentes institutions que le financement n\u00e9cessaire a pu \u00eatre r\u00e9colt\u00e9 : le CNOUS (2 500 000 \u20ac), le Crous Nice \u2013 Toulon (2 500 000 \u20ac), l\u2019Etat dans le cadre d\u2019un Contrat de Plan Etat-R\u00e9gion (1 137 000 \u20ac), la R\u00e9gion Sud \u2013 PACA (900 000 \u20ac), leD\u00e9partement des Alpes-Maritimes (378 750 \u20ac), la M\u00e9tropole Nice C\u00f4te d\u2019Azur (125 000 \u20ac) et la Ville de Nice (375 000 \u20ac).<\/p>\n<p><strong>L\u2019ouverture de la r\u00e9sidence est pr\u00e9vue pour la rentr\u00e9e universitaire de septembre 2026.<\/strong><\/p>\n<p><img decoding=\"async\" src=\"https:\/\/www.europesays.com\/fr\/wp-content\/uploads\/2025\/08\/Pose-de-la-premiere-pierre-de-la-residence-etudiante-Trotabas-4.png\"\/><br \/>Pour rappel, les \u00e9tudiants souhaitant faire une demande de logement Crous doivent constituer leur Dossier Social Etudiant entre mars et mai de chaque ann\u00e9e, sur messervices.etudiant.gouv.fr. Les logements sont attribu\u00e9s au d\u00e9but de l\u2019\u00e9t\u00e9 par ordre de priorit\u00e9 en fonction de la situation sociale de l\u2019\u00e9tudiant et des disponibilit\u00e9s dans le parc de logement Crous.<\/p>\n<p><strong>Informations pratiques :<\/strong><\/p>\n<p><strong>Pose de la premi\u00e8re pierre de la R\u00e9sidence Trotabas<\/strong><br \/>\u2013 Jeudi 28 ao\u00fbt 2025 \u00e0 11h \u2013<br \/>\u2013 Terrasse du Restaurant Universitaire Nice Centre \u2013<br \/>\u2013 Campus Universitaire de Droit et de Sciences Politiques \u2013<br \/>\u2013 3, rue Robert Schuman, Nice.<\/p>\n<p>D\u00e9roul\u00e9 pr\u00e9visionnel :<\/p>\n<p>\u2022 Accueil des invit\u00e9s \u00e0 partir de 10h45<br \/>\u2022 Mots d\u2019accueil de Mme Mireille BARRAL, Directrice G\u00e9n\u00e9rale du Crous Nice-Toulon et de Mme Emmanuelle DUBRANA \u2013 Directrice G\u00e9n\u00e9rale d\u00e9l\u00e9gu\u00e9e du CNOUS (Centre National des OEuvres Universitaires et<br \/>Scolaires)<br \/>\u2022 Pr\u00e9sentation du projet par M. Vincent GOFFARD, Architecte<br \/>\u2022 Allocution de M. Karim BEN AHMED, Conseiller M\u00e9tropolitain, Conseiller Municipal d\u00e9l\u00e9gu\u00e9 \u00e0 l\u2019Insertion professionnelle et subd\u00e9l\u00e9gu\u00e9 au Territoire Nice Ouest, au Logement et \u00e0 la R\u00e9novation urbaine<br \/>\u2022 Allocution de M. Bernard ASSO, Conseiller D\u00e9partemental des Alpes-Maritimes<br \/>\u2022 Allocution d\u2019un repr\u00e9sentant de la R\u00e9gion Sud \u2013 Provence-Alpes-C\u00f4te d\u2019Azur<br \/>\u2022 Allocution d\u2019un repr\u00e9sentant de l\u2019Etat<br \/>\u2022 Pose de la premi\u00e8re pierre par les personnes pr\u00e9cit\u00e9es et photo officielle.<\/p>\n<p><a href=\"http:\/\/www.crous-nice.fr\" rel=\"nofollow noopener\" target=\"_blank\">www.crous-nice.fr<\/a><\/p>\n","protected":false},"excerpt":{"rendered":"76 nouveaux logements Crous \u00e0 Nice. Une r\u00e9ponse concr\u00e8te aux besoins des \u00e9tudiants maralpins Le jeudi 28 ao\u00fbt&hellip;\n","protected":false},"author":2,"featured_media":345825,"comment_status":"","ping_status":"","sticky":false,"template":"","format":"standard","meta":{"footnotes":""},"categories":[2819],"tags":[1111,11,1777,674,1011,27,12,2401,882,25],"class_list":{"0":"post-345824","1":"post","2":"type-post","3":"status-publish","4":"format-standard","5":"has-post-thumbnail","7":"category-nice","8":"tag-actu","9":"tag-actualites","10":"tag-eu","11":"tag-europe","12":"tag-fr","13":"tag-france","14":"tag-news","15":"tag-nice","16":"tag-provence-alpes-cote-dazur","17":"tag-republique-francaise"},"share_on_mastodon":{"url":"https:\/\/pubeurope.com\/@fr\/115096549907239248","error":""},"_links":{"self":[{"href":"https:\/\/www.europesays.com\/fr\/wp-json\/wp\/v2\/posts\/345824","targetHints":{"allow":["GET"]}}],"collection":[{"href":"https:\/\/www.europesays.com\/fr\/wp-json\/wp\/v2\/posts"}],"about":[{"href":"https:\/\/www.europesays.com\/fr\/wp-json\/wp\/v2\/types\/post"}],"author":[{"embeddable":true,"href":"https:\/\/www.europesays.com\/fr\/wp-json\/wp\/v2\/users\/2"}],"replies":[{"embeddable":true,"href":"https:\/\/www.europesays.com\/fr\/wp-json\/wp\/v2\/comments?post=345824"}],"version-history":[{"count":0,"href":"https:\/\/www.europesays.com\/fr\/wp-json\/wp\/v2\/posts\/345824\/revisions"}],"wp:featuredmedia":[{"embeddable":true,"href":"https:\/\/www.europesays.com\/fr\/wp-json\/wp\/v2\/media\/345825"}],"wp:attachment":[{"href":"https:\/\/www.europesays.com\/fr\/wp-json\/wp\/v2\/media?parent=345824"}],"wp:term":[{"taxonomy":"category","embeddable":true,"href":"https:\/\/www.europesays.com\/fr\/wp-json\/wp\/v2\/categories?post=345824"},{"taxonomy":"post_tag","embeddable":true,"href":"https:\/\/www.europesays.com\/fr\/wp-json\/wp\/v2\/tags?post=345824"}],"curies":[{"name":"wp","href":"https:\/\/api.w.org\/{rel}","templated":true}]}}