{"id":345826,"date":"2025-08-26T18:45:13","date_gmt":"2025-08-26T18:45:13","guid":{"rendered":"https:\/\/www.europesays.com\/fr\/345826\/"},"modified":"2025-08-26T18:45:13","modified_gmt":"2025-08-26T18:45:13","slug":"a-auray-cinq-choses-a-savoir-sur-les-travaux-du-pont-anne-de-bretagne-qui-sacheveront-a-lautomne","status":"publish","type":"post","link":"https:\/\/www.europesays.com\/fr\/345826\/","title":{"rendered":"\u00c0 Auray, cinq choses \u00e0 savoir sur les travaux du Pont Anne de Bretagne qui s\u2019ach\u00e8veront \u00e0 l\u2019automne"},"content":{"rendered":"<p>1 Un chantier retard\u00e9<\/p>\n<p>Il devait <a href=\"https:\/\/www.letelegramme.fr\/morbihan\/auray-56400\/a-auray-cinq-choses-a-savoir-sur-les-travaux-du-pont-anne-de-bretagne-6620597.php\" target=\"_blank\" rel=\"nofollow noopener\">d\u00e9marrer \u00e0 l\u2019automne dernier<\/a>. Le chantier du pont Anne-de-Bretagne, \u00e0 Auray, a finalement d\u00e9but\u00e9 le 15 juin. \u00ab\u00a0<a href=\"https:\/\/www.letelegramme.fr\/morbihan\/auray-56400\/a-auray-les-travaux-du-pont-anne-de-bretagne-retardes-pietons-et-cyclistes-a-nouveau-autorises-a-circuler-6721374.php\" target=\"_blank\" rel=\"nofollow noopener\">Plusieurs raisons expliquent ce retard<\/a>\u00a0\u00bb, souligne la maire, Claire Masson. La municipalit\u00e9 \u00e9tait pr\u00eate \u00e0 l\u2019automne dernier. \u00ab\u00a0Les r\u00e9seaux avaient \u00e9t\u00e9 d\u00e9voy\u00e9s. On avait appris un an plus t\u00f4t que la ligne \u00e0 haute tension et la fibre passaient ici. Il a fallu les d\u00e9voyer, en plus du gaz, des eaux us\u00e9es, de la ligne \u00e0 basse tension et des T\u00e9l\u00e9com\u2026 Rien que le d\u00e9voiement, \u00e7a nous a co\u00fbt\u00e9 55\u00a0000 \u20ac en plus\u00a0\u00bb.<\/p>\n<p><img decoding=\"async\" src=\"https:\/\/www.europesays.com\/fr\/wp-content\/uploads\/2025\/08\/68add9d22f342a35520377f3.1.jpeg\" width=\"480\" height=\"300\" class=\"web_golden_m\" loading=\"lazy\" alt=\"Le chantier a d\u00e9marr\u00e9 en juin dernier. Il devra s\u2019achever \u00e0 l\u2019automne.\"\/>Le chantier a d\u00e9marr\u00e9 en juin dernier. Il devra s\u2019achever \u00e0 l\u2019automne. (Le T\u00e9l\u00e9gramme\/Moor\u00e9a Lahalle)2 Le ruisseau d\u2019antan<\/p>\n<p>Il a ensuite fallu lancer de <a href=\"https:\/\/www.letelegramme.fr\/morbihan\/auray-56400\/a-auray-les-travaux-du-pont-anne-de-bretagne-retardes-pietons-et-cyclistes-a-nouveau-autorises-a-circuler-6721374.php\" target=\"_blank\" rel=\"nofollow noopener\">nouvelles \u00e9tudes pour s\u00e9curiser l\u2019extension du lit du ruisseau<\/a>, souhait\u00e9e par la municipalit\u00e9. Cette \u00e9tude compl\u00e9mentaire induisait un co\u00fbt suppl\u00e9mentaire et un retard de chantier. Une d\u00e9cision importante pour la maire. \u00ab\u00a0Cette nouvelle zone d\u2019expansion contribuera \u00e0 am\u00e9liorer la gestion des crues du ruisseau du Reclus. En tant que zone humide, ce sera aussi un espace pour la faune et la flore et pour la d\u00e9nitrification, qui est hyper importante pour d\u00e9polluer les cours d\u2019eau. Sans compter les b\u00e9n\u00e9fices pour les nappes phr\u00e9atiques\u00a0\u00bb.<\/p>\n<p>3 Un nouvel ouvrage b\u00e9tonn\u00e9<\/p>\n<p>Autre point\u00a0: il a fallu attendre que <a href=\"https:\/\/www.letelegramme.fr\/morbihan\/auray-56400\/travaux-a-auray-perturbations-et-deviations-dans-le-centre-ville-jusquau-20-mai-6809063.php\" target=\"_blank\" rel=\"nofollow noopener\">les travaux de la rue Briand<\/a> soient achev\u00e9s le 13 juin, pour une question de r\u00e9seau d\u2019eau. Le chantier du pont Anne-de-Bretagne a d\u00e9marr\u00e9 deux jours plus tard. L\u00e0, les deux buses m\u00e9talliques &#8211; qui soutenaient initialement la route &#8211; ont \u00e9t\u00e9 remplac\u00e9es par un ouvrage b\u00e9tonn\u00e9. \u00ab\u00a0Le r\u00e9seau d\u2019eau pluviale sera ensuite enterr\u00e9 \u00e0 1,60 m de la voirie et au-dessus du ruisseau\u00a0\u00bb, souligne Justine Pharamin, responsable espace public et mobilit\u00e9s. Une margelle &#8211; sorte de rebord en b\u00e9ton &#8211; a \u00e9t\u00e9 install\u00e9e au-dessus du Reclus \u00ab\u00a0pour les loutres et les batraciens\u00a0\u00bb. \u00ab\u00a0Ce sont des questions sur lesquelles nous avons travaill\u00e9 avec la F\u00e9d\u00e9ration de la p\u00eache\u00a0\u00bb, note Claire Masson.<\/p>\n<p><img decoding=\"async\" src=\"https:\/\/www.europesays.com\/fr\/wp-content\/uploads\/2025\/08\/68add9d22f342a35520377f2.1.jpeg\" width=\"480\" height=\"300\" class=\"web_golden_m\" loading=\"lazy\" alt=\"Le chantier du pont Anne de Bretagne, le 22\u00a0juillet dernier.\"\/>Le chantier du pont Anne de Bretagne, le 22\u00a0juillet dernier. (Photo mairie d\u2019Auray)4 Une voie cyclable<\/p>\n<p>Les travaux devraient courir jusqu\u2019\u00e0 la mi-octobre. Viendra ensuite la partie voirie, avec le remplacement des garde-corps et les nouveaux trottoirs. \u00ab\u00a0On veut aussi r\u00e9\u00e9quilibrer les usages\u00a0: l\u00e0 o\u00f9 il y avait un acc\u00e8s seul aux voitures avant, il y aura d\u00e9sormais une voie d\u00e9di\u00e9e aux cyclistes et pi\u00e9tons. La vitesse sur cet axe sera r\u00e9duite\u00a0\u00bb, avance Justine Pharamin. La remise en circulation est pr\u00e9vue entre la deuxi\u00e8me quinzaine d\u2019octobre et d\u00e9but novembre. Une fois les travaux termin\u00e9s, le D\u00e9partement, propri\u00e9taire d\u2019une partie du terrain, sera charg\u00e9 de la v\u00e9g\u00e9talisation des espaces attenants.<\/p>\n<p>5 Un chantier \u00e0 640\u00a0000 \u20ac<\/p>\n<p>Les travaux initiaux <a href=\"https:\/\/www.letelegramme.fr\/morbihan\/auray-56400\/a-auray-le-nouveau-pont-anne-de-bretagne-va-couter-pres-de-600-000-eur-6619127.php#:~:text=Le%20chantier%20d%C3%A9butera%20en%20ao%C3%BBt.&amp;text=Le%20pont%20du%20boulevard%20Anne,et%20s&#039;ach%C3%A8veront%20en%20d%C3%A9cembre.\" target=\"_blank\" rel=\"nofollow noopener\">\u00e9taient estim\u00e9s \u00e0 599\u00a0875 \u20ac<\/a>. Finalement, le co\u00fbt du chantier s\u2019\u00e9l\u00e8ve \u00e0 585\u00a0000 \u20ac TTC, auxquels s\u2019ajoutent les 55\u00a0000 \u20ac TTC de d\u00e9voiement de r\u00e9seaux, soit 640\u00a0000 \u20ac\ufeff au total. \u00ab\u00a0Ni le D\u00e9partement, ni Aqta, ni la commune de Crac\u2019h, n\u2019ont accept\u00e9 de nous aider, confie Claire Masson. Nous avons eu 100\u00a0000 \u20ac de l\u2019\u00c9tat et Aqta intervient sur le r\u00e9seau d\u2019eau, ce qui est une aide pr\u00e9cieuse\u00a0\u00bb.<\/p>\n","protected":false},"excerpt":{"rendered":"1 Un chantier retard\u00e9 Il devait d\u00e9marrer \u00e0 l\u2019automne dernier. Le chantier du pont Anne-de-Bretagne, \u00e0 Auray, a&hellip;\n","protected":false},"author":2,"featured_media":345827,"comment_status":"","ping_status":"","sticky":false,"template":"","format":"standard","meta":{"footnotes":""},"categories":[2818],"tags":[1111,11,7507,1777,674,1011,27,766,12,2636,25],"class_list":{"0":"post-345826","1":"post","2":"type-post","3":"status-publish","4":"format-standard","5":"has-post-thumbnail","7":"category-nantes","8":"tag-actu","9":"tag-actualites","10":"tag-auray","11":"tag-eu","12":"tag-europe","13":"tag-fr","14":"tag-france","15":"tag-nantes","16":"tag-news","17":"tag-pays-de-la-loire","18":"tag-republique-francaise"},"share_on_mastodon":{"url":"https:\/\/pubeurope.com\/@fr\/115096553121575016","error":""},"_links":{"self":[{"href":"https:\/\/www.europesays.com\/fr\/wp-json\/wp\/v2\/posts\/345826","targetHints":{"allow":["GET"]}}],"collection":[{"href":"https:\/\/www.europesays.com\/fr\/wp-json\/wp\/v2\/posts"}],"about":[{"href":"https:\/\/www.europesays.com\/fr\/wp-json\/wp\/v2\/types\/post"}],"author":[{"embeddable":true,"href":"https:\/\/www.europesays.com\/fr\/wp-json\/wp\/v2\/users\/2"}],"replies":[{"embeddable":true,"href":"https:\/\/www.europesays.com\/fr\/wp-json\/wp\/v2\/comments?post=345826"}],"version-history":[{"count":0,"href":"https:\/\/www.europesays.com\/fr\/wp-json\/wp\/v2\/posts\/345826\/revisions"}],"wp:featuredmedia":[{"embeddable":true,"href":"https:\/\/www.europesays.com\/fr\/wp-json\/wp\/v2\/media\/345827"}],"wp:attachment":[{"href":"https:\/\/www.europesays.com\/fr\/wp-json\/wp\/v2\/media?parent=345826"}],"wp:term":[{"taxonomy":"category","embeddable":true,"href":"https:\/\/www.europesays.com\/fr\/wp-json\/wp\/v2\/categories?post=345826"},{"taxonomy":"post_tag","embeddable":true,"href":"https:\/\/www.europesays.com\/fr\/wp-json\/wp\/v2\/tags?post=345826"}],"curies":[{"name":"wp","href":"https:\/\/api.w.org\/{rel}","templated":true}]}}