{"id":345828,"date":"2025-08-26T18:46:30","date_gmt":"2025-08-26T18:46:30","guid":{"rendered":"https:\/\/www.europesays.com\/fr\/345828\/"},"modified":"2025-08-26T18:46:30","modified_gmt":"2025-08-26T18:46:30","slug":"plus-de-110-concerts-gratuits-sur-leau-pour-les-rendez-vous-de-lerdre-big-city-nantes","status":"publish","type":"post","link":"https:\/\/www.europesays.com\/fr\/345828\/","title":{"rendered":"Plus de 110 concerts gratuits sur l&rsquo;eau pour les Rendez-vous de l&rsquo;Erdre \u2013 Big City Nantes"},"content":{"rendered":"<p><img fetchpriority=\"high\" width=\"527\" height=\"264\" src=\"https:\/\/www.europesays.com\/fr\/wp-content\/uploads\/2025\/08\/Festival-Les-rendez-vous-de-lErdre-2025-a-Nantes-527x264.png\" class=\"attachment-csco-thumbnail-uncropped size-csco-thumbnail-uncropped wp-post-image\" alt=\"Festival Les rendez-vous de l'Erdre 2025 a\u0300 Nantes\" decoding=\"async\"   data-pagespeed-url-hash=\"3826401568\" onload=\"pagespeed.CriticalImages.checkImageForCriticality(this);\"\/>\t<img loading=\"lazy\" width=\"1044\" height=\"522\" src=\"https:\/\/www.europesays.com\/fr\/wp-content\/uploads\/2025\/08\/Festival-Les-rendez-vous-de-lErdre-2025-a-Nantes-1044x522.png\" class=\"attachment-csco-large-uncropped size-csco-large-uncropped wp-post-image\" alt=\"Festival Les rendez-vous de l'Erdre 2025 a\u0300 Nantes\" decoding=\"async\"   data-pagespeed-url-hash=\"2145919188\" onload=\"pagespeed.CriticalImages.checkImageForCriticality(this);\"\/>\t<\/p>\n<p>\nFestival Les rendez-vous de l&rsquo;Erdre 2025 a\u0300 Nantes\t<\/p>\n<p>Finir l\u2019\u00e9t\u00e9 en beaut\u00e9 ? \u00c0 Nantes, \u00e7a rime forc\u00e9ment avec <strong>Les Rendez-vous de l\u2019Erdre ! Du 25 au 31 ao\u00fbt 2025,<\/strong> ce festival unique en France revient pour une 39\u1d49 \u00e9dition o\u00f9 la musique et la belle plaisance se rencontrent au fil de l\u2019eau. Au programme : des voiliers qui d\u00e9filent, des fanfares qui font danser les quais et du jazz qui r\u00e9sonne jusque tard dans la nuit. C\u2019est gratuit, festif et totalement unique : impossible de ne pas y faire un tour. Big City t\u2019en dit plus \u2935\ufe0f<\/p>\n<p>Les Rendez-vous de l\u2019Erdre sont de retour du 25 au 31 ao\u00fbt 2025 \u00e0 Nantes<br \/>\n<img loading=\"lazy\" decoding=\"async\" width=\"680\" height=\"510\" src=\"https:\/\/www.europesays.com\/fr\/wp-content\/uploads\/2025\/08\/Les-rdv-de-lerdre-2025.png\" alt=\"Les rdv de l'erdre 2025\" class=\"wp-image-115474\"   data-pagespeed-url-hash=\"1302341684\" onload=\"pagespeed.CriticalImages.checkImageForCriticality(this);\"\/><\/p>\n<p>Avec plus de <strong>110 concerts gratuits<\/strong>, une <strong>flotte de 160 bateaux<\/strong> et plus de <strong>150 000 personnes attendues<\/strong>, les Rendez-vous de l\u2019Erdre confirment leur statut de <strong>grand rendez-vous de la rentr\u00e9e culturelle<\/strong>. <\/p>\n<p>Du jazz aux musiques du monde, des cr\u00e9ations singuli\u00e8res aux fanfares en folie, le festival transforme les quais de l\u2019Erdre en grand lieu de f\u00eate et de partage.<\/p>\n<p>En plus cette ann\u00e9e, il y a du nouveau. Sur l\u2019\u00cele de Versailles, un <strong>nouveau lieu intimiste<\/strong> accueille des lectures perform\u00e9es, po\u00e9sie sonore et mini-concerts, tandis que le <strong>nouvel espace immersif<\/strong> sign\u00e9 Abstrack propose une exp\u00e9rience sonore enveloppante entre jazz et musiques \u00e9lectroniques. Et pour les amateurs de <strong>fanfares<\/strong>, une apr\u00e8s-midi leur sera consacr\u00e9e au Parc Expo le samedi 30 ao\u00fbt avec bal participatif et passage des bateaux en musique !<\/p>\n<p>Et comme chaque ann\u00e9e, tu peux profiter des concerts sur les quais de l\u2019Erdre et dans les lieux partenaires d\u00e8s 8h et jusqu\u2019au petit matin !<\/p>\n<p>Plus de 160 bateaux pour la grande parade nautique \u00e0 Nantes le 30 ao\u00fbt 2025<br \/>\n<img loading=\"lazy\" decoding=\"async\" width=\"1160\" height=\"580\" src=\"https:\/\/www.europesays.com\/fr\/wp-content\/uploads\/2025\/08\/Les-rendez-vous-de-lerdre-1160x580.jpg\" alt=\"\" class=\"wp-image-104947\" style=\"aspect-ratio:16\/9;object-fit:cover\"   data-pagespeed-url-hash=\"132586625\" onload=\"pagespeed.CriticalImages.checkImageForCriticality(this);\"\/>Les Rendez-vous de l\u2019Erdre<\/p>\n<p>Impossible d\u2019imaginer les Rendez-vous de l\u2019Erdre sans sa dimension nautique. Cette ann\u00e9e, le festival met \u00e0 l\u2019honneur le <strong>canotage<\/strong>, pratique populaire du XIXe si\u00e8cle qui faisait des rivi\u00e8res des lieux de f\u00eate et de loisirs. Plus de <strong>160 bateaux <\/strong>d\u00e9fileront tout au long de la semaine, de <strong>Guenrou\u00ebt \u00e0 Nantes<\/strong>, jusqu\u2019\u00e0 la grande parade finale le <strong>samedi 30 ao\u00fbt \u00e0 18h15 au bassin Ceineray<\/strong>. Un spectacle unique !<\/p>\n","protected":false},"excerpt":{"rendered":"Festival Les rendez-vous de l&rsquo;Erdre 2025 a\u0300 Nantes Finir l\u2019\u00e9t\u00e9 en beaut\u00e9 ? \u00c0 Nantes, \u00e7a rime forc\u00e9ment&hellip;\n","protected":false},"author":2,"featured_media":345829,"comment_status":"","ping_status":"","sticky":false,"template":"","format":"standard","meta":{"footnotes":""},"categories":[2818],"tags":[1111,11,1777,674,1011,27,766,12,2636,25],"class_list":{"0":"post-345828","1":"post","2":"type-post","3":"status-publish","4":"format-standard","5":"has-post-thumbnail","7":"category-nantes","8":"tag-actu","9":"tag-actualites","10":"tag-eu","11":"tag-europe","12":"tag-fr","13":"tag-france","14":"tag-nantes","15":"tag-news","16":"tag-pays-de-la-loire","17":"tag-republique-francaise"},"share_on_mastodon":{"url":"https:\/\/pubeurope.com\/@fr\/115096557198137078","error":""},"_links":{"self":[{"href":"https:\/\/www.europesays.com\/fr\/wp-json\/wp\/v2\/posts\/345828","targetHints":{"allow":["GET"]}}],"collection":[{"href":"https:\/\/www.europesays.com\/fr\/wp-json\/wp\/v2\/posts"}],"about":[{"href":"https:\/\/www.europesays.com\/fr\/wp-json\/wp\/v2\/types\/post"}],"author":[{"embeddable":true,"href":"https:\/\/www.europesays.com\/fr\/wp-json\/wp\/v2\/users\/2"}],"replies":[{"embeddable":true,"href":"https:\/\/www.europesays.com\/fr\/wp-json\/wp\/v2\/comments?post=345828"}],"version-history":[{"count":0,"href":"https:\/\/www.europesays.com\/fr\/wp-json\/wp\/v2\/posts\/345828\/revisions"}],"wp:featuredmedia":[{"embeddable":true,"href":"https:\/\/www.europesays.com\/fr\/wp-json\/wp\/v2\/media\/345829"}],"wp:attachment":[{"href":"https:\/\/www.europesays.com\/fr\/wp-json\/wp\/v2\/media?parent=345828"}],"wp:term":[{"taxonomy":"category","embeddable":true,"href":"https:\/\/www.europesays.com\/fr\/wp-json\/wp\/v2\/categories?post=345828"},{"taxonomy":"post_tag","embeddable":true,"href":"https:\/\/www.europesays.com\/fr\/wp-json\/wp\/v2\/tags?post=345828"}],"curies":[{"name":"wp","href":"https:\/\/api.w.org\/{rel}","templated":true}]}}