{"id":345834,"date":"2025-08-26T18:49:12","date_gmt":"2025-08-26T18:49:12","guid":{"rendered":"https:\/\/www.europesays.com\/fr\/345834\/"},"modified":"2025-08-26T18:49:12","modified_gmt":"2025-08-26T18:49:12","slug":"rassemblement-de-passionnes-dautomobiles-anciennes-a-toulouse-haute-garonne-aussonne","status":"publish","type":"post","link":"https:\/\/www.europesays.com\/fr\/345834\/","title":{"rendered":"Rassemblement de passionn\u00e9s d&rsquo;automobiles anciennes \u00e0 Toulouse &#8211; Haute Garonne &#8211; Aussonne"},"content":{"rendered":"<p><strong>Passionn\u00e9s, collectionneurs, amateurs de m\u00e9caniques d\u2019exception et propri\u00e9taires d\u2019Anciennes se retrouvent au Parc des Expositions de Toulouse, qui avait accueilli 24 000 visiteurs l\u2019ann\u00e9e derni\u00e8re.<\/strong>&#13;<br \/>\n&#13;<br \/>\n1700 v\u00e9hicules de collection et 250 exposants investissent les all\u00e9es et l\u2019esplanade du MEETT pour la huiti\u00e8me \u00e9dition du plus grand \u00e9v\u00e8nement consacr\u00e9 \u00e0 l\u2019automobile de collection dans le Grand Sud. Ventes, \u00e9changes, bourse et d\u00e9monstrations se d\u00e9rouleront dans un environnement propice aux rencontres et aux d\u00e9couvertes. Une grande exposition d\u00e9di\u00e9e aux circuits mythiques d\u2019Occitanie devrait combler les amoureux de sport m\u00e9canique.&#13;<br \/>\n&#13;<br \/>\nPendant les trois jours du Salon, les particuliers pourront acheter et vendre des autos et motos d\u2019avant 1995.600 v\u00e9hicules sont attendus sur l\u2019esplanade ext\u00e9rieure pour la quatri\u00e8me \u00e9dition de l\u2019American Day, samedi 6 et dimanche 7 septembre.&#13;<br \/>\n&#13;<br \/>\nDates et horaires :&#13;<br \/>\nVendredi 5 septembre, 14h \u2013 Nocturne musicale jusqu\u2019\u00e0 21h.&#13;<br \/>\nSamedi 6 septembre, 10h \u2013 19h30.&#13;<br \/>\nDimanche 7 septembre, 10h \u2013 18h30.<\/p>\n<p>                Cet article est r\u00e9serv\u00e9 aux abonn\u00e9s.<\/p>\n<p class=\"signature\" itemscope=\"\" itemprop=\"Author\" itemtype=\"http:\/\/schema.org\/Person\">\n                VLoz\n            <\/p>\n","protected":false},"excerpt":{"rendered":"Passionn\u00e9s, collectionneurs, amateurs de m\u00e9caniques d\u2019exception et propri\u00e9taires d\u2019Anciennes se retrouvent au Parc des Expositions de Toulouse, qui&hellip;\n","protected":false},"author":2,"featured_media":23669,"comment_status":"","ping_status":"","sticky":false,"template":"","format":"standard","meta":{"footnotes":""},"categories":[2816],"tags":[1111,11,1777,674,1011,27,12,2680,301,25,2312],"class_list":{"0":"post-345834","1":"post","2":"type-post","3":"status-publish","4":"format-standard","5":"has-post-thumbnail","7":"category-toulouse","8":"tag-actu","9":"tag-actualites","10":"tag-eu","11":"tag-europe","12":"tag-fr","13":"tag-france","14":"tag-news","15":"tag-occitanie","16":"tag-premium","17":"tag-republique-francaise","18":"tag-toulouse"},"share_on_mastodon":{"url":"https:\/\/pubeurope.com\/@fr\/115096568792272399","error":""},"_links":{"self":[{"href":"https:\/\/www.europesays.com\/fr\/wp-json\/wp\/v2\/posts\/345834","targetHints":{"allow":["GET"]}}],"collection":[{"href":"https:\/\/www.europesays.com\/fr\/wp-json\/wp\/v2\/posts"}],"about":[{"href":"https:\/\/www.europesays.com\/fr\/wp-json\/wp\/v2\/types\/post"}],"author":[{"embeddable":true,"href":"https:\/\/www.europesays.com\/fr\/wp-json\/wp\/v2\/users\/2"}],"replies":[{"embeddable":true,"href":"https:\/\/www.europesays.com\/fr\/wp-json\/wp\/v2\/comments?post=345834"}],"version-history":[{"count":0,"href":"https:\/\/www.europesays.com\/fr\/wp-json\/wp\/v2\/posts\/345834\/revisions"}],"wp:featuredmedia":[{"embeddable":true,"href":"https:\/\/www.europesays.com\/fr\/wp-json\/wp\/v2\/media\/23669"}],"wp:attachment":[{"href":"https:\/\/www.europesays.com\/fr\/wp-json\/wp\/v2\/media?parent=345834"}],"wp:term":[{"taxonomy":"category","embeddable":true,"href":"https:\/\/www.europesays.com\/fr\/wp-json\/wp\/v2\/categories?post=345834"},{"taxonomy":"post_tag","embeddable":true,"href":"https:\/\/www.europesays.com\/fr\/wp-json\/wp\/v2\/tags?post=345834"}],"curies":[{"name":"wp","href":"https:\/\/api.w.org\/{rel}","templated":true}]}}