{"id":345835,"date":"2025-08-26T18:50:12","date_gmt":"2025-08-26T18:50:12","guid":{"rendered":"https:\/\/www.europesays.com\/fr\/345835\/"},"modified":"2025-08-26T18:50:12","modified_gmt":"2025-08-26T18:50:12","slug":"la-mairie-de-toulouse-penalise-les-parents-en-retard-au-clae-une-mesure-fructueuse-et-reconduite","status":"publish","type":"post","link":"https:\/\/www.europesays.com\/fr\/345835\/","title":{"rendered":"La mairie de Toulouse p\u00e9nalise les parents en retard au Cla\u00e9, une mesure fructueuse et reconduite"},"content":{"rendered":"<p>\u00ab\u00a0<strong>Tout retard enregistr\u00e9 le soir pourra donner lieu \u00e0 la facturation d\u2019un forfait de 30 euros correspondant au co\u00fbt salarial des deux animateurs qui se voient contraints de rester<\/strong>\u00ab\u00a0. Voil\u00e0 le mail (surprise !) envoy\u00e9, en juillet 2024, par la municipalit\u00e9 et destin\u00e9 aux parents arrivant d\u00e9sormais et depuis le 2 septembre 2024 en retard au Cla\u00e9 (Centres de Loisirs associ\u00e9s \u00e0 l&rsquo;Ecole).<\/p>\n<p style=\"padding-top: 12px;\">Une <strong>nouvelle p\u00e9nalit\u00e9<\/strong> qui a longtemps divis\u00e9, notamment chez l&rsquo;opposition, et sur laquelle <a href=\"https:\/\/lopinion.com\/articles\/politique\/24781_mairie-toulouse-penalite-parents-clae-explications\" rel=\"noopener noreferrer nofollow\" target=\"_blank\">Jean-Luc Moudenc, le maire actuel de Toulouse, restait ferme<\/a> : \u00ab\u00a0<strong>il faut arr\u00eater cette h\u00e9morragie en mettant davantage d\u2019ordre et de respect [&#8230;] <\/strong>depuis 2019, on a \u00e9t\u00e9 patients, on a pas p\u00e9nalis\u00e9, mais avec cette attitude bienveillante, <strong>le ph\u00e9nom\u00e8ne a augment\u00e9<\/strong>\u00ab\u00a0, indiquait-il apr\u00e8s avoir comptabilis\u00e9 8.000 retards de parents sur l&rsquo;ann\u00e9e 2023-2024.<\/p>\n<p>Une mesure fructueuse<\/p>\n<p>Ce mardi 26 ao\u00fbt 2025,<strong> \u00e0 l&rsquo;occasion de la conf\u00e9rence de rentr\u00e9e 2025-2026<\/strong> organis\u00e9e dans une \u00e9cole aux portes de <a href=\"https:\/\/lopinion.com\/\" rel=\"noopener noreferrer nofollow\" target=\"_blank\">Toulouse<\/a>, l&rsquo;\u00e9dile est revenu sur cette nouvelle r\u00e8gle ; et sans grande surprise, \u00ab\u00a0<strong>le succ\u00e8s a \u00e9t\u00e9 imm\u00e9diat<\/strong>\u00ab\u00a0.<\/p>\n<p>En effet, selon ce dernier, \u00ab\u00a0le nombre de retards a \u00e9t\u00e9 divis\u00e9 par deux, par trois voire quatre d\u00e8s les premiers mois. Une cinquantaine de p\u00e9nalit\u00e9s a ainsi \u00e9t\u00e9 inflig\u00e9e l\u2019ann\u00e9e derni\u00e8re, contre pas moins de 150 retards en 2023\u00a0\u00bb.<\/p>\n<blockquote><p>C\u2019est exactement ce que l\u2019on souhaitait. On ne voulait pas p\u00e9naliser ou faire du profit [comme cela a \u00e9t\u00e9 \u00e9voqu\u00e9], mais bien rectifier les comportements de certains pour ne pas impacter les agents, qui ont aussi une vie priv\u00e9e\u00a0\u00bb.<\/p><\/blockquote>\n<p>Les p\u00e9nalit\u00e9s pour cause de retards au Cla\u00e9 ont \u00ab\u00a0<strong>port\u00e9 ses fruits, et la mesure sera donc r\u00e9it\u00e9r\u00e9e, il n&rsquo;y aura pas de retour en arri\u00e8re<\/strong>\u00ab\u00a0, a assur\u00e9 Marion Lalane de Laubad\u00e8re, 1\u00e8re adjointe au maire de Toulouse en charge de l&rsquo;\u00e9ducation.\u00a0<\/p>\n<p>&gt;&gt; \u00c0 LIRE AUSSI : <a href=\"https:\/\/lopinion.com\/articles\/politique\/27123_toulouse-penalite-retards-clae-parents\" rel=\"noopener noreferrer nofollow\" target=\"_blank\">Toulouse : face au risque d&rsquo;une p\u00e9nalit\u00e9 de 30 euros, les retards des parents au CLAE diminuent fortement<\/a><\/p>\n","protected":false},"excerpt":{"rendered":"\u00ab\u00a0Tout retard enregistr\u00e9 le soir pourra donner lieu \u00e0 la facturation d\u2019un forfait de 30 euros correspondant au&hellip;\n","protected":false},"author":2,"featured_media":345836,"comment_status":"","ping_status":"","sticky":false,"template":"","format":"standard","meta":{"footnotes":""},"categories":[2816],"tags":[1111,11,1777,674,1011,27,12,2680,25,2312],"class_list":{"0":"post-345835","1":"post","2":"type-post","3":"status-publish","4":"format-standard","5":"has-post-thumbnail","7":"category-toulouse","8":"tag-actu","9":"tag-actualites","10":"tag-eu","11":"tag-europe","12":"tag-fr","13":"tag-france","14":"tag-news","15":"tag-occitanie","16":"tag-republique-francaise","17":"tag-toulouse"},"share_on_mastodon":{"url":"https:\/\/pubeurope.com\/@fr\/115096572735958101","error":""},"_links":{"self":[{"href":"https:\/\/www.europesays.com\/fr\/wp-json\/wp\/v2\/posts\/345835","targetHints":{"allow":["GET"]}}],"collection":[{"href":"https:\/\/www.europesays.com\/fr\/wp-json\/wp\/v2\/posts"}],"about":[{"href":"https:\/\/www.europesays.com\/fr\/wp-json\/wp\/v2\/types\/post"}],"author":[{"embeddable":true,"href":"https:\/\/www.europesays.com\/fr\/wp-json\/wp\/v2\/users\/2"}],"replies":[{"embeddable":true,"href":"https:\/\/www.europesays.com\/fr\/wp-json\/wp\/v2\/comments?post=345835"}],"version-history":[{"count":0,"href":"https:\/\/www.europesays.com\/fr\/wp-json\/wp\/v2\/posts\/345835\/revisions"}],"wp:featuredmedia":[{"embeddable":true,"href":"https:\/\/www.europesays.com\/fr\/wp-json\/wp\/v2\/media\/345836"}],"wp:attachment":[{"href":"https:\/\/www.europesays.com\/fr\/wp-json\/wp\/v2\/media?parent=345835"}],"wp:term":[{"taxonomy":"category","embeddable":true,"href":"https:\/\/www.europesays.com\/fr\/wp-json\/wp\/v2\/categories?post=345835"},{"taxonomy":"post_tag","embeddable":true,"href":"https:\/\/www.europesays.com\/fr\/wp-json\/wp\/v2\/tags?post=345835"}],"curies":[{"name":"wp","href":"https:\/\/api.w.org\/{rel}","templated":true}]}}