{"id":345841,"date":"2025-08-26T18:53:10","date_gmt":"2025-08-26T18:53:10","guid":{"rendered":"https:\/\/www.europesays.com\/fr\/345841\/"},"modified":"2025-08-26T18:53:10","modified_gmt":"2025-08-26T18:53:10","slug":"dans-les-coulisses-de-ledition-2025-qui-va-enflammer-marseille","status":"publish","type":"post","link":"https:\/\/www.europesays.com\/fr\/345841\/","title":{"rendered":"dans les coulisses de l&rsquo;\u00e9dition 2025 qui va enflammer Marseille"},"content":{"rendered":"<p>Sur les plages du Prado, \u00e0 <a href=\"https:\/\/www.laprovence.com\/bouches-du-rhone\/marseille-13055\" target=\"_blank\" rel=\"nofollow noopener\">Marseille<\/a> (8e), le bruit des perceuses et des chariots couvre le doux clapotis des vagues. Depuis lundi dernier, techniciens, r\u00e9gisseurs et b\u00e9n\u00e9voles se relaient pour monter la 11e \u00e9dition du <a href=\"https:\/\/www.laprovence.com\/article\/culture-loisirs\/17495370002123\/matthieu-predal-cofondateur-du-delta-festival-l-ambition-est-de-reinstaurer-un-dialogue-entre-la-jeunesse-et-la-societe-civile\" target=\"_blank\" rel=\"nofollow noopener\">Delta Festival<\/a>. Sur le sable, grues et monte-charges s\u2019entassent.<\/p>\n<p>Les diff\u00e9rents espaces commencent \u00e0 prendre forme\u00a0: mini-f\u00eate foraine, sc\u00e8ne secr\u00e8te\u2026 \u00ab\u00a0On est dans les finitions. Construire un festival, c\u2019est beaucoup de travail. C\u2019est comme monter une ville\u00a0!\u00a0\u00bb, lance fi\u00e8rement, casquette floqu\u00e9e du Delta sur la t\u00eate, C\u00e9sar Cornil, directeur de la communication. Plus de 3\u00a0000 b\u00e9n\u00e9voles sur le site, 400 personnes embauch\u00e9es pour le montage et 1\u00a0500\u00a0prestataires se relaient tous les jours de 5\u00a0h \u00e0 19\u00a0h pour peaufiner les cinq plateaux de l\u2019\u00e9v\u00e9nement depuis une semaine.<\/p>\n<p>F\u00eate foraine, activit\u00e9s nautiques, nouvelles sc\u00e8nes\u2026<\/p>\n<p>Et cette ann\u00e9e, de nouvelles attractions sont au programme comme les autos tamponneuses, un man\u00e8ge \u00e0 looping ou la boule, une sorte de catapulte g\u00e9ante. Sur la plage, des bou\u00e9es et activit\u00e9s nautiques (paddle et kayak en t\u00eate) sont aussi propos\u00e9es. Le Delta \u00e9tend ses quartiers sur le terrain de la <a href=\"http:\/\/laprovence.com\/article\/sortie-loisirs\/47912343106684\/la-cabane-des-amis-lance-sa-saison-estivale-a-marseille\" target=\"_blank\" rel=\"nofollow noopener\">Cabane des Amis<\/a>, qui borde l\u2019Huveaune, avec une nouvelle &#8230;<\/p>\n","protected":false},"excerpt":{"rendered":"Sur les plages du Prado, \u00e0 Marseille (8e), le bruit des perceuses et des chariots couvre le doux&hellip;\n","protected":false},"author":2,"featured_media":345842,"comment_status":"","ping_status":"","sticky":false,"template":"","format":"standard","meta":{"footnotes":""},"categories":[2814],"tags":[17,1111,11,1102,2511,1993,25891,1777,674,849,1011,27,884,11263,12,882,16,25,96,4824],"class_list":{"0":"post-345841","1":"post","2":"type-post","3":"status-publish","4":"format-standard","5":"has-post-thumbnail","7":"category-marseille","8":"tag-17","9":"tag-actu","10":"tag-actualites","11":"tag-breakingnews","12":"tag-cest","13":"tag-comme","14":"tag-delta","15":"tag-eu","16":"tag-europe","17":"tag-festival","18":"tag-fr","19":"tag-france","20":"tag-marseille","21":"tag-monter","22":"tag-news","23":"tag-provence-alpes-cote-dazur","24":"tag-region","25":"tag-republique-francaise","26":"tag-une","27":"tag-ville"},"share_on_mastodon":{"url":"https:\/\/pubeurope.com\/@fr\/115096584449158221","error":""},"_links":{"self":[{"href":"https:\/\/www.europesays.com\/fr\/wp-json\/wp\/v2\/posts\/345841","targetHints":{"allow":["GET"]}}],"collection":[{"href":"https:\/\/www.europesays.com\/fr\/wp-json\/wp\/v2\/posts"}],"about":[{"href":"https:\/\/www.europesays.com\/fr\/wp-json\/wp\/v2\/types\/post"}],"author":[{"embeddable":true,"href":"https:\/\/www.europesays.com\/fr\/wp-json\/wp\/v2\/users\/2"}],"replies":[{"embeddable":true,"href":"https:\/\/www.europesays.com\/fr\/wp-json\/wp\/v2\/comments?post=345841"}],"version-history":[{"count":0,"href":"https:\/\/www.europesays.com\/fr\/wp-json\/wp\/v2\/posts\/345841\/revisions"}],"wp:featuredmedia":[{"embeddable":true,"href":"https:\/\/www.europesays.com\/fr\/wp-json\/wp\/v2\/media\/345842"}],"wp:attachment":[{"href":"https:\/\/www.europesays.com\/fr\/wp-json\/wp\/v2\/media?parent=345841"}],"wp:term":[{"taxonomy":"category","embeddable":true,"href":"https:\/\/www.europesays.com\/fr\/wp-json\/wp\/v2\/categories?post=345841"},{"taxonomy":"post_tag","embeddable":true,"href":"https:\/\/www.europesays.com\/fr\/wp-json\/wp\/v2\/tags?post=345841"}],"curies":[{"name":"wp","href":"https:\/\/api.w.org\/{rel}","templated":true}]}}