{"id":345843,"date":"2025-08-26T18:54:17","date_gmt":"2025-08-26T18:54:17","guid":{"rendered":"https:\/\/www.europesays.com\/fr\/345843\/"},"modified":"2025-08-26T18:54:17","modified_gmt":"2025-08-26T18:54:17","slug":"virage-marseille-du-mardi-26-aout-adrien-rabiot-24-heures-pour-trancher","status":"publish","type":"post","link":"https:\/\/www.europesays.com\/fr\/345843\/","title":{"rendered":"Virage Marseille du mardi 26 ao\u00fbt \u2013 Adrien Rabiot, 24 heures pour trancher ?"},"content":{"rendered":"<p>Chaque lundi, retrouvez Virage Marseille, votre \u00e9mission d\u00e9di\u00e9e \u00e0 l&rsquo;actualit\u00e9 de l&rsquo;OM, en partenariat avec Le Phoc\u00e9en.<\/p>\n<p>Chaque lundi, retrouvez Virage Marseille, votre \u00e9mission d\u00e9di\u00e9e \u00e0 l&rsquo;actualit\u00e9 de l&rsquo;OM, en partenariat avec Le Phoc\u00e9en.<\/p>\n<p>Chaque lundi, retrouvez Virage Marseille, votre \u00e9mission d\u00e9di\u00e9e \u00e0 l&rsquo;actualit\u00e9 de l&rsquo;OM, en partenariat avec Le Phoc\u00e9en.<\/p>\n<p>Chaque lundi, retrouvez Virage Marseille, votre \u00e9mission d\u00e9di\u00e9e \u00e0 l&rsquo;actualit\u00e9 de l&rsquo;OM, en partenariat avec Le Phoc\u00e9en.<\/p>\n<p>Chaque lundi, retrouvez Virage Marseille, votre \u00e9mission d\u00e9di\u00e9e \u00e0 l&rsquo;actualit\u00e9 de l&rsquo;OM, en partenariat avec Le Phoc\u00e9en.<\/p>\n<p>Chaque lundi, retrouvez Virage Marseille, votre \u00e9mission d\u00e9di\u00e9e \u00e0 l&rsquo;actualit\u00e9 de l&rsquo;OM, en partenariat avec Le Phoc\u00e9en.<\/p>\n<p>Chaque lundi, retrouvez Virage Marseille, votre \u00e9mission d\u00e9di\u00e9e \u00e0 l&rsquo;actualit\u00e9 de l&rsquo;OM, en partenariat avec Le Phoc\u00e9en.<\/p>\n<p>Chaque lundi, retrouvez Virage Marseille, votre \u00e9mission d\u00e9di\u00e9e \u00e0 l&rsquo;actualit\u00e9 de l&rsquo;OM, en partenariat avec Le Phoc\u00e9en.<\/p>\n<p>Chaque lundi, retrouvez Virage Marseille, votre \u00e9mission d\u00e9di\u00e9e \u00e0 l&rsquo;actualit\u00e9 de l&rsquo;OM, en partenariat avec Le Phoc\u00e9en.<\/p>\n<p>Chaque lundi, retrouvez Virage Marseille, votre \u00e9mission d\u00e9di\u00e9e \u00e0 l&rsquo;actualit\u00e9 de l&rsquo;OM, en partenariat avec Le Phoc\u00e9en.<\/p>\n<p>Chaque lundi, retrouvez Virage Marseille, votre \u00e9mission d\u00e9di\u00e9e \u00e0 l&rsquo;actualit\u00e9 de l&rsquo;OM, en partenariat avec Le Phoc\u00e9en.<\/p>\n<p>Chaque lundi, retrouvez Virage Marseille, votre \u00e9mission d\u00e9di\u00e9e \u00e0 l&rsquo;actualit\u00e9 de l&rsquo;OM, en partenariat avec Le Phoc\u00e9en.<\/p>\n<p>Retrouvez Virage Marseille, votre \u00e9mission d\u00e9di\u00e9e \u00e0 l&rsquo;actualit\u00e9 de l&rsquo;OM, en partenariat avec Le Phoc\u00e9en.<\/p>\n<p>Chaque lundi, retrouvez Virage Marseille, votre \u00e9mission d\u00e9di\u00e9e \u00e0 l&rsquo;actualit\u00e9 de l&rsquo;OM, en partenariat avec Le Phoc\u00e9en.<\/p>\n<p>Chaque lundi, retrouvez Virage Marseille, votre \u00e9mission d\u00e9di\u00e9e \u00e0 l&rsquo;actualit\u00e9 de l&rsquo;OM, en partenariat avec Le Phoc\u00e9en.<\/p>\n<p>Chaque lundi, retrouvez Virage Marseille, votre \u00e9mission d\u00e9di\u00e9e \u00e0 l&rsquo;actualit\u00e9 de l&rsquo;OM, en partenariat avec Le Phoc\u00e9en.<\/p>\n<p>Chaque lundi, retrouvez Virage Marseille, votre \u00e9mission d\u00e9di\u00e9e \u00e0 l&rsquo;actualit\u00e9 de l&rsquo;OM, en partenariat avec Le Phoc\u00e9en.<\/p>\n<p>Chaque lundi, retrouvez Virage Marseille, votre \u00e9mission d\u00e9di\u00e9e \u00e0 l&rsquo;actualit\u00e9 de l&rsquo;OM, en partenariat avec Le Phoc\u00e9en.<\/p>\n<p>Chaque lundi, retrouvez Virage Marseille, votre \u00e9mission d\u00e9di\u00e9e \u00e0 l&rsquo;actualit\u00e9 de l&rsquo;OM, en partenariat avec Le Phoc\u00e9en.<\/p>\n<p>Chaque lundi, retrouvez Virage Marseille, votre \u00e9mission d\u00e9di\u00e9e \u00e0 l&rsquo;actualit\u00e9 de l&rsquo;OM, en partenariat avec Le Phoc\u00e9en.<\/p>\n<p>Chaque lundi, retrouvez Virage Marseille, votre \u00e9mission d\u00e9di\u00e9e \u00e0 l&rsquo;actualit\u00e9 de l&rsquo;OM, en partenariat avec Le Phoc\u00e9en.<\/p>\n<p>Chaque lundi, retrouvez Virage Marseille, votre \u00e9mission d\u00e9di\u00e9e \u00e0 l&rsquo;actualit\u00e9 de l&rsquo;OM, en partenariat avec Le Phoc\u00e9en.<\/p>\n<p>Chaque lundi, retrouvez Virage Marseille, votre \u00e9mission d\u00e9di\u00e9e \u00e0 l&rsquo;actualit\u00e9 de l&rsquo;OM, en partenariat avec Le Phoc\u00e9en.<\/p>\n<p>Chaque lundi, retrouvez Virage Marseille, votre \u00e9mission d\u00e9di\u00e9e \u00e0 l&rsquo;actualit\u00e9 de l&rsquo;OM, en partenariat avec Le Phoc\u00e9en.<\/p>\n<p>Chaque lundi, retrouvez Virage Marseille, votre \u00e9mission d\u00e9di\u00e9e \u00e0 l&rsquo;actualit\u00e9 de l&rsquo;OM, en partenariat avec Le Phoc\u00e9en.<\/p>\n<p>Chaque lundi, retrouvez Virage Marseille, votre \u00e9mission d\u00e9di\u00e9e \u00e0 l&rsquo;actualit\u00e9 de l&rsquo;OM, en partenariat avec Le Phoc\u00e9en.<\/p>\n<p>Chaque lundi, retrouvez Virage Marseille, votre \u00e9mission d\u00e9di\u00e9e \u00e0 l&rsquo;actualit\u00e9 de l&rsquo;OM, en partenariat avec Le Phoc\u00e9en.<\/p>\n<p>Chaque lundi, retrouvez Virage Marseille, votre \u00e9mission d\u00e9di\u00e9e \u00e0 l&rsquo;actualit\u00e9 de l&rsquo;OM, en partenariat avec Le Phoc\u00e9en.<\/p>\n<p>Chaque lundi, retrouvez Virage Marseille, votre \u00e9mission d\u00e9di\u00e9e \u00e0 l&rsquo;actualit\u00e9 de l&rsquo;OM, en partenariat avec Le Phoc\u00e9en.<\/p>\n","protected":false},"excerpt":{"rendered":"Chaque lundi, retrouvez Virage Marseille, votre \u00e9mission d\u00e9di\u00e9e \u00e0 l&rsquo;actualit\u00e9 de l&rsquo;OM, en partenariat avec Le Phoc\u00e9en. Chaque&hellip;\n","protected":false},"author":2,"featured_media":27685,"comment_status":"","ping_status":"","sticky":false,"template":"","format":"standard","meta":{"footnotes":""},"categories":[2814],"tags":[1111,11,1777,674,1011,27,884,12,882,25],"class_list":{"0":"post-345843","1":"post","2":"type-post","3":"status-publish","4":"format-standard","5":"has-post-thumbnail","7":"category-marseille","8":"tag-actu","9":"tag-actualites","10":"tag-eu","11":"tag-europe","12":"tag-fr","13":"tag-france","14":"tag-marseille","15":"tag-news","16":"tag-provence-alpes-cote-dazur","17":"tag-republique-francaise"},"share_on_mastodon":{"url":"https:\/\/pubeurope.com\/@fr\/115096588362775093","error":""},"_links":{"self":[{"href":"https:\/\/www.europesays.com\/fr\/wp-json\/wp\/v2\/posts\/345843","targetHints":{"allow":["GET"]}}],"collection":[{"href":"https:\/\/www.europesays.com\/fr\/wp-json\/wp\/v2\/posts"}],"about":[{"href":"https:\/\/www.europesays.com\/fr\/wp-json\/wp\/v2\/types\/post"}],"author":[{"embeddable":true,"href":"https:\/\/www.europesays.com\/fr\/wp-json\/wp\/v2\/users\/2"}],"replies":[{"embeddable":true,"href":"https:\/\/www.europesays.com\/fr\/wp-json\/wp\/v2\/comments?post=345843"}],"version-history":[{"count":0,"href":"https:\/\/www.europesays.com\/fr\/wp-json\/wp\/v2\/posts\/345843\/revisions"}],"wp:featuredmedia":[{"embeddable":true,"href":"https:\/\/www.europesays.com\/fr\/wp-json\/wp\/v2\/media\/27685"}],"wp:attachment":[{"href":"https:\/\/www.europesays.com\/fr\/wp-json\/wp\/v2\/media?parent=345843"}],"wp:term":[{"taxonomy":"category","embeddable":true,"href":"https:\/\/www.europesays.com\/fr\/wp-json\/wp\/v2\/categories?post=345843"},{"taxonomy":"post_tag","embeddable":true,"href":"https:\/\/www.europesays.com\/fr\/wp-json\/wp\/v2\/tags?post=345843"}],"curies":[{"name":"wp","href":"https:\/\/api.w.org\/{rel}","templated":true}]}}