{"id":345844,"date":"2025-08-26T18:55:19","date_gmt":"2025-08-26T18:55:19","guid":{"rendered":"https:\/\/www.europesays.com\/fr\/345844\/"},"modified":"2025-08-26T18:55:19","modified_gmt":"2025-08-26T18:55:19","slug":"appeles-pour-un-cambriolage-les-policiers-font-une-decouverte-inattendue-dans-le-lit-de-la-victime","status":"publish","type":"post","link":"https:\/\/www.europesays.com\/fr\/345844\/","title":{"rendered":"appel\u00e9s pour un cambriolage, les policiers font une d\u00e9couverte inattendue dans le lit de la victime"},"content":{"rendered":"<p itemprop=\"description\"><strong>Les policiers appel\u00e9s dans la nuit du 22 au 23 ao\u00fbt pour un cambriolage dans une maison du 7e arrondissement de Lyon ont eu une surprise inattendue.<\/strong><\/p>\n<p>\u00c0 l\u2019int\u00e9rieur de l\u2019habitation fouill\u00e9e de fond en comble, ils d\u00e9couvrent un homme endormi dans le lit du propri\u00e9taire, v\u00eatu de ses affaires.<\/p>\n<p>Plusieurs objets avaient disparu : un v\u00e9lo, un ordinateur et du mat\u00e9riel photo. Les cambrioleurs, entr\u00e9s par une fen\u00eatre apr\u00e8s avoir escalad\u00e9 une cl\u00f4ture, n\u2019ont pas \u00e9t\u00e9 identifi\u00e9s. Mais l\u2019homme retrouv\u00e9 sur place, un Tunisien de 24 ans, a \u00e9t\u00e9 interpell\u00e9 et jug\u00e9 en comparution imm\u00e9diate.<\/p>\n<p>Le pr\u00e9venu a affirm\u00e9 qu\u2019il n\u2019avait rien vol\u00e9 et que d\u2019autres l\u2019avaient invit\u00e9 \u00e0 dormir dans la maison, pr\u00e9cise le progr\u00e8s. Or ce dernier\u00a0s\u2019\u00e9tait d\u00e9j\u00e0 introduit dans la m\u00eame maison trois jours plus t\u00f4t, avant d\u2019\u00eatre interpell\u00e9 avec deux complices. L\u2019affaire avait alors \u00e9t\u00e9 class\u00e9e.<\/p>\n<p>D\u00e9sormais sans emploi en France, o\u00f9 il \u00e9tait venu initialement pour travailler comme saisonnier, le jeune homme dit subsister gr\u00e2ce \u00e0 l\u2019aide financi\u00e8re de sa famille rest\u00e9e en Tunisie. Le tribunal l\u2019a condamn\u00e9 \u00e0\u00a0huit mois de prison avec sursis\u00a0assortis d\u2019une\u00a0interdiction du territoire fran\u00e7ais pendant deux ans.<\/p>\n","protected":false},"excerpt":{"rendered":"Les policiers appel\u00e9s dans la nuit du 22 au 23 ao\u00fbt pour un cambriolage dans une maison du&hellip;\n","protected":false},"author":2,"featured_media":345845,"comment_status":"","ping_status":"","sticky":false,"template":"","format":"standard","meta":{"footnotes":""},"categories":[1889],"tags":[1111,11,2813,2190,2430,1109,251,1112,2811,1777,674,118,1011,27,1922,1110,1114,2428,2810,12,241,316,25,2812,517,800],"class_list":{"0":"post-345844","1":"post","2":"type-post","3":"status-publish","4":"format-standard","5":"has-post-thumbnail","7":"category-lyon","8":"tag-actu","9":"tag-actualites","10":"tag-article","11":"tag-asvel","12":"tag-auvergne-rhone-alpes","13":"tag-breves","14":"tag-culture","15":"tag-depeches","16":"tag-economique","17":"tag-eu","18":"tag-europe","19":"tag-faits-divers","20":"tag-fr","21":"tag-france","22":"tag-info","23":"tag-informations","24":"tag-infos","25":"tag-lyon","26":"tag-lyonmag","27":"tag-news","28":"tag-ol","29":"tag-politique","30":"tag-republique-francaise","31":"tag-sociale","32":"tag-sport","33":"tag-transports"},"share_on_mastodon":{"url":"https:\/\/pubeurope.com\/@fr\/115096592334471044","error":""},"_links":{"self":[{"href":"https:\/\/www.europesays.com\/fr\/wp-json\/wp\/v2\/posts\/345844","targetHints":{"allow":["GET"]}}],"collection":[{"href":"https:\/\/www.europesays.com\/fr\/wp-json\/wp\/v2\/posts"}],"about":[{"href":"https:\/\/www.europesays.com\/fr\/wp-json\/wp\/v2\/types\/post"}],"author":[{"embeddable":true,"href":"https:\/\/www.europesays.com\/fr\/wp-json\/wp\/v2\/users\/2"}],"replies":[{"embeddable":true,"href":"https:\/\/www.europesays.com\/fr\/wp-json\/wp\/v2\/comments?post=345844"}],"version-history":[{"count":0,"href":"https:\/\/www.europesays.com\/fr\/wp-json\/wp\/v2\/posts\/345844\/revisions"}],"wp:featuredmedia":[{"embeddable":true,"href":"https:\/\/www.europesays.com\/fr\/wp-json\/wp\/v2\/media\/345845"}],"wp:attachment":[{"href":"https:\/\/www.europesays.com\/fr\/wp-json\/wp\/v2\/media?parent=345844"}],"wp:term":[{"taxonomy":"category","embeddable":true,"href":"https:\/\/www.europesays.com\/fr\/wp-json\/wp\/v2\/categories?post=345844"},{"taxonomy":"post_tag","embeddable":true,"href":"https:\/\/www.europesays.com\/fr\/wp-json\/wp\/v2\/tags?post=345844"}],"curies":[{"name":"wp","href":"https:\/\/api.w.org\/{rel}","templated":true}]}}