{"id":345846,"date":"2025-08-26T18:56:13","date_gmt":"2025-08-26T18:56:13","guid":{"rendered":"https:\/\/www.europesays.com\/fr\/345846\/"},"modified":"2025-08-26T18:56:13","modified_gmt":"2025-08-26T18:56:13","slug":"top-14-je-veux-devenir-le-gabin-lorre-de-lyon-pas-le-remplacant-de-ou-le-successeur-de-recrue-du-lou-larriere-se-livre","status":"publish","type":"post","link":"https:\/\/www.europesays.com\/fr\/345846\/","title":{"rendered":"Top 14 \u2013 \u00ab\u00a0Je veux devenir le Gabin Lorre de Lyon, pas le rempla\u00e7ant de ou le successeur de\u00a0\u00bb\u00a0: recrue du Lou, l\u2019arri\u00e8re se livre"},"content":{"rendered":"<p>\n                Apr\u00e8s deux saisons prolifiques dans son club formateur de B\u00e9ziers (30 essais en 52 matchs), Gabin Lorre s\u2019appr\u00eate \u00e0 d\u00e9couvrir le Top 14 avec le Lou. \u00c0 Lyon, il est vu par beaucoup comme le successeur de David Niniashvili. Mais l\u2019arri\u00e8re souhaite \u00e9crire sa propre histoire avec son nouveau club\u00a0!\n            <\/p>\n<p><strong>Comment se passent vos premiers pas dans cette ville de Lyon\u00a0?<\/strong><\/p>\n<p>Tr\u00e8s bien\u00a0! Je ne\u00a0connaissais pas du tout cette ville, et m\u00eame cette r\u00e9gion, \u00e0 part Valence, Grenoble et les Alpes o\u00f9 j\u2019allais skier avec mes parents. Je suis agr\u00e9ablement surpris\u00a0par cette ville, les gens sont tr\u00e8s gentils. Mais, pour l\u2019instant, il n\u2019y a pas trop de monde. Si j\u2019ai bien compris, il y a beaucoup plus de monde en p\u00e9riode scolaire ici que pendant l\u2019\u00e9t\u00e9. Je vais au stade \u00e0 v\u00e9lo, j\u2019ai entre dix et quinze minutes depuis chez moi. Nous sommes plusieurs \u00e0 habiter \u00e0 c\u00f4t\u00e9, avec Alfred Parisien, Th\u00e9o William, F\u00e9lix Lambey\u2026 On se croise dans les rues \u00e0 v\u00e9lo ou \u00e0 trottinette en allant \u00e0 l\u2019entra\u00eenement. Des fois, quand j\u2019ai un peu le temps, je passe par les quais.\u00a0J\u2019\u00e9vite de prendre la voiture parce que c\u2019est plus agr\u00e9able pour l\u2019instant \u00e0 v\u00e9lo, mais je pense que je ne dirai pas la m\u00eame chose d\u2019ici deux, trois mois avec la m\u00e9t\u00e9o\u2026 (sourire)<\/p>\n<p><strong>Avez-vous d\u00e9j\u00e0 mang\u00e9 dans un bouchon\u00a0?<\/strong><\/p>\n<p>J\u2019en ai fait un. Mais j\u2019attends le passage de mes parents car ma m\u00e8re veut vraiment y aller\u00a0! Je dois quand m\u00eame en tester un peu pour lui trouver le meilleur. Sinon, j\u2019ai fait pas mal de restaurants aux alentours de chez moi et je pense qu\u2019on ne se trompe pas quand on dit que c\u2019est la ville de la gastronomie\u00a0!<\/p>\n<p class=\"std-elt__inline\">\n        <strong>\u00c0 lire aussi :<\/strong><br \/>\n        <a href=\"https:\/\/www.rugbyrama.fr\/2025\/07\/28\/top-14-jai-tout-de-suite-senti-un-groupe-revanchard-et-determine-avoue-thomas-moukoro-nouveau-pilier-de-lyon-12847504.php\" rel=\"nofollow noopener\" target=\"_blank\">Top 14 \u2013 \u00ab\u00a0J\u2019ai tout de suite senti un groupe revanchard et d\u00e9termin\u00e9\u00a0\u00bb, avoue Thomas Moukoro, nouveau pilier de Lyon<\/a>\n    <\/p>\n<p><strong>Du neuf au quinze, beaucoup de vos co\u00e9quipiers ont une certaine app\u00e9tence pour les relances ballon en main. Cela semble coller avec votre profil. Comment vous \u00eates-vous adapt\u00e9 \u00e0 ce collectif\u00a0?<\/strong><\/p>\n<p>Les automatismes sont en train de se cr\u00e9er car, sur les premi\u00e8res semaines, nous n\u2019avons pas trop touch\u00e9 le ballon. Nous l\u2019avons davantage fait lors de notre semaine de stage (du 17 au 22\u00a0ao\u00fbt) et c\u2019\u00e9tait plaisant, m\u00eame \u00e0 subir car, d\u00e8s qu\u2019il y a une erreur, \u00e7a va tr\u00e8s vite en d\u00e9fense ou en attaque. C\u2019est facile, pour moi, de jouer avec des mecs comme Vincent Rattez ou Ethan Dumortier sur les ailes. Les internationaux commencent petit \u00e0 petit \u00e0 s\u2019entra\u00eener avec nous, Baptiste Couilloud va revenir dans deux, trois semaines. Jouer \u00e0 c\u00f4t\u00e9 de ces grands noms, tu as l\u2019impression que c\u2019est facile parce que tu leur donnes le ballon et apr\u00e8s ils font le reste\u00a0! Je pense aussi que le plus de choses que <strong><a href=\"https:\/\/www.rugbyrama.fr\/equipe\/lyon-lou\/\" target=\"_self\" rel=\"nofollow noopener\">j\u2019ai apprises \u00e0 Lyon<\/a><\/strong>, c\u2019est apr\u00e8s avoir pos\u00e9 des questions aux mecs sur les positionnements et les automatismes \u00e0 avoir \u00e0 quels moments. J\u2019ai pas mal pu \u00e9changer avec deux, trois joueurs, surtout Martin M\u00e9liande, qui m\u2019a fortement conseill\u00e9 sur le club et sur la ville au tout d\u00e9but de mon int\u00e9gration. Franchement, tous les mecs sont tops\u00a0! \u00c7a fait un peu phrase bateau, mais j\u2019ai l\u2019impression que \u00e7a fait d\u00e9j\u00e0 plusieurs\u00a0mois que je suis l\u00e0\u00a0!<\/p>\n<p><strong>Vous \u00eates capable de jouer \u00e0 l\u2019arri\u00e8re mais, \u00e0 B\u00e9ziers, vous avez aussi jou\u00e9 plusieurs fois sur l\u2019aile. Allez-vous \u00eatre fix\u00e9 \u00e0 un poste ou le staff compte sur votre polyvalence\u00a0?<\/strong><\/p>\n<p>J\u2019ai sign\u00e9 en tant qu\u2019arri\u00e8re\u00a0polyvalent sur l\u2019aile. Mon poste principal\u00a0c\u2019est l\u2019arri\u00e8re, c\u2019est aussi\u00a0l\u00e0 o\u00f9 je me r\u00e9gale le plus. <strong><a href=\"https:\/\/www.rugbyrama.fr\/equipe\/beziers\/\" target=\"_self\" rel=\"nofollow noopener\">Avec l\u2019ASBH<\/a><\/strong>, j\u2019ai pu d\u00e9panner comme ailier en cours de match. J\u2019y ai aussi d\u00e9marr\u00e9, mais c\u2019\u00e9tait davantage au d\u00e9but de ma carri\u00e8re. \u00c0 Lyon, il y a une forte concurrence sur les ailes, avec que des internationaux\u00a0! Il y a Ethan Dumortier, Vincent Rattez, Monty Ioane, Jiuta Wainiqolo. Arthur Mathiron et Alfred Parisien peuvent aussi y jouer et des jeunes poussent derri\u00e8re\u00a0! Je souhaite \u00e9voluer \u00e0 l\u2019arri\u00e8re, mais si je joue sur l\u2019aile, cela sera avec grand plaisir, tant que j\u2019engrange des minutes de jeu avec le Lou\u2026<\/p>\n<p><strong>Sous le maillot biterrois, vous vous d\u00e9marquiez en Pro D2 gr\u00e2ce \u00e0 votre audace ballon en main mais aussi en d\u00e9fense, \u00e0 l\u2019image de vos interceptions r\u00e9alis\u00e9es tel un gardien de handball. En arrivant dans un club de l\u2019\u00e9lite et entour\u00e9e des prestigieux noms que vous venez de citer, vous \u00eates-vous brid\u00e9 dans votre jeu\u00a0?<\/strong><\/p>\n<p>\u00c0 B\u00e9ziers, c\u2019est vrai que j\u2019avais beaucoup de libert\u00e9 dans mon jeu et\u00a0mes prises d\u2019initiatives. Je sais que \u00e7a marche et des fois non. C\u2019est mon jeu. C\u2019est vrai qu\u2019il y a cette chance, cette part de r\u00e9ussite. Si jamais le rebond est de ton c\u00f4t\u00e9, tu te fais acclamer par le stade\u00a0; s\u2019il est l\u2019autre et que\u00a0l\u2019adversaire marque, tu te fais huer. Mais pour l\u2019instant, je n\u2019ai pas \u00e9t\u00e9 brid\u00e9 dans mon jeu. Je suis content l\u00e0-dessus, dans le sens o\u00f9 j\u2019avais un peu cette appr\u00e9hension. Bien s\u00fbr, je suis rest\u00e9 dans mes standards. Je n\u2019ai pas non plus trop tent\u00e9 parce que j\u2019ai envie de rester. J\u2019apprends d\u00e9j\u00e0 le plan de jeu du club, mis en place par\u00a0Karim Ghezal et Alan-Basson Zondagh. J\u2019ai pu tenter, donc, mais j\u2019ai aussi pu voir beaucoup de co\u00e9quipiers faire de m\u00eame et ne pas se faire, on va dire, \u00ab\u00a0engueuler\u00a0\u00bb. Je pense donc que c\u2019est\u00a0ce que va pr\u00f4ner Karim pendant cette saison. Nous sommes une \u00e9quipe, je pense, bourr\u00e9e de qualit\u00e9s, que ce soit individuelle ou collective, avec des joueurs ayant beaucoup de facilit\u00e9 technique. Je crois\u00a0qu\u2019on peut se permettre de tenter des choses tout en restant dans le cadre du plan de jeu.<\/p>\n<p>        <img decoding=\"async\" class=\"std-img__img responsive-img\" src=\"https:\/\/www.europesays.com\/fr\/wp-content\/uploads\/2025\/08\/1756234573_843_image.jpg\" alt=\"Lorre port\u00e9 en triomphe \u00e0 son d\u00e9part de B\u00e9ziers.\"\/><\/p>\n<p>                Lorre port\u00e9 en triomphe \u00e0 son d\u00e9part de B\u00e9ziers.<br \/>\n                                    Icon Sport &#8211; Alexandre Dimou<\/p>\n<p><strong>Quelles sont vos attentes pour votre d\u00e9couverte du Top 14\u00a0?<\/strong><\/p>\n<p>Elles sont claires pour tous les joueurs qui arrivent \u00e0 passer de Pro D2 \u00e0 Top 14\u00a0: c\u2019est r\u00e9ussir \u00e0 s\u2019imposer et avoir le plus de temps de jeu possible.\u00a0Cela va \u00eatre de performer collectivement et ensuite individuellement pour pouvoir rester dans les standards du\u00a0Top 14 et ne pas redescendre en Pro D2 aussi rapidement que certains joueurs. Je n\u2019ai pas envie de me d\u00e9cevoir ainsi que\u00a0tous les gens qui m\u2019ont fait confiance pendant ces ann\u00e9es o\u00f9 j\u2019\u00e9tais \u00e0 B\u00e9ziers. J\u2019ai un exemple qui est tr\u00e8s, tr\u00e8s proche de moi. Raffaele\u00a0Costa Storti a, lui aussi, fait ce passage-l\u00e0 l\u2019\u00e9t\u00e9 dernier en partant de B\u00e9ziers pour le Stade fran\u00e7ais. Il a quitt\u00e9 la Pro D2 en star, je pense qu\u2019il \u00e9tait dans le top 3 des meilleurs joueurs de la division. Il a fini\u00a0six mois apr\u00e8s\u00a0dans le flop des recrues du Top 14\u2026 Je sais tr\u00e8s bien que \u00e7a va tr\u00e8s vite. Il va falloir faire attention.<\/p>\n<p><strong>Avez-vous \u00e9chang\u00e9\u00a0de cela ensemble\u00a0?<\/strong><\/p>\n<p>C\u2019est une discussion que j\u2019ai envie d\u2019avoir avec lui. J\u2019attends qu\u2019il termine sa p\u00e9riode de convalescence. On va se planifier un coup de t\u00e9l\u00e9phone. J\u2019\u00e9change beaucoup avec Raf&rsquo; sur son arriv\u00e9e \u00e0 Grenoble et cette ann\u00e9e un peu compliqu\u00e9 qu\u2019il a eue \u00e0 Paris.\u00a0Je vais beaucoup parler avec lui pour essayer de ne pas faire les m\u00eames erreurs que lui.<\/p>\n<p class=\"std-elt__inline\">\n        <strong>\u00c0 lire aussi :<\/strong><br \/>\n        <a href=\"https:\/\/www.rugbyrama.fr\/2025\/08\/21\/top-14-aucune-pression-a-lidee-dincarner-la-releve-davit-niniashvili-est-pret-a-entamer-sa-nouvelle-histoire-avec-la-rochelle-12886333.php\" rel=\"nofollow noopener\" target=\"_blank\">Top 14 \u2013 \u00ab\u00a0Aucune pression \u00e0 l\u2019id\u00e9e d\u2019incarner la rel\u00e8ve\u00a0\u00bb\u00a0: Davit Niniashvili est pr\u00eat \u00e0 entamer sa nouvelle histoire avec La\u00a0Rochelle<\/a>\n    <\/p>\n<p><strong>Beaucoup vous voient comme le successeur de Davit Niniashvili parti \u00e0 La\u00a0Rochelle \u00e0 l\u2019intersaison. Comment vivez-vous cela\u00a0?<\/strong><\/p>\n<p>Normalement\u00a0! Tout le monde l\u2019appelle \u00ab\u00a0Nini\u00a0\u00bb dans le vestiaire\u00a0parce que c\u2019est quelqu\u2019un qui \u00e9tait l\u00e0 depuis pas mal d\u2019ann\u00e9es. Il a contribu\u00e9 \u00e0 beaucoup de succ\u00e8s au Lou, il a fait des choses extraordinaires. F\u00e9licitations \u00e0 lui\u00a0d\u2019avoir sign\u00e9 aussi dans un club comme La\u00a0Rochelle. C\u2019est un joueur avec beaucoup de qualit\u00e9s, que je respecte. Je sais tr\u00e8s bien que changer ou remplacer ce nom ne sera pas\u00a0mon but. Je vais me concentrer sur mon jeu et tout simplement devenir le Gabin Lorre de Lyon. Je n\u2019ai pas envie de devenir le rempla\u00e7ant de ou le successeur de.\u00a0J\u2019ai juste envie d\u2019\u00e9crire ma page au club.<\/p>\n<p><strong>Vous allez fouler la pelouse de Gerland (NDLR d\u00e9sormais le Matmut Stadium), longtemps antre des footballeurs de l\u2019Olympique lyonnais. Est-ce sp\u00e9cial en tant que fan de l\u2019Olympique de Marseille\u00a0?<\/strong><\/p>\n<p>\u00c7a ne me fait pas grand-chose parce que je ne suis pas le seul supporter de l\u2019OM dans le vestiaire. Plusieurs de mes co\u00e9quipiers \u00e9taient au V\u00e9lodrome ce week-end. On se chambre entre fans lyonnais et marseillais.\u00a0\u00c7a va \u00eatre sympa quand il va y avoir des Olimpico (NDLR d\u00e8s ce dimanche\u00a0!) de mettre des pi\u00e8ces si jamais l\u2019OM gagne les deux rencontres comme la saison derni\u00e8re. \u00catre \u00e0 Lyon, cela me permettra potentiellement d\u2019aller au Groupama Stadium voir des d\u00e9faites de l\u2019OL\u2026 Je rigole car je n\u2019ai pas du tout une haine envers ce club.\u00a0Au contraire, \u00e9voluer \u00e0 Gerland c\u2019est un honneur parce que c\u2019est un antre mythique du sport fran\u00e7ais\u00a0! Un souvenir de foot dans ce stade\u00a0? Je\u00a0n\u2019ai pas oubli\u00e9 le 5-5 de 2009\u00a0!<\/p>\n","protected":false},"excerpt":{"rendered":"Apr\u00e8s deux saisons prolifiques dans son club formateur de B\u00e9ziers (30 essais en 52 matchs), Gabin Lorre s\u2019appr\u00eate&hellip;\n","protected":false},"author":2,"featured_media":345847,"comment_status":"","ping_status":"","sticky":false,"template":"","format":"standard","meta":{"footnotes":""},"categories":[1889],"tags":[1111,11,2430,1777,674,1011,27,2428,12,25],"class_list":{"0":"post-345846","1":"post","2":"type-post","3":"status-publish","4":"format-standard","5":"has-post-thumbnail","7":"category-lyon","8":"tag-actu","9":"tag-actualites","10":"tag-auvergne-rhone-alpes","11":"tag-eu","12":"tag-europe","13":"tag-fr","14":"tag-france","15":"tag-lyon","16":"tag-news","17":"tag-republique-francaise"},"share_on_mastodon":{"url":"https:\/\/pubeurope.com\/@fr\/115096596528488548","error":""},"_links":{"self":[{"href":"https:\/\/www.europesays.com\/fr\/wp-json\/wp\/v2\/posts\/345846","targetHints":{"allow":["GET"]}}],"collection":[{"href":"https:\/\/www.europesays.com\/fr\/wp-json\/wp\/v2\/posts"}],"about":[{"href":"https:\/\/www.europesays.com\/fr\/wp-json\/wp\/v2\/types\/post"}],"author":[{"embeddable":true,"href":"https:\/\/www.europesays.com\/fr\/wp-json\/wp\/v2\/users\/2"}],"replies":[{"embeddable":true,"href":"https:\/\/www.europesays.com\/fr\/wp-json\/wp\/v2\/comments?post=345846"}],"version-history":[{"count":0,"href":"https:\/\/www.europesays.com\/fr\/wp-json\/wp\/v2\/posts\/345846\/revisions"}],"wp:featuredmedia":[{"embeddable":true,"href":"https:\/\/www.europesays.com\/fr\/wp-json\/wp\/v2\/media\/345847"}],"wp:attachment":[{"href":"https:\/\/www.europesays.com\/fr\/wp-json\/wp\/v2\/media?parent=345846"}],"wp:term":[{"taxonomy":"category","embeddable":true,"href":"https:\/\/www.europesays.com\/fr\/wp-json\/wp\/v2\/categories?post=345846"},{"taxonomy":"post_tag","embeddable":true,"href":"https:\/\/www.europesays.com\/fr\/wp-json\/wp\/v2\/tags?post=345846"}],"curies":[{"name":"wp","href":"https:\/\/api.w.org\/{rel}","templated":true}]}}